{"id":12077,"date":"2025-07-14T18:25:26","date_gmt":"2025-07-14T18:25:26","guid":{"rendered":"https:\/\/alcaldiaalbertoadriani.com\/?p=12077"},"modified":"2025-07-14T18:25:31","modified_gmt":"2025-07-14T18:25:31","slug":"alcalde-lisandro-segura-atiende-planteamientos-de-comunidades","status":"publish","type":"post","link":"https:\/\/alcaldiaalbertoadriani.com\/?p=12077","title":{"rendered":"Alcalde Lisandro Segura atiende planteamientos de comunidades en la parroquia H\u00e9ctor Amable Mora"},"content":{"rendered":"\n<p><\/p>\n\n\n\n<p>El alcalde <a href=\"https:\/\/www.instagram.com\/lisandrosegura02\/?hl=es\" target=\"_blank\" rel=\"noreferrer noopener\">Lisandro Segura<\/a> realiz\u00f3 una visita por los sectores El Guayabal y Quebrada Blanca ubicados en la <a href=\"https:\/\/alcaldiaalbertoadriani.com\/?p=3904\" target=\"_blank\" rel=\"noreferrer noopener\">parroquia H\u00e9ctor Amable Mora<\/a>, con el objetivo de escuchar las inquietudes de los vecinos y abordar las problem\u00e1ticas m\u00e1s apremiantes. Le acompa\u00f1\u00f3 en el recorrido la dirigente social de la parroquia, Kellys Contreras.<\/p>\n\n\n\n<p>En el sector El Guayabal, los residentes resaltaron su preocupaci\u00f3n por el colapso del sistema de cloacas, por lo que se comprometi\u00f3 en enviar a especialistas de la gerencia de Ingenier\u00eda y Planeamiento Urbano Local (<a href=\"https:\/\/alcaldiaalbertoadriani.com\/?p=6135\" target=\"_blank\" rel=\"noreferrer noopener\">Gipul<\/a>) para evaluar la situaci\u00f3n y determinar las acciones necesarias de acuerdo a las capacidades y pertinencia del gobierno municipal.<\/p>\n\n\n\n<p>Posteriormente, en el <a href=\"https:\/\/alcaldiaalbertoadriani.com\/?p=8187\" target=\"_blank\" rel=\"noreferrer noopener\">sector Quebrada Blanca<\/a>, el alcalde sostuvo una asamblea de ciudadanos donde los vecinos destacaron mejoras a la vialidad rural y drenajes.<\/p>\n\n\n\n<p>En este sentido, anunci\u00f3 el env\u00edo de cemento para que la comunidad de la parte alta, continu\u00e9 la construcci\u00f3n de carrileras que permita el mejoramiento de la v\u00eda agr\u00edcola.<\/p>\n\n\n\n<p>Adem\u00e1s, el alcalde y candidato a la reelecci\u00f3n, <a href=\"https:\/\/www.instagram.com\/lisandrosegura02\/?hl=es\" target=\"_blank\" rel=\"noreferrer noopener\">Lisandro Segura<\/a>, aprovech\u00f3 la oportunidad para destacar los logros de su gesti\u00f3n en Quebrada Blanca y otros sectores, subrayando los avances progresivos en la recuperaci\u00f3n del municipio Alberto Adriani.<\/p>\n\n\n\n<p>Asimismo, recorri\u00f3 la parte baja de Quebrada Blanca en donde el alcalde, junto con la ingeniero municipal constataron la necesidad de drenajes y mejoras en la v\u00eda.<\/p>\n\n\n\n<p>En este contexto, resalt\u00f3 que las respuestas se implementar\u00e1n de manera progresiva de acuerdo con las capacidades del gobierno local. <strong><em>Prensa Alcald\u00eda Alberto Adriani\/ Claribel Zambrano CNP: 11.843\/ Fotos: C.Z.<\/em><\/strong><\/p>\n","protected":false},"excerpt":{"rendered":"<p>El alcalde Lisandro Segura realiz\u00f3 una visita por los sectores El Guayabal y Quebrada Blanca ubicados en la parroquia H\u00e9ctor Amable Mora, con el objetivo de escuchar las inquietudes de [&hellip;]<\/p>\n","protected":false},"author":2,"featured_media":12078,"comment_status":"open","ping_status":"closed","sticky":false,"template":"","format":"standard","meta":{"_et_pb_use_builder":"off","_et_pb_old_content":"","_et_gb_content_width":"","footnotes":""},"categories":[341,25],"tags":[31,12,761,30,29,28],"class_list":["post-12077","post","type-post","status-publish","format-standard","has-post-thumbnail","hentry","category-alcaldia-alberto-adriani","category-nuestro-municipio","tag-alcalde","tag-alcaldiaalbertoadriani","tag-encrucijadadeprogreso","tag-lisandrosegura","tag-municipioquenosmerecemos","tag-porelrenacer"],"yoast_head":"<!-- This site is optimized with the Yoast SEO plugin v19.13 - https:\/\/yoast.com\/wordpress\/plugins\/seo\/ -->\n<title>Alcalde Lisandro Segura atiende planteamientos de comunidades<\/title>\n<meta name=\"description\" content=\"Alcalde Lisandro Segura atiende planteamientos de comunidades en la parroquia H\u00e9ctor Amable Mora con el objetivo de escuchar\" \/>\n<meta name=\"robots\" content=\"index, follow, max-snippet:-1, max-image-preview:large, max-video-preview:-1\" \/>\n<link rel=\"canonical\" href=\"https:\/\/alcaldiaalbertoadriani.com\/?p=12077\" \/>\n<meta property=\"og:locale\" content=\"es_ES\" \/>\n<meta property=\"og:type\" content=\"article\" \/>\n<meta property=\"og:title\" content=\"Alcalde Lisandro Segura atiende planteamientos de comunidades\" \/>\n<meta property=\"og:description\" content=\"Alcalde Lisandro Segura atiende planteamientos de comunidades en la parroquia H\u00e9ctor Amable Mora con el objetivo de escuchar\" \/>\n<meta property=\"og:url\" content=\"https:\/\/alcaldiaalbertoadriani.com\/?p=12077\" \/>\n<meta property=\"og:site_name\" content=\"Alcaldia Alberto Adriani\" \/>\n<meta property=\"article:published_time\" content=\"2025-07-14T18:25:26+00:00\" \/>\n<meta property=\"article:modified_time\" content=\"2025-07-14T18:25:31+00:00\" \/>\n<meta property=\"og:image\" content=\"https:\/\/alcaldiaalbertoadriani.com\/wp-content\/uploads\/2025\/07\/5163671483438968447.jpg\" \/>\n\t<meta property=\"og:image:width\" content=\"1280\" \/>\n\t<meta property=\"og:image:height\" content=\"960\" \/>\n\t<meta property=\"og:image:type\" content=\"image\/jpeg\" \/>\n<meta name=\"author\" content=\"Prensa\" \/>\n<meta name=\"twitter:card\" content=\"summary_large_image\" \/>\n<meta name=\"twitter:label1\" content=\"Escrito por\" \/>\n\t<meta name=\"twitter:data1\" content=\"Prensa\" \/>\n\t<meta name=\"twitter:label2\" content=\"Tiempo de lectura\" \/>\n\t<meta name=\"twitter:data2\" content=\"2 minutos\" \/>\n<script type=\"application\/ld+json\" class=\"yoast-schema-graph\">{\"@context\":\"https:\/\/schema.org\",\"@graph\":[{\"@type\":\"WebPage\",\"@id\":\"https:\/\/alcaldiaalbertoadriani.com\/?p=12077\",\"url\":\"https:\/\/alcaldiaalbertoadriani.com\/?p=12077\",\"name\":\"Alcalde Lisandro Segura atiende planteamientos de comunidades\",\"isPartOf\":{\"@id\":\"https:\/\/alcaldiaalbertoadriani.com\/#website\"},\"datePublished\":\"2025-07-14T18:25:26+00:00\",\"dateModified\":\"2025-07-14T18:25:31+00:00\",\"author\":{\"@id\":\"https:\/\/alcaldiaalbertoadriani.com\/#\/schema\/person\/549b4483ff8999ac780deeea78795fc9\"},\"description\":\"Alcalde Lisandro Segura atiende planteamientos de comunidades en la parroquia H\u00e9ctor Amable Mora con el objetivo de escuchar\",\"breadcrumb\":{\"@id\":\"https:\/\/alcaldiaalbertoadriani.com\/?p=12077#breadcrumb\"},\"inLanguage\":\"es\",\"potentialAction\":[{\"@type\":\"ReadAction\",\"target\":[\"https:\/\/alcaldiaalbertoadriani.com\/?p=12077\"]}]},{\"@type\":\"BreadcrumbList\",\"@id\":\"https:\/\/alcaldiaalbertoadriani.com\/?p=12077#breadcrumb\",\"itemListElement\":[{\"@type\":\"ListItem\",\"position\":1,\"name\":\"Portada\",\"item\":\"https:\/\/alcaldiaalbertoadriani.com\/\"},{\"@type\":\"ListItem\",\"position\":2,\"name\":\"Alcalde Lisandro Segura atiende planteamientos de comunidades en la parroquia H\u00e9ctor Amable Mora\"}]},{\"@type\":\"WebSite\",\"@id\":\"https:\/\/alcaldiaalbertoadriani.com\/#website\",\"url\":\"https:\/\/alcaldiaalbertoadriani.com\/\",\"name\":\"Alcaldia Alberto Adriani\",\"description\":\"\",\"potentialAction\":[{\"@type\":\"SearchAction\",\"target\":{\"@type\":\"EntryPoint\",\"urlTemplate\":\"https:\/\/alcaldiaalbertoadriani.com\/?s={search_term_string}\"},\"query-input\":\"required name=search_term_string\"}],\"inLanguage\":\"es\"},{\"@type\":\"Person\",\"@id\":\"https:\/\/alcaldiaalbertoadriani.com\/#\/schema\/person\/549b4483ff8999ac780deeea78795fc9\",\"name\":\"Prensa\",\"image\":{\"@type\":\"ImageObject\",\"inLanguage\":\"es\",\"@id\":\"https:\/\/alcaldiaalbertoadriani.com\/#\/schema\/person\/image\/\",\"url\":\"https:\/\/secure.gravatar.com\/avatar\/ea1cb567ea992a29627f4eee1c2eb185ec16decec6342d508fdf18dedb56c9de?s=96&d=mm&r=g\",\"contentUrl\":\"https:\/\/secure.gravatar.com\/avatar\/ea1cb567ea992a29627f4eee1c2eb185ec16decec6342d508fdf18dedb56c9de?s=96&d=mm&r=g\",\"caption\":\"Prensa\"},\"url\":\"https:\/\/alcaldiaalbertoadriani.com\/?author=2\"}]}<\/script>\n<!-- \/ Yoast SEO plugin. -->","yoast_head_json":{"title":"Alcalde Lisandro Segura atiende planteamientos de comunidades","description":"Alcalde Lisandro Segura atiende planteamientos de comunidades en la parroquia H\u00e9ctor Amable Mora con el objetivo de escuchar","robots":{"index":"index","follow":"follow","max-snippet":"max-snippet:-1","max-image-preview":"max-image-preview:large","max-video-preview":"max-video-preview:-1"},"canonical":"https:\/\/alcaldiaalbertoadriani.com\/?p=12077","og_locale":"es_ES","og_type":"article","og_title":"Alcalde Lisandro Segura atiende planteamientos de comunidades","og_description":"Alcalde Lisandro Segura atiende planteamientos de comunidades en la parroquia H\u00e9ctor Amable Mora con el objetivo de escuchar","og_url":"https:\/\/alcaldiaalbertoadriani.com\/?p=12077","og_site_name":"Alcaldia Alberto Adriani","article_published_time":"2025-07-14T18:25:26+00:00","article_modified_time":"2025-07-14T18:25:31+00:00","og_image":[{"width":1280,"height":960,"url":"https:\/\/alcaldiaalbertoadriani.com\/wp-content\/uploads\/2025\/07\/5163671483438968447.jpg","type":"image\/jpeg"}],"author":"Prensa","twitter_card":"summary_large_image","twitter_misc":{"Escrito por":"Prensa","Tiempo de lectura":"2 minutos"},"schema":{"@context":"https:\/\/schema.org","@graph":[{"@type":"WebPage","@id":"https:\/\/alcaldiaalbertoadriani.com\/?p=12077","url":"https:\/\/alcaldiaalbertoadriani.com\/?p=12077","name":"Alcalde Lisandro Segura atiende planteamientos de comunidades","isPartOf":{"@id":"https:\/\/alcaldiaalbertoadriani.com\/#website"},"datePublished":"2025-07-14T18:25:26+00:00","dateModified":"2025-07-14T18:25:31+00:00","author":{"@id":"https:\/\/alcaldiaalbertoadriani.com\/#\/schema\/person\/549b4483ff8999ac780deeea78795fc9"},"description":"Alcalde Lisandro Segura atiende planteamientos de comunidades en la parroquia H\u00e9ctor Amable Mora con el objetivo de escuchar","breadcrumb":{"@id":"https:\/\/alcaldiaalbertoadriani.com\/?p=12077#breadcrumb"},"inLanguage":"es","potentialAction":[{"@type":"ReadAction","target":["https:\/\/alcaldiaalbertoadriani.com\/?p=12077"]}]},{"@type":"BreadcrumbList","@id":"https:\/\/alcaldiaalbertoadriani.com\/?p=12077#breadcrumb","itemListElement":[{"@type":"ListItem","position":1,"name":"Portada","item":"https:\/\/alcaldiaalbertoadriani.com\/"},{"@type":"ListItem","position":2,"name":"Alcalde Lisandro Segura atiende planteamientos de comunidades en la parroquia H\u00e9ctor Amable Mora"}]},{"@type":"WebSite","@id":"https:\/\/alcaldiaalbertoadriani.com\/#website","url":"https:\/\/alcaldiaalbertoadriani.com\/","name":"Alcaldia Alberto Adriani","description":"","potentialAction":[{"@type":"SearchAction","target":{"@type":"EntryPoint","urlTemplate":"https:\/\/alcaldiaalbertoadriani.com\/?s={search_term_string}"},"query-input":"required name=search_term_string"}],"inLanguage":"es"},{"@type":"Person","@id":"https:\/\/alcaldiaalbertoadriani.com\/#\/schema\/person\/549b4483ff8999ac780deeea78795fc9","name":"Prensa","image":{"@type":"ImageObject","inLanguage":"es","@id":"https:\/\/alcaldiaalbertoadriani.com\/#\/schema\/person\/image\/","url":"https:\/\/secure.gravatar.com\/avatar\/ea1cb567ea992a29627f4eee1c2eb185ec16decec6342d508fdf18dedb56c9de?s=96&d=mm&r=g","contentUrl":"https:\/\/secure.gravatar.com\/avatar\/ea1cb567ea992a29627f4eee1c2eb185ec16decec6342d508fdf18dedb56c9de?s=96&d=mm&r=g","caption":"Prensa"},"url":"https:\/\/alcaldiaalbertoadriani.com\/?author=2"}]}},"_links":{"self":[{"href":"https:\/\/alcaldiaalbertoadriani.com\/index.php?rest_route=\/wp\/v2\/posts\/12077","targetHints":{"allow":["GET"]}}],"collection":[{"href":"https:\/\/alcaldiaalbertoadriani.com\/index.php?rest_route=\/wp\/v2\/posts"}],"about":[{"href":"https:\/\/alcaldiaalbertoadriani.com\/index.php?rest_route=\/wp\/v2\/types\/post"}],"author":[{"embeddable":true,"href":"https:\/\/alcaldiaalbertoadriani.com\/index.php?rest_route=\/wp\/v2\/users\/2"}],"replies":[{"embeddable":true,"href":"https:\/\/alcaldiaalbertoadriani.com\/index.php?rest_route=%2Fwp%2Fv2%2Fcomments&post=12077"}],"version-history":[{"count":1,"href":"https:\/\/alcaldiaalbertoadriani.com\/index.php?rest_route=\/wp\/v2\/posts\/12077\/revisions"}],"predecessor-version":[{"id":12079,"href":"https:\/\/alcaldiaalbertoadriani.com\/index.php?rest_route=\/wp\/v2\/posts\/12077\/revisions\/12079"}],"wp:featuredmedia":[{"embeddable":true,"href":"https:\/\/alcaldiaalbertoadriani.com\/index.php?rest_route=\/wp\/v2\/media\/12078"}],"wp:attachment":[{"href":"https:\/\/alcaldiaalbertoadriani.com\/index.php?rest_route=%2Fwp%2Fv2%2Fmedia&parent=12077"}],"wp:term":[{"taxonomy":"category","embeddable":true,"href":"https:\/\/alcaldiaalbertoadriani.com\/index.php?rest_route=%2Fwp%2Fv2%2Fcategories&post=12077"},{"taxonomy":"post_tag","embeddable":true,"href":"https:\/\/alcaldiaalbertoadriani.com\/index.php?rest_route=%2Fwp%2Fv2%2Ftags&post=12077"}],"curies":[{"name":"wp","href":"https:\/\/api.w.org\/{rel}","templated":true}]}}