{"id":12016,"date":"2025-07-10T14:30:00","date_gmt":"2025-07-10T14:30:00","guid":{"rendered":"https:\/\/alcaldiaalbertoadriani.com\/?p=12016"},"modified":"2025-07-10T14:30:12","modified_gmt":"2025-07-10T14:30:12","slug":"lisandro-segura-inauguro-salas-sanitarias-y-camerinos","status":"publish","type":"post","link":"https:\/\/alcaldiaalbertoadriani.com\/?p=12016","title":{"rendered":"Lisandro Segura inaugur\u00f3 salas sanitarias y camerinos en la cancha deportiva Negra Mach\u00e9"},"content":{"rendered":"\n<p><\/p>\n\n\n\n<p>El gobierno del alcalde <a href=\"https:\/\/www.instagram.com\/lisandrosegura02\/?hl=es-es\" target=\"_blank\" rel=\"noreferrer noopener\">Lisandro Segura<\/a> entreg\u00f3 una importante obra como son las <a href=\"https:\/\/alcaldiaalbertoadriani.com\/?p=9748\" target=\"_blank\" rel=\"noreferrer noopener\">salas sanitarias y camerinos de la cancha<\/a> de usos m\u00faltiples Negra Mach\u00e9 en el sector La Inmaculada de El Vig\u00eda. La inauguraci\u00f3n se realiz\u00f3 este domingo, a prop\u00f3sito de celebrarse las finales del torneo \u201cCopa Ciudad El Vig\u00eda 2025\u201d correspondiente a la Liga de Desarrollo Alberto Adriani, consolidando un compromiso asumido con la comunidad deportiva.<\/p>\n\n\n\n<figure class=\"wp-block-gallery has-nested-images columns-default is-cropped wp-block-gallery-1 is-layout-flex wp-block-gallery-is-layout-flex\">\n<figure class=\"wp-block-image size-large\"><img loading=\"lazy\" decoding=\"async\" width=\"1024\" height=\"768\" data-id=\"12018\" src=\"https:\/\/alcaldiaalbertoadriani.com\/wp-content\/uploads\/2025\/07\/photo_5143202395155706043_y-1024x768.jpg\" alt=\"\" class=\"wp-image-12018\" srcset=\"https:\/\/alcaldiaalbertoadriani.com\/wp-content\/uploads\/2025\/07\/photo_5143202395155706043_y-1024x768.jpg 1024w, https:\/\/alcaldiaalbertoadriani.com\/wp-content\/uploads\/2025\/07\/photo_5143202395155706043_y-980x735.jpg 980w, https:\/\/alcaldiaalbertoadriani.com\/wp-content\/uploads\/2025\/07\/photo_5143202395155706043_y-480x360.jpg 480w\" sizes=\"auto, (min-width: 0px) and (max-width: 480px) 480px, (min-width: 481px) and (max-width: 980px) 980px, (min-width: 981px) 1024px, 100vw\" \/><\/figure>\n<\/figure>\n\n\n\n<p>La actividad la encabez\u00f3 el alcalde <a href=\"https:\/\/www.instagram.com\/lisandrosegura02\/?hl=es-es\" target=\"_blank\" rel=\"noreferrer noopener\">Lisandro Segura<\/a> junto con Ricardo Romero, presidente del Instituto Municipal del Deporte y Recreaci\u00f3n \u2013<a href=\"https:\/\/alcaldiaalbertoadriani.com\/?p=11301\" target=\"_blank\" rel=\"noreferrer noopener\">Imdraa<\/a>-, as\u00ed como Wilson Dur\u00e1n, presidente de la Liga y Javier Hern\u00e1ndez, comisionado de las Ligas de Desarrollo de la Asociaci\u00f3n de F\u00fatbol del estado M\u00e9rida \u2013Afem-.<\/p>\n\n\n\n<figure class=\"wp-block-gallery has-nested-images columns-default is-cropped wp-block-gallery-2 is-layout-flex wp-block-gallery-is-layout-flex\">\n<figure class=\"wp-block-image size-large\"><img loading=\"lazy\" decoding=\"async\" width=\"1024\" height=\"768\" data-id=\"12019\" src=\"https:\/\/alcaldiaalbertoadriani.com\/wp-content\/uploads\/2025\/07\/photo_5143202395155706047_y-1024x768.jpg\" alt=\"\" class=\"wp-image-12019\" srcset=\"https:\/\/alcaldiaalbertoadriani.com\/wp-content\/uploads\/2025\/07\/photo_5143202395155706047_y-1024x768.jpg 1024w, https:\/\/alcaldiaalbertoadriani.com\/wp-content\/uploads\/2025\/07\/photo_5143202395155706047_y-980x735.jpg 980w, https:\/\/alcaldiaalbertoadriani.com\/wp-content\/uploads\/2025\/07\/photo_5143202395155706047_y-480x360.jpg 480w\" sizes=\"auto, (min-width: 0px) and (max-width: 480px) 480px, (min-width: 481px) and (max-width: 980px) 980px, (min-width: 981px) 1024px, 100vw\" \/><\/figure>\n<\/figure>\n\n\n\n<p>&#8220;Es importante recordar que para las finales del torneo, asumimos el compromiso que estar\u00edamos entregando las salas sanitarias y camerinos de la cancha deportiva la Negra Mach\u00e9, y hemos cumplido. Ahora, los deportistas y el p\u00fablico en general podr\u00e1n contar con estos servicios necesarios, pues era penoso ver d\u00f3nde las personas hac\u00edan sus necesidades fisiol\u00f3gicas\u201d, acentu\u00f3 <a href=\"https:\/\/www.instagram.com\/lisandrosegura02\/?hl=es-es\" target=\"_blank\" rel=\"noreferrer noopener\">Lisandro Segura<\/a>.<\/p>\n\n\n\n<p>Indic\u00f3 el alcalde que dichas labores estuvieron a cargo del personal de la Gerencia de Ingenier\u00eda y Planeamiento Urbano Local\u2013<a href=\"https:\/\/alcaldiaalbertoadriani.com\/?p=6135\" target=\"_blank\" rel=\"noreferrer noopener\">Gipul<\/a>-, en respuesta a los planteamientos hechos por la comunidad ante su gesti\u00f3n. Esta obra, estar\u00e1 a disposici\u00f3n de los equipos que practican y hacen sus torneos deportivos en la cancha, as\u00ed como para el p\u00fablico en general presente en las diversas actividades del lugar.<\/p>\n\n\n\n<figure class=\"wp-block-gallery has-nested-images columns-default is-cropped wp-block-gallery-3 is-layout-flex wp-block-gallery-is-layout-flex\">\n<figure class=\"wp-block-image size-large\"><img loading=\"lazy\" decoding=\"async\" width=\"1024\" height=\"768\" data-id=\"12020\" src=\"https:\/\/alcaldiaalbertoadriani.com\/wp-content\/uploads\/2025\/07\/photo_5143202395155706044_y-1024x768.jpg\" alt=\"\" class=\"wp-image-12020\" srcset=\"https:\/\/alcaldiaalbertoadriani.com\/wp-content\/uploads\/2025\/07\/photo_5143202395155706044_y-1024x768.jpg 1024w, https:\/\/alcaldiaalbertoadriani.com\/wp-content\/uploads\/2025\/07\/photo_5143202395155706044_y-980x735.jpg 980w, https:\/\/alcaldiaalbertoadriani.com\/wp-content\/uploads\/2025\/07\/photo_5143202395155706044_y-480x360.jpg 480w\" sizes=\"auto, (min-width: 0px) and (max-width: 480px) 480px, (min-width: 481px) and (max-width: 980px) 980px, (min-width: 981px) 1024px, 100vw\" \/><\/figure>\n<\/figure>\n\n\n\n<p>Segura record\u00f3 que en su per\u00edodo como concejal, le correspondi\u00f3 hacer la losa de la Negra Mach\u00e9. \u201cLuego, reivindicamos a siete familias que estaban damnificadas en esta cancha y que imped\u00edan el desarrollo del espacio deportivo, logrando reubicarlas en viviendas dignas durante la gesti\u00f3n del gobernador William D\u00e1vila Barrios&#8221;, rememor\u00f3.<\/p>\n\n\n\n<p>Para concluir, <a href=\"https:\/\/www.instagram.com\/lisandrosegura02\/?hl=es-es\" target=\"_blank\" rel=\"noreferrer noopener\">Lisandro Segura<\/a>, entreg\u00f3 un merecido certificado de reconocimiento a Denis \u201cCapino\u201d Vivas, el mismo fue recibido por una de sus hijas. Este homenaje fue por m\u00e1s de sus 15 a\u00f1os de dedicaci\u00f3n, compromiso y cuidado de la cancha. <strong><em>Prensa Alcald\u00eda Alberto Adriani\/Edgar Mendoza CNP 25.736\/Fotos: E\/M.<\/em><\/strong><\/p>\n\n\n\n<figure class=\"wp-block-gallery has-nested-images columns-default is-cropped wp-block-gallery-4 is-layout-flex wp-block-gallery-is-layout-flex\">\n<figure class=\"wp-block-image size-large\"><img loading=\"lazy\" decoding=\"async\" width=\"1024\" height=\"768\" data-id=\"12023\" src=\"https:\/\/alcaldiaalbertoadriani.com\/wp-content\/uploads\/2025\/07\/photo_5143202395155706045_y-1024x768.jpg\" alt=\"\" class=\"wp-image-12023\" srcset=\"https:\/\/alcaldiaalbertoadriani.com\/wp-content\/uploads\/2025\/07\/photo_5143202395155706045_y-1024x768.jpg 1024w, https:\/\/alcaldiaalbertoadriani.com\/wp-content\/uploads\/2025\/07\/photo_5143202395155706045_y-980x735.jpg 980w, https:\/\/alcaldiaalbertoadriani.com\/wp-content\/uploads\/2025\/07\/photo_5143202395155706045_y-480x360.jpg 480w\" sizes=\"auto, (min-width: 0px) and (max-width: 480px) 480px, (min-width: 481px) and (max-width: 980px) 980px, (min-width: 981px) 1024px, 100vw\" \/><\/figure>\n\n\n\n<figure class=\"wp-block-image size-large\"><img loading=\"lazy\" decoding=\"async\" width=\"1024\" height=\"768\" data-id=\"12022\" src=\"https:\/\/alcaldiaalbertoadriani.com\/wp-content\/uploads\/2025\/07\/photo_5143202395155706046_y-1024x768.jpg\" alt=\"\" class=\"wp-image-12022\" srcset=\"https:\/\/alcaldiaalbertoadriani.com\/wp-content\/uploads\/2025\/07\/photo_5143202395155706046_y-1024x768.jpg 1024w, https:\/\/alcaldiaalbertoadriani.com\/wp-content\/uploads\/2025\/07\/photo_5143202395155706046_y-980x735.jpg 980w, https:\/\/alcaldiaalbertoadriani.com\/wp-content\/uploads\/2025\/07\/photo_5143202395155706046_y-480x360.jpg 480w\" sizes=\"auto, (min-width: 0px) and (max-width: 480px) 480px, (min-width: 481px) and (max-width: 980px) 980px, (min-width: 981px) 1024px, 100vw\" \/><\/figure>\n\n\n\n<figure class=\"wp-block-image size-large\"><img loading=\"lazy\" decoding=\"async\" width=\"1024\" height=\"768\" data-id=\"12024\" src=\"https:\/\/alcaldiaalbertoadriani.com\/wp-content\/uploads\/2025\/07\/photo_5143202395155706048_y-1024x768.jpg\" alt=\"\" class=\"wp-image-12024\" srcset=\"https:\/\/alcaldiaalbertoadriani.com\/wp-content\/uploads\/2025\/07\/photo_5143202395155706048_y-1024x768.jpg 1024w, https:\/\/alcaldiaalbertoadriani.com\/wp-content\/uploads\/2025\/07\/photo_5143202395155706048_y-980x735.jpg 980w, https:\/\/alcaldiaalbertoadriani.com\/wp-content\/uploads\/2025\/07\/photo_5143202395155706048_y-480x360.jpg 480w\" sizes=\"auto, (min-width: 0px) and (max-width: 480px) 480px, (min-width: 481px) and (max-width: 980px) 980px, (min-width: 981px) 1024px, 100vw\" \/><\/figure>\n\n\n\n<figure class=\"wp-block-image size-large\"><img loading=\"lazy\" decoding=\"async\" width=\"1024\" height=\"768\" data-id=\"12021\" src=\"https:\/\/alcaldiaalbertoadriani.com\/wp-content\/uploads\/2025\/07\/photo_5143552293256408476_y-1024x768.jpg\" alt=\"\" class=\"wp-image-12021\" srcset=\"https:\/\/alcaldiaalbertoadriani.com\/wp-content\/uploads\/2025\/07\/photo_5143552293256408476_y-1024x768.jpg 1024w, https:\/\/alcaldiaalbertoadriani.com\/wp-content\/uploads\/2025\/07\/photo_5143552293256408476_y-980x735.jpg 980w, https:\/\/alcaldiaalbertoadriani.com\/wp-content\/uploads\/2025\/07\/photo_5143552293256408476_y-480x360.jpg 480w\" sizes=\"auto, (min-width: 0px) and (max-width: 480px) 480px, (min-width: 481px) and (max-width: 980px) 980px, (min-width: 981px) 1024px, 100vw\" \/><\/figure>\n<\/figure>\n","protected":false},"excerpt":{"rendered":"<p>El gobierno del alcalde Lisandro Segura entreg\u00f3 una importante obra como son las salas sanitarias y camerinos de la cancha de usos m\u00faltiples Negra Mach\u00e9 en el sector La Inmaculada [&hellip;]<\/p>\n","protected":false},"author":2,"featured_media":12017,"comment_status":"open","ping_status":"closed","sticky":false,"template":"","format":"standard","meta":{"_et_pb_use_builder":"off","_et_pb_old_content":"","_et_gb_content_width":"","footnotes":""},"categories":[341,61,50,25],"tags":[31,11,12,15,761,30,29,28],"class_list":["post-12016","post","type-post","status-publish","format-standard","has-post-thumbnail","hentry","category-alcaldia-alberto-adriani","category-deportes","category-imdraa","category-nuestro-municipio","tag-alcalde","tag-alcaldia","tag-alcaldiaalbertoadriani","tag-elvigia","tag-encrucijadadeprogreso","tag-lisandrosegura","tag-municipioquenosmerecemos","tag-porelrenacer"],"yoast_head":"<!-- This site is optimized with the Yoast SEO plugin v19.13 - https:\/\/yoast.com\/wordpress\/plugins\/seo\/ -->\n<title>Lisandro Segura inaugur\u00f3 salas sanitarias y camerinos<\/title>\n<meta name=\"description\" content=\"Lisandro Segura inaugur\u00f3 salas sanitarias y camerinos en la cancha deportiva Negra Mach\u00e9 ubicada en la Inmaculada\" \/>\n<meta name=\"robots\" content=\"index, follow, max-snippet:-1, max-image-preview:large, max-video-preview:-1\" \/>\n<link rel=\"canonical\" href=\"https:\/\/alcaldiaalbertoadriani.com\/?p=12016\" \/>\n<meta property=\"og:locale\" content=\"es_ES\" \/>\n<meta property=\"og:type\" content=\"article\" \/>\n<meta property=\"og:title\" content=\"Lisandro Segura inaugur\u00f3 salas sanitarias y camerinos\" \/>\n<meta property=\"og:description\" content=\"Lisandro Segura inaugur\u00f3 salas sanitarias y camerinos en la cancha deportiva Negra Mach\u00e9 ubicada en la Inmaculada\" \/>\n<meta property=\"og:url\" content=\"https:\/\/alcaldiaalbertoadriani.com\/?p=12016\" \/>\n<meta property=\"og:site_name\" content=\"Alcaldia Alberto Adriani\" \/>\n<meta property=\"article:published_time\" content=\"2025-07-10T14:30:00+00:00\" \/>\n<meta property=\"article:modified_time\" content=\"2025-07-10T14:30:12+00:00\" \/>\n<meta property=\"og:image\" content=\"https:\/\/alcaldiaalbertoadriani.com\/wp-content\/uploads\/2025\/07\/photo_5143202395155706042_y.jpg\" \/>\n\t<meta property=\"og:image:width\" content=\"1280\" \/>\n\t<meta property=\"og:image:height\" content=\"960\" \/>\n\t<meta property=\"og:image:type\" content=\"image\/jpeg\" \/>\n<meta name=\"author\" content=\"Prensa\" \/>\n<meta name=\"twitter:card\" content=\"summary_large_image\" \/>\n<meta name=\"twitter:label1\" content=\"Escrito por\" \/>\n\t<meta name=\"twitter:data1\" content=\"Prensa\" \/>\n\t<meta name=\"twitter:label2\" content=\"Tiempo de lectura\" \/>\n\t<meta name=\"twitter:data2\" content=\"3 minutos\" \/>\n<script type=\"application\/ld+json\" class=\"yoast-schema-graph\">{\"@context\":\"https:\/\/schema.org\",\"@graph\":[{\"@type\":\"WebPage\",\"@id\":\"https:\/\/alcaldiaalbertoadriani.com\/?p=12016\",\"url\":\"https:\/\/alcaldiaalbertoadriani.com\/?p=12016\",\"name\":\"Lisandro Segura inaugur\u00f3 salas sanitarias y camerinos\",\"isPartOf\":{\"@id\":\"https:\/\/alcaldiaalbertoadriani.com\/#website\"},\"datePublished\":\"2025-07-10T14:30:00+00:00\",\"dateModified\":\"2025-07-10T14:30:12+00:00\",\"author\":{\"@id\":\"https:\/\/alcaldiaalbertoadriani.com\/#\/schema\/person\/549b4483ff8999ac780deeea78795fc9\"},\"description\":\"Lisandro Segura inaugur\u00f3 salas sanitarias y camerinos en la cancha deportiva Negra Mach\u00e9 ubicada en la Inmaculada\",\"breadcrumb\":{\"@id\":\"https:\/\/alcaldiaalbertoadriani.com\/?p=12016#breadcrumb\"},\"inLanguage\":\"es\",\"potentialAction\":[{\"@type\":\"ReadAction\",\"target\":[\"https:\/\/alcaldiaalbertoadriani.com\/?p=12016\"]}]},{\"@type\":\"BreadcrumbList\",\"@id\":\"https:\/\/alcaldiaalbertoadriani.com\/?p=12016#breadcrumb\",\"itemListElement\":[{\"@type\":\"ListItem\",\"position\":1,\"name\":\"Portada\",\"item\":\"https:\/\/alcaldiaalbertoadriani.com\/\"},{\"@type\":\"ListItem\",\"position\":2,\"name\":\"Lisandro Segura inaugur\u00f3 salas sanitarias y camerinos en la cancha deportiva Negra Mach\u00e9\"}]},{\"@type\":\"WebSite\",\"@id\":\"https:\/\/alcaldiaalbertoadriani.com\/#website\",\"url\":\"https:\/\/alcaldiaalbertoadriani.com\/\",\"name\":\"Alcaldia Alberto Adriani\",\"description\":\"\",\"potentialAction\":[{\"@type\":\"SearchAction\",\"target\":{\"@type\":\"EntryPoint\",\"urlTemplate\":\"https:\/\/alcaldiaalbertoadriani.com\/?s={search_term_string}\"},\"query-input\":\"required name=search_term_string\"}],\"inLanguage\":\"es\"},{\"@type\":\"Person\",\"@id\":\"https:\/\/alcaldiaalbertoadriani.com\/#\/schema\/person\/549b4483ff8999ac780deeea78795fc9\",\"name\":\"Prensa\",\"image\":{\"@type\":\"ImageObject\",\"inLanguage\":\"es\",\"@id\":\"https:\/\/alcaldiaalbertoadriani.com\/#\/schema\/person\/image\/\",\"url\":\"https:\/\/secure.gravatar.com\/avatar\/ea1cb567ea992a29627f4eee1c2eb185ec16decec6342d508fdf18dedb56c9de?s=96&d=mm&r=g\",\"contentUrl\":\"https:\/\/secure.gravatar.com\/avatar\/ea1cb567ea992a29627f4eee1c2eb185ec16decec6342d508fdf18dedb56c9de?s=96&d=mm&r=g\",\"caption\":\"Prensa\"},\"url\":\"https:\/\/alcaldiaalbertoadriani.com\/?author=2\"}]}<\/script>\n<!-- \/ Yoast SEO plugin. -->","yoast_head_json":{"title":"Lisandro Segura inaugur\u00f3 salas sanitarias y camerinos","description":"Lisandro Segura inaugur\u00f3 salas sanitarias y camerinos en la cancha deportiva Negra Mach\u00e9 ubicada en la Inmaculada","robots":{"index":"index","follow":"follow","max-snippet":"max-snippet:-1","max-image-preview":"max-image-preview:large","max-video-preview":"max-video-preview:-1"},"canonical":"https:\/\/alcaldiaalbertoadriani.com\/?p=12016","og_locale":"es_ES","og_type":"article","og_title":"Lisandro Segura inaugur\u00f3 salas sanitarias y camerinos","og_description":"Lisandro Segura inaugur\u00f3 salas sanitarias y camerinos en la cancha deportiva Negra Mach\u00e9 ubicada en la Inmaculada","og_url":"https:\/\/alcaldiaalbertoadriani.com\/?p=12016","og_site_name":"Alcaldia Alberto Adriani","article_published_time":"2025-07-10T14:30:00+00:00","article_modified_time":"2025-07-10T14:30:12+00:00","og_image":[{"width":1280,"height":960,"url":"https:\/\/alcaldiaalbertoadriani.com\/wp-content\/uploads\/2025\/07\/photo_5143202395155706042_y.jpg","type":"image\/jpeg"}],"author":"Prensa","twitter_card":"summary_large_image","twitter_misc":{"Escrito por":"Prensa","Tiempo de lectura":"3 minutos"},"schema":{"@context":"https:\/\/schema.org","@graph":[{"@type":"WebPage","@id":"https:\/\/alcaldiaalbertoadriani.com\/?p=12016","url":"https:\/\/alcaldiaalbertoadriani.com\/?p=12016","name":"Lisandro Segura inaugur\u00f3 salas sanitarias y camerinos","isPartOf":{"@id":"https:\/\/alcaldiaalbertoadriani.com\/#website"},"datePublished":"2025-07-10T14:30:00+00:00","dateModified":"2025-07-10T14:30:12+00:00","author":{"@id":"https:\/\/alcaldiaalbertoadriani.com\/#\/schema\/person\/549b4483ff8999ac780deeea78795fc9"},"description":"Lisandro Segura inaugur\u00f3 salas sanitarias y camerinos en la cancha deportiva Negra Mach\u00e9 ubicada en la Inmaculada","breadcrumb":{"@id":"https:\/\/alcaldiaalbertoadriani.com\/?p=12016#breadcrumb"},"inLanguage":"es","potentialAction":[{"@type":"ReadAction","target":["https:\/\/alcaldiaalbertoadriani.com\/?p=12016"]}]},{"@type":"BreadcrumbList","@id":"https:\/\/alcaldiaalbertoadriani.com\/?p=12016#breadcrumb","itemListElement":[{"@type":"ListItem","position":1,"name":"Portada","item":"https:\/\/alcaldiaalbertoadriani.com\/"},{"@type":"ListItem","position":2,"name":"Lisandro Segura inaugur\u00f3 salas sanitarias y camerinos en la cancha deportiva Negra Mach\u00e9"}]},{"@type":"WebSite","@id":"https:\/\/alcaldiaalbertoadriani.com\/#website","url":"https:\/\/alcaldiaalbertoadriani.com\/","name":"Alcaldia Alberto Adriani","description":"","potentialAction":[{"@type":"SearchAction","target":{"@type":"EntryPoint","urlTemplate":"https:\/\/alcaldiaalbertoadriani.com\/?s={search_term_string}"},"query-input":"required name=search_term_string"}],"inLanguage":"es"},{"@type":"Person","@id":"https:\/\/alcaldiaalbertoadriani.com\/#\/schema\/person\/549b4483ff8999ac780deeea78795fc9","name":"Prensa","image":{"@type":"ImageObject","inLanguage":"es","@id":"https:\/\/alcaldiaalbertoadriani.com\/#\/schema\/person\/image\/","url":"https:\/\/secure.gravatar.com\/avatar\/ea1cb567ea992a29627f4eee1c2eb185ec16decec6342d508fdf18dedb56c9de?s=96&d=mm&r=g","contentUrl":"https:\/\/secure.gravatar.com\/avatar\/ea1cb567ea992a29627f4eee1c2eb185ec16decec6342d508fdf18dedb56c9de?s=96&d=mm&r=g","caption":"Prensa"},"url":"https:\/\/alcaldiaalbertoadriani.com\/?author=2"}]}},"_links":{"self":[{"href":"https:\/\/alcaldiaalbertoadriani.com\/index.php?rest_route=\/wp\/v2\/posts\/12016","targetHints":{"allow":["GET"]}}],"collection":[{"href":"https:\/\/alcaldiaalbertoadriani.com\/index.php?rest_route=\/wp\/v2\/posts"}],"about":[{"href":"https:\/\/alcaldiaalbertoadriani.com\/index.php?rest_route=\/wp\/v2\/types\/post"}],"author":[{"embeddable":true,"href":"https:\/\/alcaldiaalbertoadriani.com\/index.php?rest_route=\/wp\/v2\/users\/2"}],"replies":[{"embeddable":true,"href":"https:\/\/alcaldiaalbertoadriani.com\/index.php?rest_route=%2Fwp%2Fv2%2Fcomments&post=12016"}],"version-history":[{"count":1,"href":"https:\/\/alcaldiaalbertoadriani.com\/index.php?rest_route=\/wp\/v2\/posts\/12016\/revisions"}],"predecessor-version":[{"id":12025,"href":"https:\/\/alcaldiaalbertoadriani.com\/index.php?rest_route=\/wp\/v2\/posts\/12016\/revisions\/12025"}],"wp:featuredmedia":[{"embeddable":true,"href":"https:\/\/alcaldiaalbertoadriani.com\/index.php?rest_route=\/wp\/v2\/media\/12017"}],"wp:attachment":[{"href":"https:\/\/alcaldiaalbertoadriani.com\/index.php?rest_route=%2Fwp%2Fv2%2Fmedia&parent=12016"}],"wp:term":[{"taxonomy":"category","embeddable":true,"href":"https:\/\/alcaldiaalbertoadriani.com\/index.php?rest_route=%2Fwp%2Fv2%2Fcategories&post=12016"},{"taxonomy":"post_tag","embeddable":true,"href":"https:\/\/alcaldiaalbertoadriani.com\/index.php?rest_route=%2Fwp%2Fv2%2Ftags&post=12016"}],"curies":[{"name":"wp","href":"https:\/\/api.w.org\/{rel}","templated":true}]}}