{"id":11888,"date":"2025-07-01T18:02:58","date_gmt":"2025-07-01T18:02:58","guid":{"rendered":"https:\/\/alcaldiaalbertoadriani.com\/?p=11888"},"modified":"2025-07-01T18:03:01","modified_gmt":"2025-07-01T18:03:01","slug":"vigienses-celebraron-con-devocion-el-dia-de-la-patrona-nuestra","status":"publish","type":"post","link":"https:\/\/alcaldiaalbertoadriani.com\/?p=11888","title":{"rendered":"Vigienses celebraron con devoci\u00f3n el d\u00eda de la Patrona Nuestra Se\u00f1ora del Perpetuo Socorro"},"content":{"rendered":"\n<p><\/p>\n\n\n\n<p>Con la devoci\u00f3n que caracteriza a la feligres\u00eda vig\u00edense, celebraron el d\u00eda de su patrona la Virgen Nuestra Se\u00f1ora del Perpetuo Socorro.<\/p>\n\n\n\n<p>La tradicional procesi\u00f3n con la imagen de la Santa, inici\u00f3 en la base A\u00e9rea T\u00e1ctica El Vig\u00eda y recorri\u00f3 calles y avenidas de la ciudad, llen\u00e1ndolas de fe y esperanza.<\/p>\n\n\n\n<figure class=\"wp-block-gallery has-nested-images columns-default is-cropped wp-block-gallery-1 is-layout-flex wp-block-gallery-is-layout-flex\">\n<figure class=\"wp-block-image size-large\"><img loading=\"lazy\" decoding=\"async\" width=\"1024\" height=\"576\" data-id=\"11890\" src=\"https:\/\/alcaldiaalbertoadriani.com\/wp-content\/uploads\/2025\/07\/photo_5121153716685224272_y-1024x576.jpg\" alt=\"\" class=\"wp-image-11890\" srcset=\"https:\/\/alcaldiaalbertoadriani.com\/wp-content\/uploads\/2025\/07\/photo_5121153716685224272_y-1024x576.jpg 1024w, https:\/\/alcaldiaalbertoadriani.com\/wp-content\/uploads\/2025\/07\/photo_5121153716685224272_y-980x551.jpg 980w, https:\/\/alcaldiaalbertoadriani.com\/wp-content\/uploads\/2025\/07\/photo_5121153716685224272_y-480x270.jpg 480w\" sizes=\"auto, (min-width: 0px) and (max-width: 480px) 480px, (min-width: 481px) and (max-width: 980px) 980px, (min-width: 981px) 1024px, 100vw\" \/><\/figure>\n<\/figure>\n\n\n\n<p>El recorrido cont\u00f3 con el acompa\u00f1amiento del alcalde <a href=\"https:\/\/www.instagram.com\/lisandrosegura02\/?hl=es-es\" target=\"_blank\" rel=\"noreferrer noopener\">Lisandro Segura<\/a>, el presb\u00edtero Germ\u00e1n Mar\u00edn, Vicario de la Di\u00f3cesis El Vig\u00eda \u2013 San Carlos del Zulia entre otros representantes de la iglesia.<\/p>\n\n\n\n<figure class=\"wp-block-gallery has-nested-images columns-default is-cropped wp-block-gallery-2 is-layout-flex wp-block-gallery-is-layout-flex\">\n<figure class=\"wp-block-image size-large\"><img loading=\"lazy\" decoding=\"async\" width=\"1024\" height=\"576\" data-id=\"11891\" src=\"https:\/\/alcaldiaalbertoadriani.com\/wp-content\/uploads\/2025\/07\/photo_5121153716685224273_y-1024x576.jpg\" alt=\"\" class=\"wp-image-11891\" srcset=\"https:\/\/alcaldiaalbertoadriani.com\/wp-content\/uploads\/2025\/07\/photo_5121153716685224273_y-1024x576.jpg 1024w, https:\/\/alcaldiaalbertoadriani.com\/wp-content\/uploads\/2025\/07\/photo_5121153716685224273_y-980x551.jpg 980w, https:\/\/alcaldiaalbertoadriani.com\/wp-content\/uploads\/2025\/07\/photo_5121153716685224273_y-480x270.jpg 480w\" sizes=\"auto, (min-width: 0px) and (max-width: 480px) 480px, (min-width: 481px) and (max-width: 980px) 980px, (min-width: 981px) 1024px, 100vw\" \/><\/figure>\n<\/figure>\n\n\n\n<p>La imagen de la Virgen fue recibida con benepl\u00e1cito por los fieles en cada una de las estaciones dispuestas, momento en que los presentes cantaban y oraban, demostrando su fe cristiana a la Madre de Cristo Jes\u00fas.<\/p>\n\n\n\n<figure class=\"wp-block-gallery has-nested-images columns-default is-cropped wp-block-gallery-3 is-layout-flex wp-block-gallery-is-layout-flex\">\n<figure class=\"wp-block-image size-large\"><img loading=\"lazy\" decoding=\"async\" width=\"1024\" height=\"576\" data-id=\"11892\" src=\"https:\/\/alcaldiaalbertoadriani.com\/wp-content\/uploads\/2025\/07\/photo_5123323448263815073_y-1024x576.jpg\" alt=\"\" class=\"wp-image-11892\" srcset=\"https:\/\/alcaldiaalbertoadriani.com\/wp-content\/uploads\/2025\/07\/photo_5123323448263815073_y-1024x576.jpg 1024w, https:\/\/alcaldiaalbertoadriani.com\/wp-content\/uploads\/2025\/07\/photo_5123323448263815073_y-980x551.jpg 980w, https:\/\/alcaldiaalbertoadriani.com\/wp-content\/uploads\/2025\/07\/photo_5123323448263815073_y-480x270.jpg 480w\" sizes=\"auto, (min-width: 0px) and (max-width: 480px) 480px, (min-width: 481px) and (max-width: 980px) 980px, (min-width: 981px) 1024px, 100vw\" \/><\/figure>\n<\/figure>\n\n\n\n<p>Durante la procesi\u00f3n, se cont\u00f3 con la participaci\u00f3n de diversos gremios profesionales y socio productivos; la Alcald\u00eda de Alberto Adriani liderada por el alcalde <a href=\"https:\/\/www.instagram.com\/lisandrosegura02\/?hl=es-es\" target=\"_blank\" rel=\"noreferrer noopener\">Lisandro Segura<\/a>.<\/p>\n\n\n\n<p>Tambi\u00e9n, representantes del Poder Judicial; organismos de Seguridad del municipio; asimismo, el Concejo Municipal; los motociclistas de alta cilindrada; como tambi\u00e9n los diversos grupos de apostolados parroquiales.<\/p>\n\n\n\n<figure class=\"wp-block-gallery has-nested-images columns-default is-cropped wp-block-gallery-4 is-layout-flex wp-block-gallery-is-layout-flex\">\n<figure class=\"wp-block-image size-large\"><img loading=\"lazy\" decoding=\"async\" width=\"1024\" height=\"576\" data-id=\"11893\" src=\"https:\/\/alcaldiaalbertoadriani.com\/wp-content\/uploads\/2025\/07\/photo_5121153716685224295_y-1024x576.jpg\" alt=\"\" class=\"wp-image-11893\" srcset=\"https:\/\/alcaldiaalbertoadriani.com\/wp-content\/uploads\/2025\/07\/photo_5121153716685224295_y-1024x576.jpg 1024w, https:\/\/alcaldiaalbertoadriani.com\/wp-content\/uploads\/2025\/07\/photo_5121153716685224295_y-980x551.jpg 980w, https:\/\/alcaldiaalbertoadriani.com\/wp-content\/uploads\/2025\/07\/photo_5121153716685224295_y-480x270.jpg 480w\" sizes=\"auto, (min-width: 0px) and (max-width: 480px) 480px, (min-width: 481px) and (max-width: 980px) 980px, (min-width: 981px) 1024px, 100vw\" \/><\/figure>\n<\/figure>\n\n\n\n<p>La procesi\u00f3n culmin\u00f3 en la Catedral, lugar donde se ofici\u00f3 la solemne misa, presidida por el presb\u00edtero Germ\u00e1n Mar\u00edn, quien exalt\u00f3 la figura de la Virgen del Perpetuo Socorro como madre amorosa y protectora, pidiendo a Jes\u00fas interceda y proteja a la poblaci\u00f3n.<\/p>\n\n\n\n<figure class=\"wp-block-gallery has-nested-images columns-default is-cropped wp-block-gallery-5 is-layout-flex wp-block-gallery-is-layout-flex\">\n<figure class=\"wp-block-image size-large\"><img loading=\"lazy\" decoding=\"async\" width=\"1024\" height=\"768\" data-id=\"11894\" src=\"https:\/\/alcaldiaalbertoadriani.com\/wp-content\/uploads\/2025\/07\/WhatsApp-Image-2025-06-30-at-12.07.58-PM-1024x768.jpeg\" alt=\"\" class=\"wp-image-11894\" srcset=\"https:\/\/alcaldiaalbertoadriani.com\/wp-content\/uploads\/2025\/07\/WhatsApp-Image-2025-06-30-at-12.07.58-PM-1024x768.jpeg 1024w, https:\/\/alcaldiaalbertoadriani.com\/wp-content\/uploads\/2025\/07\/WhatsApp-Image-2025-06-30-at-12.07.58-PM-980x735.jpeg 980w, https:\/\/alcaldiaalbertoadriani.com\/wp-content\/uploads\/2025\/07\/WhatsApp-Image-2025-06-30-at-12.07.58-PM-480x360.jpeg 480w\" sizes=\"auto, (min-width: 0px) and (max-width: 480px) 480px, (min-width: 481px) and (max-width: 980px) 980px, (min-width: 981px) 1024px, 100vw\" \/><\/figure>\n<\/figure>\n\n\n\n<p>La celebraci\u00f3n de las tradiciones religiosas, reafirman la profunda fe y devoci\u00f3n del pueblo hacia su patrona, llenando cada a\u00f1o de j\u00fabilo a todos los vigienses. <strong><strong><em><strong><em><strong><em><strong><em><strong><em><strong>Prensa Alcald\u00eda Alberto Adriani\/LisandroRamirezSegura<\/strong><\/em><\/strong>\/<strong><em><strong>Pasante UNICA<\/strong><\/em><\/strong><\/em><\/strong><\/em><\/strong><\/em><\/strong><\/em><\/strong>\/Fotos: PAAA.<\/strong><\/p>\n\n\n\n<figure class=\"wp-block-gallery has-nested-images columns-default is-cropped wp-block-gallery-6 is-layout-flex wp-block-gallery-is-layout-flex\">\n<figure class=\"wp-block-image size-large\"><img loading=\"lazy\" decoding=\"async\" width=\"1024\" height=\"576\" data-id=\"11895\" src=\"https:\/\/alcaldiaalbertoadriani.com\/wp-content\/uploads\/2025\/07\/WhatsApp-Image-2025-06-30-at-12.07.58-PM-1-1024x576.jpeg\" alt=\"\" class=\"wp-image-11895\" srcset=\"https:\/\/alcaldiaalbertoadriani.com\/wp-content\/uploads\/2025\/07\/WhatsApp-Image-2025-06-30-at-12.07.58-PM-1-1024x576.jpeg 1024w, https:\/\/alcaldiaalbertoadriani.com\/wp-content\/uploads\/2025\/07\/WhatsApp-Image-2025-06-30-at-12.07.58-PM-1-980x551.jpeg 980w, https:\/\/alcaldiaalbertoadriani.com\/wp-content\/uploads\/2025\/07\/WhatsApp-Image-2025-06-30-at-12.07.58-PM-1-480x270.jpeg 480w\" sizes=\"auto, (min-width: 0px) and (max-width: 480px) 480px, (min-width: 481px) and (max-width: 980px) 980px, (min-width: 981px) 1024px, 100vw\" \/><\/figure>\n\n\n\n<figure class=\"wp-block-image size-large\"><img loading=\"lazy\" decoding=\"async\" width=\"1024\" height=\"576\" data-id=\"11896\" src=\"https:\/\/alcaldiaalbertoadriani.com\/wp-content\/uploads\/2025\/07\/photo_5121153716685224271_y-1024x576.jpg\" alt=\"\" class=\"wp-image-11896\" srcset=\"https:\/\/alcaldiaalbertoadriani.com\/wp-content\/uploads\/2025\/07\/photo_5121153716685224271_y-1024x576.jpg 1024w, https:\/\/alcaldiaalbertoadriani.com\/wp-content\/uploads\/2025\/07\/photo_5121153716685224271_y-980x551.jpg 980w, https:\/\/alcaldiaalbertoadriani.com\/wp-content\/uploads\/2025\/07\/photo_5121153716685224271_y-480x270.jpg 480w\" sizes=\"auto, (min-width: 0px) and (max-width: 480px) 480px, (min-width: 481px) and (max-width: 980px) 980px, (min-width: 981px) 1024px, 100vw\" \/><\/figure>\n\n\n\n<figure class=\"wp-block-image size-large\"><img loading=\"lazy\" decoding=\"async\" width=\"1024\" height=\"576\" data-id=\"11898\" src=\"https:\/\/alcaldiaalbertoadriani.com\/wp-content\/uploads\/2025\/07\/photo_5121153716685224281_y-1024x576.jpg\" alt=\"\" class=\"wp-image-11898\" srcset=\"https:\/\/alcaldiaalbertoadriani.com\/wp-content\/uploads\/2025\/07\/photo_5121153716685224281_y-1024x576.jpg 1024w, https:\/\/alcaldiaalbertoadriani.com\/wp-content\/uploads\/2025\/07\/photo_5121153716685224281_y-980x551.jpg 980w, https:\/\/alcaldiaalbertoadriani.com\/wp-content\/uploads\/2025\/07\/photo_5121153716685224281_y-480x270.jpg 480w\" sizes=\"auto, (min-width: 0px) and (max-width: 480px) 480px, (min-width: 481px) and (max-width: 980px) 980px, (min-width: 981px) 1024px, 100vw\" \/><\/figure>\n\n\n\n<figure class=\"wp-block-image size-large\"><img loading=\"lazy\" decoding=\"async\" width=\"1024\" height=\"576\" data-id=\"11897\" src=\"https:\/\/alcaldiaalbertoadriani.com\/wp-content\/uploads\/2025\/07\/photo_5121153716685224287_y-1024x576.jpg\" alt=\"\" class=\"wp-image-11897\" srcset=\"https:\/\/alcaldiaalbertoadriani.com\/wp-content\/uploads\/2025\/07\/photo_5121153716685224287_y-1024x576.jpg 1024w, https:\/\/alcaldiaalbertoadriani.com\/wp-content\/uploads\/2025\/07\/photo_5121153716685224287_y-980x551.jpg 980w, https:\/\/alcaldiaalbertoadriani.com\/wp-content\/uploads\/2025\/07\/photo_5121153716685224287_y-480x270.jpg 480w\" sizes=\"auto, (min-width: 0px) and (max-width: 480px) 480px, (min-width: 481px) and (max-width: 980px) 980px, (min-width: 981px) 1024px, 100vw\" \/><\/figure>\n\n\n\n<figure class=\"wp-block-image size-large\"><img loading=\"lazy\" decoding=\"async\" width=\"1024\" height=\"768\" data-id=\"11899\" src=\"https:\/\/alcaldiaalbertoadriani.com\/wp-content\/uploads\/2025\/07\/WhatsApp-Image-2025-06-30-at-12.07.57-PM-1024x768.jpeg\" alt=\"\" class=\"wp-image-11899\" srcset=\"https:\/\/alcaldiaalbertoadriani.com\/wp-content\/uploads\/2025\/07\/WhatsApp-Image-2025-06-30-at-12.07.57-PM-1024x768.jpeg 1024w, https:\/\/alcaldiaalbertoadriani.com\/wp-content\/uploads\/2025\/07\/WhatsApp-Image-2025-06-30-at-12.07.57-PM-980x735.jpeg 980w, https:\/\/alcaldiaalbertoadriani.com\/wp-content\/uploads\/2025\/07\/WhatsApp-Image-2025-06-30-at-12.07.57-PM-480x360.jpeg 480w\" sizes=\"auto, (min-width: 0px) and (max-width: 480px) 480px, (min-width: 481px) and (max-width: 980px) 980px, (min-width: 981px) 1024px, 100vw\" \/><\/figure>\n<\/figure>\n","protected":false},"excerpt":{"rendered":"<p>Con la devoci\u00f3n que caracteriza a la feligres\u00eda vig\u00edense, celebraron el d\u00eda de su patrona la Virgen Nuestra Se\u00f1ora del Perpetuo Socorro. La tradicional procesi\u00f3n con la imagen de la [&hellip;]<\/p>\n","protected":false},"author":2,"featured_media":11889,"comment_status":"open","ping_status":"closed","sticky":false,"template":"","format":"standard","meta":{"_et_pb_use_builder":"off","_et_pb_old_content":"","_et_gb_content_width":"","footnotes":""},"categories":[341,78,25],"tags":[31,11,12,15,761,30,29,28],"class_list":["post-11888","post","type-post","status-publish","format-standard","has-post-thumbnail","hentry","category-alcaldia-alberto-adriani","category-cultura","category-nuestro-municipio","tag-alcalde","tag-alcaldia","tag-alcaldiaalbertoadriani","tag-elvigia","tag-encrucijadadeprogreso","tag-lisandrosegura","tag-municipioquenosmerecemos","tag-porelrenacer"],"yoast_head":"<!-- This site is optimized with the Yoast SEO plugin v19.13 - https:\/\/yoast.com\/wordpress\/plugins\/seo\/ -->\n<title>Vigienses celebraron con devoci\u00f3n el d\u00eda de la Patrona Nuestra<\/title>\n<meta name=\"description\" content=\"Vigienses celebraron con devoci\u00f3n el d\u00eda de la Patrona Nuestra Se\u00f1ora del Perpetuo Socorro inici\u00f3 en la base A\u00e9rea T\u00e1ctica El Vig\u00eda\" \/>\n<meta name=\"robots\" content=\"index, follow, max-snippet:-1, max-image-preview:large, max-video-preview:-1\" \/>\n<link rel=\"canonical\" href=\"https:\/\/alcaldiaalbertoadriani.com\/?p=11888\" \/>\n<meta property=\"og:locale\" content=\"es_ES\" \/>\n<meta property=\"og:type\" content=\"article\" \/>\n<meta property=\"og:title\" content=\"Vigienses celebraron con devoci\u00f3n el d\u00eda de la Patrona Nuestra\" \/>\n<meta property=\"og:description\" content=\"Vigienses celebraron con devoci\u00f3n el d\u00eda de la Patrona Nuestra Se\u00f1ora del Perpetuo Socorro inici\u00f3 en la base A\u00e9rea T\u00e1ctica El Vig\u00eda\" \/>\n<meta property=\"og:url\" content=\"https:\/\/alcaldiaalbertoadriani.com\/?p=11888\" \/>\n<meta property=\"og:site_name\" content=\"Alcaldia Alberto Adriani\" \/>\n<meta property=\"article:published_time\" content=\"2025-07-01T18:02:58+00:00\" \/>\n<meta property=\"article:modified_time\" content=\"2025-07-01T18:03:01+00:00\" \/>\n<meta property=\"og:image\" content=\"https:\/\/alcaldiaalbertoadriani.com\/wp-content\/uploads\/2025\/07\/WhatsApp-Image-2025-06-30-at-12.07.57-PM-1.jpeg\" \/>\n\t<meta property=\"og:image:width\" content=\"1080\" \/>\n\t<meta property=\"og:image:height\" content=\"607\" \/>\n\t<meta property=\"og:image:type\" content=\"image\/jpeg\" \/>\n<meta name=\"author\" content=\"Prensa\" \/>\n<meta name=\"twitter:card\" content=\"summary_large_image\" \/>\n<meta name=\"twitter:label1\" content=\"Escrito por\" \/>\n\t<meta name=\"twitter:data1\" content=\"Prensa\" \/>\n\t<meta name=\"twitter:label2\" content=\"Tiempo de lectura\" \/>\n\t<meta name=\"twitter:data2\" content=\"4 minutos\" \/>\n<script type=\"application\/ld+json\" class=\"yoast-schema-graph\">{\"@context\":\"https:\/\/schema.org\",\"@graph\":[{\"@type\":\"WebPage\",\"@id\":\"https:\/\/alcaldiaalbertoadriani.com\/?p=11888\",\"url\":\"https:\/\/alcaldiaalbertoadriani.com\/?p=11888\",\"name\":\"Vigienses celebraron con devoci\u00f3n el d\u00eda de la Patrona Nuestra\",\"isPartOf\":{\"@id\":\"https:\/\/alcaldiaalbertoadriani.com\/#website\"},\"datePublished\":\"2025-07-01T18:02:58+00:00\",\"dateModified\":\"2025-07-01T18:03:01+00:00\",\"author\":{\"@id\":\"https:\/\/alcaldiaalbertoadriani.com\/#\/schema\/person\/549b4483ff8999ac780deeea78795fc9\"},\"description\":\"Vigienses celebraron con devoci\u00f3n el d\u00eda de la Patrona Nuestra Se\u00f1ora del Perpetuo Socorro inici\u00f3 en la base A\u00e9rea T\u00e1ctica El Vig\u00eda\",\"breadcrumb\":{\"@id\":\"https:\/\/alcaldiaalbertoadriani.com\/?p=11888#breadcrumb\"},\"inLanguage\":\"es\",\"potentialAction\":[{\"@type\":\"ReadAction\",\"target\":[\"https:\/\/alcaldiaalbertoadriani.com\/?p=11888\"]}]},{\"@type\":\"BreadcrumbList\",\"@id\":\"https:\/\/alcaldiaalbertoadriani.com\/?p=11888#breadcrumb\",\"itemListElement\":[{\"@type\":\"ListItem\",\"position\":1,\"name\":\"Portada\",\"item\":\"https:\/\/alcaldiaalbertoadriani.com\/\"},{\"@type\":\"ListItem\",\"position\":2,\"name\":\"Vigienses celebraron con devoci\u00f3n el d\u00eda de la Patrona Nuestra Se\u00f1ora del Perpetuo Socorro\"}]},{\"@type\":\"WebSite\",\"@id\":\"https:\/\/alcaldiaalbertoadriani.com\/#website\",\"url\":\"https:\/\/alcaldiaalbertoadriani.com\/\",\"name\":\"Alcaldia Alberto Adriani\",\"description\":\"\",\"potentialAction\":[{\"@type\":\"SearchAction\",\"target\":{\"@type\":\"EntryPoint\",\"urlTemplate\":\"https:\/\/alcaldiaalbertoadriani.com\/?s={search_term_string}\"},\"query-input\":\"required name=search_term_string\"}],\"inLanguage\":\"es\"},{\"@type\":\"Person\",\"@id\":\"https:\/\/alcaldiaalbertoadriani.com\/#\/schema\/person\/549b4483ff8999ac780deeea78795fc9\",\"name\":\"Prensa\",\"image\":{\"@type\":\"ImageObject\",\"inLanguage\":\"es\",\"@id\":\"https:\/\/alcaldiaalbertoadriani.com\/#\/schema\/person\/image\/\",\"url\":\"https:\/\/secure.gravatar.com\/avatar\/ea1cb567ea992a29627f4eee1c2eb185ec16decec6342d508fdf18dedb56c9de?s=96&d=mm&r=g\",\"contentUrl\":\"https:\/\/secure.gravatar.com\/avatar\/ea1cb567ea992a29627f4eee1c2eb185ec16decec6342d508fdf18dedb56c9de?s=96&d=mm&r=g\",\"caption\":\"Prensa\"},\"url\":\"https:\/\/alcaldiaalbertoadriani.com\/?author=2\"}]}<\/script>\n<!-- \/ Yoast SEO plugin. -->","yoast_head_json":{"title":"Vigienses celebraron con devoci\u00f3n el d\u00eda de la Patrona Nuestra","description":"Vigienses celebraron con devoci\u00f3n el d\u00eda de la Patrona Nuestra Se\u00f1ora del Perpetuo Socorro inici\u00f3 en la base A\u00e9rea T\u00e1ctica El Vig\u00eda","robots":{"index":"index","follow":"follow","max-snippet":"max-snippet:-1","max-image-preview":"max-image-preview:large","max-video-preview":"max-video-preview:-1"},"canonical":"https:\/\/alcaldiaalbertoadriani.com\/?p=11888","og_locale":"es_ES","og_type":"article","og_title":"Vigienses celebraron con devoci\u00f3n el d\u00eda de la Patrona Nuestra","og_description":"Vigienses celebraron con devoci\u00f3n el d\u00eda de la Patrona Nuestra Se\u00f1ora del Perpetuo Socorro inici\u00f3 en la base A\u00e9rea T\u00e1ctica El Vig\u00eda","og_url":"https:\/\/alcaldiaalbertoadriani.com\/?p=11888","og_site_name":"Alcaldia Alberto Adriani","article_published_time":"2025-07-01T18:02:58+00:00","article_modified_time":"2025-07-01T18:03:01+00:00","og_image":[{"width":1080,"height":607,"url":"https:\/\/alcaldiaalbertoadriani.com\/wp-content\/uploads\/2025\/07\/WhatsApp-Image-2025-06-30-at-12.07.57-PM-1.jpeg","type":"image\/jpeg"}],"author":"Prensa","twitter_card":"summary_large_image","twitter_misc":{"Escrito por":"Prensa","Tiempo de lectura":"4 minutos"},"schema":{"@context":"https:\/\/schema.org","@graph":[{"@type":"WebPage","@id":"https:\/\/alcaldiaalbertoadriani.com\/?p=11888","url":"https:\/\/alcaldiaalbertoadriani.com\/?p=11888","name":"Vigienses celebraron con devoci\u00f3n el d\u00eda de la Patrona Nuestra","isPartOf":{"@id":"https:\/\/alcaldiaalbertoadriani.com\/#website"},"datePublished":"2025-07-01T18:02:58+00:00","dateModified":"2025-07-01T18:03:01+00:00","author":{"@id":"https:\/\/alcaldiaalbertoadriani.com\/#\/schema\/person\/549b4483ff8999ac780deeea78795fc9"},"description":"Vigienses celebraron con devoci\u00f3n el d\u00eda de la Patrona Nuestra Se\u00f1ora del Perpetuo Socorro inici\u00f3 en la base A\u00e9rea T\u00e1ctica El Vig\u00eda","breadcrumb":{"@id":"https:\/\/alcaldiaalbertoadriani.com\/?p=11888#breadcrumb"},"inLanguage":"es","potentialAction":[{"@type":"ReadAction","target":["https:\/\/alcaldiaalbertoadriani.com\/?p=11888"]}]},{"@type":"BreadcrumbList","@id":"https:\/\/alcaldiaalbertoadriani.com\/?p=11888#breadcrumb","itemListElement":[{"@type":"ListItem","position":1,"name":"Portada","item":"https:\/\/alcaldiaalbertoadriani.com\/"},{"@type":"ListItem","position":2,"name":"Vigienses celebraron con devoci\u00f3n el d\u00eda de la Patrona Nuestra Se\u00f1ora del Perpetuo Socorro"}]},{"@type":"WebSite","@id":"https:\/\/alcaldiaalbertoadriani.com\/#website","url":"https:\/\/alcaldiaalbertoadriani.com\/","name":"Alcaldia Alberto Adriani","description":"","potentialAction":[{"@type":"SearchAction","target":{"@type":"EntryPoint","urlTemplate":"https:\/\/alcaldiaalbertoadriani.com\/?s={search_term_string}"},"query-input":"required name=search_term_string"}],"inLanguage":"es"},{"@type":"Person","@id":"https:\/\/alcaldiaalbertoadriani.com\/#\/schema\/person\/549b4483ff8999ac780deeea78795fc9","name":"Prensa","image":{"@type":"ImageObject","inLanguage":"es","@id":"https:\/\/alcaldiaalbertoadriani.com\/#\/schema\/person\/image\/","url":"https:\/\/secure.gravatar.com\/avatar\/ea1cb567ea992a29627f4eee1c2eb185ec16decec6342d508fdf18dedb56c9de?s=96&d=mm&r=g","contentUrl":"https:\/\/secure.gravatar.com\/avatar\/ea1cb567ea992a29627f4eee1c2eb185ec16decec6342d508fdf18dedb56c9de?s=96&d=mm&r=g","caption":"Prensa"},"url":"https:\/\/alcaldiaalbertoadriani.com\/?author=2"}]}},"_links":{"self":[{"href":"https:\/\/alcaldiaalbertoadriani.com\/index.php?rest_route=\/wp\/v2\/posts\/11888","targetHints":{"allow":["GET"]}}],"collection":[{"href":"https:\/\/alcaldiaalbertoadriani.com\/index.php?rest_route=\/wp\/v2\/posts"}],"about":[{"href":"https:\/\/alcaldiaalbertoadriani.com\/index.php?rest_route=\/wp\/v2\/types\/post"}],"author":[{"embeddable":true,"href":"https:\/\/alcaldiaalbertoadriani.com\/index.php?rest_route=\/wp\/v2\/users\/2"}],"replies":[{"embeddable":true,"href":"https:\/\/alcaldiaalbertoadriani.com\/index.php?rest_route=%2Fwp%2Fv2%2Fcomments&post=11888"}],"version-history":[{"count":1,"href":"https:\/\/alcaldiaalbertoadriani.com\/index.php?rest_route=\/wp\/v2\/posts\/11888\/revisions"}],"predecessor-version":[{"id":11900,"href":"https:\/\/alcaldiaalbertoadriani.com\/index.php?rest_route=\/wp\/v2\/posts\/11888\/revisions\/11900"}],"wp:featuredmedia":[{"embeddable":true,"href":"https:\/\/alcaldiaalbertoadriani.com\/index.php?rest_route=\/wp\/v2\/media\/11889"}],"wp:attachment":[{"href":"https:\/\/alcaldiaalbertoadriani.com\/index.php?rest_route=%2Fwp%2Fv2%2Fmedia&parent=11888"}],"wp:term":[{"taxonomy":"category","embeddable":true,"href":"https:\/\/alcaldiaalbertoadriani.com\/index.php?rest_route=%2Fwp%2Fv2%2Fcategories&post=11888"},{"taxonomy":"post_tag","embeddable":true,"href":"https:\/\/alcaldiaalbertoadriani.com\/index.php?rest_route=%2Fwp%2Fv2%2Ftags&post=11888"}],"curies":[{"name":"wp","href":"https:\/\/api.w.org\/{rel}","templated":true}]}}