{"id":11832,"date":"2025-06-25T18:53:05","date_gmt":"2025-06-25T18:53:05","guid":{"rendered":"https:\/\/alcaldiaalbertoadriani.com\/?p=11832"},"modified":"2025-06-25T18:53:09","modified_gmt":"2025-06-25T18:53:09","slug":"mas-de-400-bailarines-brillaron-en-el-tercer-encuentro-municipal","status":"publish","type":"post","link":"https:\/\/alcaldiaalbertoadriani.com\/?p=11832","title":{"rendered":"M\u00e1s de 400 Bailarines Brillaron en el Tercer Encuentro Municipal de Danza"},"content":{"rendered":"\n<h2 class=\"wp-block-heading\"><strong><em>19 agrupaciones danc\u00edsticas del municipio Alberto Adriani participaron en el encuentro<\/em><\/strong><\/h2>\n\n\n\n<p><\/p>\n\n\n\n<p>El gimnasio de Boxeo \u201cJos\u00e9 Luis Varela\u201d del Complejo Deportivo Carlos Maya fue el escenario vibrante para el <a href=\"https:\/\/alcaldiaalbertoadriani.com\/?p=11796\" target=\"_blank\" rel=\"noreferrer noopener\">Tercer Encuentro Municipal de Danza<\/a>, donde m\u00e1s de 400 bailarines demostraron su talento. El evento, es una iniciativa de la gesti\u00f3n del alcalde Lisandro Segura, organizado por el Instituto Aut\u00f3nomo Municipal de la Cultura (<a href=\"https:\/\/alcaldiaalbertoadriani.com\/?p=6008\" target=\"_blank\" rel=\"noreferrer noopener\">Iamcaa<\/a>).<\/p>\n\n\n\n<!--more-->\n\n\n\n<p>El burgomaestre asisti\u00f3 a la actividad y felicit\u00f3 a los padres, representantes y profesores de los artistas, as\u00ed como a Keibert Rojas, presidente del Iamcaa. &#8220;Quiero reconocer el empe\u00f1o de las agrupaciones, padres, representantes, as\u00ed como a Keibert Rojas, presidente del Instituto de la Cultura, que al igual que yo, amamos estas expresiones culturales por eso la hemos apoyado y promovido&#8221;, expres\u00f3 el alcalde, destacando el impacto positivo de estos eventos art\u00edsticos.<\/p>\n\n\n\n<figure class=\"wp-block-gallery has-nested-images columns-default is-cropped wp-block-gallery-1 is-layout-flex wp-block-gallery-is-layout-flex\">\n<figure class=\"wp-block-image size-large\"><img loading=\"lazy\" decoding=\"async\" width=\"1024\" height=\"768\" data-id=\"11834\" src=\"https:\/\/alcaldiaalbertoadriani.com\/wp-content\/uploads\/2025\/06\/WhatsApp-Image-2025-06-24-at-1.53.48-PM-1-1024x768.jpeg\" alt=\"\" class=\"wp-image-11834\" srcset=\"https:\/\/alcaldiaalbertoadriani.com\/wp-content\/uploads\/2025\/06\/WhatsApp-Image-2025-06-24-at-1.53.48-PM-1-1024x768.jpeg 1024w, https:\/\/alcaldiaalbertoadriani.com\/wp-content\/uploads\/2025\/06\/WhatsApp-Image-2025-06-24-at-1.53.48-PM-1-980x735.jpeg 980w, https:\/\/alcaldiaalbertoadriani.com\/wp-content\/uploads\/2025\/06\/WhatsApp-Image-2025-06-24-at-1.53.48-PM-1-480x360.jpeg 480w\" sizes=\"auto, (min-width: 0px) and (max-width: 480px) 480px, (min-width: 481px) and (max-width: 980px) 980px, (min-width: 981px) 1024px, 100vw\" \/><\/figure>\n<\/figure>\n\n\n\n<p>Un total de 19 agrupaciones danc\u00edsticas que hacen vida en el municipio Alberto Adriani se unieron a esta tercera edici\u00f3n del encuentro. \u201cM\u00e1s de 400 bailarines en escena, mostraron sus habilidades danc\u00edsticas\u201d, expres\u00f3 Keibert Rojas. Entre las agrupaciones destacadas estuvieron: Danzas Sol de Los Andes, Danzas R8, Ballet Nacionalista El Vig\u00eda, Dance Lover\u00b4s, Danzas Rafael Pulido M\u00e9ndez, Danzas Terepaima, Chidance, Piero Studio, Danzas El Vig\u00eda, Danzas \u201cTito Lino Molina\u201d, Danzas Grupo El Carmen, Legacy Studio, Nova Academia, Danzas \u201cKap\u00fcy\u201d, L.B Dance, Venedance Team, Danzas Rosa Virginia, Balleto Academia y Nicolleth Studios.<\/p>\n\n\n\n<figure class=\"wp-block-gallery has-nested-images columns-default is-cropped wp-block-gallery-2 is-layout-flex wp-block-gallery-is-layout-flex\">\n<figure class=\"wp-block-image size-large\"><img loading=\"lazy\" decoding=\"async\" width=\"1024\" height=\"768\" data-id=\"11835\" src=\"https:\/\/alcaldiaalbertoadriani.com\/wp-content\/uploads\/2025\/06\/WhatsApp-Image-2025-06-24-at-1.53.46-PM-1-1024x768.jpeg\" alt=\"\" class=\"wp-image-11835\" srcset=\"https:\/\/alcaldiaalbertoadriani.com\/wp-content\/uploads\/2025\/06\/WhatsApp-Image-2025-06-24-at-1.53.46-PM-1-1024x768.jpeg 1024w, https:\/\/alcaldiaalbertoadriani.com\/wp-content\/uploads\/2025\/06\/WhatsApp-Image-2025-06-24-at-1.53.46-PM-1-980x735.jpeg 980w, https:\/\/alcaldiaalbertoadriani.com\/wp-content\/uploads\/2025\/06\/WhatsApp-Image-2025-06-24-at-1.53.46-PM-1-480x360.jpeg 480w\" sizes=\"auto, (min-width: 0px) and (max-width: 480px) 480px, (min-width: 481px) and (max-width: 980px) 980px, (min-width: 981px) 1024px, 100vw\" \/><\/figure>\n<\/figure>\n\n\n\n<p>Al finalizar el evento, las agrupaciones participantes recibieron certificados de reconocimiento de manos del alcalde <a href=\"https:\/\/www.instagram.com\/lisandrosegura02\/?hl=es-es\" target=\"_blank\" rel=\"noreferrer noopener\">Lisandro Segura<\/a>, en agradecimiento por su contribuci\u00f3n al enriquecimiento cultural del municipio Alberto Adriani. <strong><strong><em><strong><em><strong><em><strong><em><strong><em><strong>Prensa Alcald\u00eda Alberto Adriani\/LisandroRamirezSegura<\/strong><\/em><\/strong>\/<strong><em><strong>Pasante UNICA<\/strong><\/em><\/strong><\/em><\/strong><\/em><\/strong><\/em><\/strong><\/em><\/strong>\/Fotos: Karla M\u00e1rquez.<\/strong><\/p>\n\n\n\n<figure class=\"wp-block-gallery has-nested-images columns-default is-cropped wp-block-gallery-3 is-layout-flex wp-block-gallery-is-layout-flex\">\n<figure class=\"wp-block-image size-large\"><img loading=\"lazy\" decoding=\"async\" width=\"1024\" height=\"768\" data-id=\"11844\" src=\"https:\/\/alcaldiaalbertoadriani.com\/wp-content\/uploads\/2025\/06\/WhatsApp-Image-2025-06-24-at-1.53.44-PM-1-1024x768.jpeg\" alt=\"\" class=\"wp-image-11844\" srcset=\"https:\/\/alcaldiaalbertoadriani.com\/wp-content\/uploads\/2025\/06\/WhatsApp-Image-2025-06-24-at-1.53.44-PM-1-1024x768.jpeg 1024w, https:\/\/alcaldiaalbertoadriani.com\/wp-content\/uploads\/2025\/06\/WhatsApp-Image-2025-06-24-at-1.53.44-PM-1-980x735.jpeg 980w, https:\/\/alcaldiaalbertoadriani.com\/wp-content\/uploads\/2025\/06\/WhatsApp-Image-2025-06-24-at-1.53.44-PM-1-480x360.jpeg 480w\" sizes=\"auto, (min-width: 0px) and (max-width: 480px) 480px, (min-width: 481px) and (max-width: 980px) 980px, (min-width: 981px) 1024px, 100vw\" \/><\/figure>\n\n\n\n<figure class=\"wp-block-image size-large\"><img loading=\"lazy\" decoding=\"async\" width=\"1024\" height=\"768\" data-id=\"11837\" src=\"https:\/\/alcaldiaalbertoadriani.com\/wp-content\/uploads\/2025\/06\/WhatsApp-Image-2025-06-24-at-1.53.44-PM-1024x768.jpeg\" alt=\"\" class=\"wp-image-11837\" srcset=\"https:\/\/alcaldiaalbertoadriani.com\/wp-content\/uploads\/2025\/06\/WhatsApp-Image-2025-06-24-at-1.53.44-PM-1024x768.jpeg 1024w, https:\/\/alcaldiaalbertoadriani.com\/wp-content\/uploads\/2025\/06\/WhatsApp-Image-2025-06-24-at-1.53.44-PM-980x735.jpeg 980w, https:\/\/alcaldiaalbertoadriani.com\/wp-content\/uploads\/2025\/06\/WhatsApp-Image-2025-06-24-at-1.53.44-PM-480x360.jpeg 480w\" sizes=\"auto, (min-width: 0px) and (max-width: 480px) 480px, (min-width: 481px) and (max-width: 980px) 980px, (min-width: 981px) 1024px, 100vw\" \/><\/figure>\n\n\n\n<figure class=\"wp-block-image size-large\"><img loading=\"lazy\" decoding=\"async\" width=\"1024\" height=\"768\" data-id=\"11842\" src=\"https:\/\/alcaldiaalbertoadriani.com\/wp-content\/uploads\/2025\/06\/WhatsApp-Image-2025-06-24-at-1.53.45-PM-1024x768.jpeg\" alt=\"\" class=\"wp-image-11842\" srcset=\"https:\/\/alcaldiaalbertoadriani.com\/wp-content\/uploads\/2025\/06\/WhatsApp-Image-2025-06-24-at-1.53.45-PM-1024x768.jpeg 1024w, https:\/\/alcaldiaalbertoadriani.com\/wp-content\/uploads\/2025\/06\/WhatsApp-Image-2025-06-24-at-1.53.45-PM-980x735.jpeg 980w, https:\/\/alcaldiaalbertoadriani.com\/wp-content\/uploads\/2025\/06\/WhatsApp-Image-2025-06-24-at-1.53.45-PM-480x360.jpeg 480w\" sizes=\"auto, (min-width: 0px) and (max-width: 480px) 480px, (min-width: 481px) and (max-width: 980px) 980px, (min-width: 981px) 1024px, 100vw\" \/><\/figure>\n\n\n\n<figure class=\"wp-block-image size-large\"><img loading=\"lazy\" decoding=\"async\" width=\"1024\" height=\"768\" data-id=\"11848\" src=\"https:\/\/alcaldiaalbertoadriani.com\/wp-content\/uploads\/2025\/06\/WhatsApp-Image-2025-06-24-at-1.53.46-PM-1024x768.jpeg\" alt=\"\" class=\"wp-image-11848\" srcset=\"https:\/\/alcaldiaalbertoadriani.com\/wp-content\/uploads\/2025\/06\/WhatsApp-Image-2025-06-24-at-1.53.46-PM-1024x768.jpeg 1024w, https:\/\/alcaldiaalbertoadriani.com\/wp-content\/uploads\/2025\/06\/WhatsApp-Image-2025-06-24-at-1.53.46-PM-980x735.jpeg 980w, https:\/\/alcaldiaalbertoadriani.com\/wp-content\/uploads\/2025\/06\/WhatsApp-Image-2025-06-24-at-1.53.46-PM-480x360.jpeg 480w\" sizes=\"auto, (min-width: 0px) and (max-width: 480px) 480px, (min-width: 481px) and (max-width: 980px) 980px, (min-width: 981px) 1024px, 100vw\" \/><\/figure>\n\n\n\n<figure class=\"wp-block-image size-large\"><img loading=\"lazy\" decoding=\"async\" width=\"1024\" height=\"768\" data-id=\"11846\" src=\"https:\/\/alcaldiaalbertoadriani.com\/wp-content\/uploads\/2025\/06\/WhatsApp-Image-2025-06-24-at-1.53.47-PM-1-1024x768.jpeg\" alt=\"\" class=\"wp-image-11846\" srcset=\"https:\/\/alcaldiaalbertoadriani.com\/wp-content\/uploads\/2025\/06\/WhatsApp-Image-2025-06-24-at-1.53.47-PM-1-1024x768.jpeg 1024w, https:\/\/alcaldiaalbertoadriani.com\/wp-content\/uploads\/2025\/06\/WhatsApp-Image-2025-06-24-at-1.53.47-PM-1-980x735.jpeg 980w, https:\/\/alcaldiaalbertoadriani.com\/wp-content\/uploads\/2025\/06\/WhatsApp-Image-2025-06-24-at-1.53.47-PM-1-480x360.jpeg 480w\" sizes=\"auto, (min-width: 0px) and (max-width: 480px) 480px, (min-width: 481px) and (max-width: 980px) 980px, (min-width: 981px) 1024px, 100vw\" \/><\/figure>\n\n\n\n<figure class=\"wp-block-image size-large\"><img loading=\"lazy\" decoding=\"async\" width=\"1024\" height=\"768\" data-id=\"11845\" src=\"https:\/\/alcaldiaalbertoadriani.com\/wp-content\/uploads\/2025\/06\/WhatsApp-Image-2025-06-24-at-1.53.47-PM-1024x768.jpeg\" alt=\"\" class=\"wp-image-11845\" srcset=\"https:\/\/alcaldiaalbertoadriani.com\/wp-content\/uploads\/2025\/06\/WhatsApp-Image-2025-06-24-at-1.53.47-PM-1024x768.jpeg 1024w, https:\/\/alcaldiaalbertoadriani.com\/wp-content\/uploads\/2025\/06\/WhatsApp-Image-2025-06-24-at-1.53.47-PM-980x735.jpeg 980w, https:\/\/alcaldiaalbertoadriani.com\/wp-content\/uploads\/2025\/06\/WhatsApp-Image-2025-06-24-at-1.53.47-PM-480x360.jpeg 480w\" sizes=\"auto, (min-width: 0px) and (max-width: 480px) 480px, (min-width: 481px) and (max-width: 980px) 980px, (min-width: 981px) 1024px, 100vw\" \/><\/figure>\n\n\n\n<figure class=\"wp-block-image size-large\"><img loading=\"lazy\" decoding=\"async\" width=\"1024\" height=\"768\" data-id=\"11836\" src=\"https:\/\/alcaldiaalbertoadriani.com\/wp-content\/uploads\/2025\/06\/WhatsApp-Image-2025-06-24-at-1.53.48-PM-1024x768.jpeg\" alt=\"\" class=\"wp-image-11836\" srcset=\"https:\/\/alcaldiaalbertoadriani.com\/wp-content\/uploads\/2025\/06\/WhatsApp-Image-2025-06-24-at-1.53.48-PM-1024x768.jpeg 1024w, https:\/\/alcaldiaalbertoadriani.com\/wp-content\/uploads\/2025\/06\/WhatsApp-Image-2025-06-24-at-1.53.48-PM-980x735.jpeg 980w, https:\/\/alcaldiaalbertoadriani.com\/wp-content\/uploads\/2025\/06\/WhatsApp-Image-2025-06-24-at-1.53.48-PM-480x360.jpeg 480w\" sizes=\"auto, (min-width: 0px) and (max-width: 480px) 480px, (min-width: 481px) and (max-width: 980px) 980px, (min-width: 981px) 1024px, 100vw\" \/><\/figure>\n\n\n\n<figure class=\"wp-block-image size-large\"><img loading=\"lazy\" decoding=\"async\" width=\"1024\" height=\"768\" data-id=\"11838\" src=\"https:\/\/alcaldiaalbertoadriani.com\/wp-content\/uploads\/2025\/06\/WhatsApp-Image-2025-06-24-at-1.54.26-PM-1-1024x768.jpeg\" alt=\"\" class=\"wp-image-11838\" srcset=\"https:\/\/alcaldiaalbertoadriani.com\/wp-content\/uploads\/2025\/06\/WhatsApp-Image-2025-06-24-at-1.54.26-PM-1-1024x768.jpeg 1024w, https:\/\/alcaldiaalbertoadriani.com\/wp-content\/uploads\/2025\/06\/WhatsApp-Image-2025-06-24-at-1.54.26-PM-1-980x735.jpeg 980w, https:\/\/alcaldiaalbertoadriani.com\/wp-content\/uploads\/2025\/06\/WhatsApp-Image-2025-06-24-at-1.54.26-PM-1-480x360.jpeg 480w\" sizes=\"auto, (min-width: 0px) and (max-width: 480px) 480px, (min-width: 481px) and (max-width: 980px) 980px, (min-width: 981px) 1024px, 100vw\" \/><\/figure>\n\n\n\n<figure class=\"wp-block-image size-large\"><img loading=\"lazy\" decoding=\"async\" width=\"1024\" height=\"768\" data-id=\"11840\" src=\"https:\/\/alcaldiaalbertoadriani.com\/wp-content\/uploads\/2025\/06\/WhatsApp-Image-2025-06-24-at-1.54.26-PM-2-1024x768.jpeg\" alt=\"\" class=\"wp-image-11840\" srcset=\"https:\/\/alcaldiaalbertoadriani.com\/wp-content\/uploads\/2025\/06\/WhatsApp-Image-2025-06-24-at-1.54.26-PM-2-1024x768.jpeg 1024w, https:\/\/alcaldiaalbertoadriani.com\/wp-content\/uploads\/2025\/06\/WhatsApp-Image-2025-06-24-at-1.54.26-PM-2-980x735.jpeg 980w, https:\/\/alcaldiaalbertoadriani.com\/wp-content\/uploads\/2025\/06\/WhatsApp-Image-2025-06-24-at-1.54.26-PM-2-480x360.jpeg 480w\" sizes=\"auto, (min-width: 0px) and (max-width: 480px) 480px, (min-width: 481px) and (max-width: 980px) 980px, (min-width: 981px) 1024px, 100vw\" \/><\/figure>\n\n\n\n<figure class=\"wp-block-image size-large\"><img loading=\"lazy\" decoding=\"async\" width=\"1024\" height=\"768\" data-id=\"11839\" src=\"https:\/\/alcaldiaalbertoadriani.com\/wp-content\/uploads\/2025\/06\/WhatsApp-Image-2025-06-24-at-1.54.26-PM-3-1024x768.jpeg\" alt=\"\" class=\"wp-image-11839\" srcset=\"https:\/\/alcaldiaalbertoadriani.com\/wp-content\/uploads\/2025\/06\/WhatsApp-Image-2025-06-24-at-1.54.26-PM-3-1024x768.jpeg 1024w, https:\/\/alcaldiaalbertoadriani.com\/wp-content\/uploads\/2025\/06\/WhatsApp-Image-2025-06-24-at-1.54.26-PM-3-980x735.jpeg 980w, https:\/\/alcaldiaalbertoadriani.com\/wp-content\/uploads\/2025\/06\/WhatsApp-Image-2025-06-24-at-1.54.26-PM-3-480x360.jpeg 480w\" sizes=\"auto, (min-width: 0px) and (max-width: 480px) 480px, (min-width: 481px) and (max-width: 980px) 980px, (min-width: 981px) 1024px, 100vw\" \/><\/figure>\n\n\n\n<figure class=\"wp-block-image size-large\"><img loading=\"lazy\" decoding=\"async\" width=\"1024\" height=\"768\" data-id=\"11841\" src=\"https:\/\/alcaldiaalbertoadriani.com\/wp-content\/uploads\/2025\/06\/WhatsApp-Image-2025-06-24-at-1.54.26-PM-4-1024x768.jpeg\" alt=\"\" class=\"wp-image-11841\" srcset=\"https:\/\/alcaldiaalbertoadriani.com\/wp-content\/uploads\/2025\/06\/WhatsApp-Image-2025-06-24-at-1.54.26-PM-4-1024x768.jpeg 1024w, https:\/\/alcaldiaalbertoadriani.com\/wp-content\/uploads\/2025\/06\/WhatsApp-Image-2025-06-24-at-1.54.26-PM-4-980x735.jpeg 980w, https:\/\/alcaldiaalbertoadriani.com\/wp-content\/uploads\/2025\/06\/WhatsApp-Image-2025-06-24-at-1.54.26-PM-4-480x360.jpeg 480w\" sizes=\"auto, (min-width: 0px) and (max-width: 480px) 480px, (min-width: 481px) and (max-width: 980px) 980px, (min-width: 981px) 1024px, 100vw\" \/><\/figure>\n\n\n\n<figure class=\"wp-block-image size-large\"><img loading=\"lazy\" decoding=\"async\" width=\"1024\" height=\"768\" data-id=\"11843\" src=\"https:\/\/alcaldiaalbertoadriani.com\/wp-content\/uploads\/2025\/06\/WhatsApp-Image-2025-06-24-at-1.54.26-PM-6-1024x768.jpeg\" alt=\"\" class=\"wp-image-11843\" srcset=\"https:\/\/alcaldiaalbertoadriani.com\/wp-content\/uploads\/2025\/06\/WhatsApp-Image-2025-06-24-at-1.54.26-PM-6-1024x768.jpeg 1024w, https:\/\/alcaldiaalbertoadriani.com\/wp-content\/uploads\/2025\/06\/WhatsApp-Image-2025-06-24-at-1.54.26-PM-6-980x735.jpeg 980w, https:\/\/alcaldiaalbertoadriani.com\/wp-content\/uploads\/2025\/06\/WhatsApp-Image-2025-06-24-at-1.54.26-PM-6-480x360.jpeg 480w\" sizes=\"auto, (min-width: 0px) and (max-width: 480px) 480px, (min-width: 481px) and (max-width: 980px) 980px, (min-width: 981px) 1024px, 100vw\" \/><\/figure>\n\n\n\n<figure class=\"wp-block-image size-large\"><img loading=\"lazy\" decoding=\"async\" width=\"1024\" height=\"768\" data-id=\"11847\" src=\"https:\/\/alcaldiaalbertoadriani.com\/wp-content\/uploads\/2025\/06\/WhatsApp-Image-2025-06-24-at-1.54.26-PM-1024x768.jpeg\" alt=\"\" class=\"wp-image-11847\" srcset=\"https:\/\/alcaldiaalbertoadriani.com\/wp-content\/uploads\/2025\/06\/WhatsApp-Image-2025-06-24-at-1.54.26-PM-1024x768.jpeg 1024w, https:\/\/alcaldiaalbertoadriani.com\/wp-content\/uploads\/2025\/06\/WhatsApp-Image-2025-06-24-at-1.54.26-PM-980x735.jpeg 980w, https:\/\/alcaldiaalbertoadriani.com\/wp-content\/uploads\/2025\/06\/WhatsApp-Image-2025-06-24-at-1.54.26-PM-480x360.jpeg 480w\" sizes=\"auto, (min-width: 0px) and (max-width: 480px) 480px, (min-width: 481px) and (max-width: 980px) 980px, (min-width: 981px) 1024px, 100vw\" \/><\/figure>\n<\/figure>\n","protected":false},"excerpt":{"rendered":"<p>19 agrupaciones danc\u00edsticas del municipio Alberto Adriani participaron en el encuentro El gimnasio de Boxeo \u201cJos\u00e9 Luis Varela\u201d del Complejo Deportivo Carlos Maya fue el escenario vibrante para el Tercer [&hellip;]<\/p>\n","protected":false},"author":2,"featured_media":11833,"comment_status":"open","ping_status":"closed","sticky":false,"template":"","format":"standard","meta":{"_et_pb_use_builder":"off","_et_pb_old_content":"","_et_gb_content_width":"","footnotes":""},"categories":[341,78,77,25],"tags":[31,11,12,15,761,30,29,28],"class_list":["post-11832","post","type-post","status-publish","format-standard","has-post-thumbnail","hentry","category-alcaldia-alberto-adriani","category-cultura","category-iamcaa","category-nuestro-municipio","tag-alcalde","tag-alcaldia","tag-alcaldiaalbertoadriani","tag-elvigia","tag-encrucijadadeprogreso","tag-lisandrosegura","tag-municipioquenosmerecemos","tag-porelrenacer"],"yoast_head":"<!-- This site is optimized with the Yoast SEO plugin v19.13 - https:\/\/yoast.com\/wordpress\/plugins\/seo\/ -->\n<title>M\u00e1s de 400 Bailarines Brillaron en el Tercer Encuentro Municipal<\/title>\n<meta name=\"description\" content=\"M\u00e1s de 400 Bailarines Brillaron en el Tercer Encuentro Municipal de Danza en el gimnasio de Boxeo \u201cJos\u00e9 Luis Varela\u201d\" \/>\n<meta name=\"robots\" content=\"index, follow, max-snippet:-1, max-image-preview:large, max-video-preview:-1\" \/>\n<link rel=\"canonical\" href=\"https:\/\/alcaldiaalbertoadriani.com\/?p=11832\" \/>\n<meta property=\"og:locale\" content=\"es_ES\" \/>\n<meta property=\"og:type\" content=\"article\" \/>\n<meta property=\"og:title\" content=\"M\u00e1s de 400 Bailarines Brillaron en el Tercer Encuentro Municipal\" \/>\n<meta property=\"og:description\" content=\"M\u00e1s de 400 Bailarines Brillaron en el Tercer Encuentro Municipal de Danza en el gimnasio de Boxeo \u201cJos\u00e9 Luis Varela\u201d\" \/>\n<meta property=\"og:url\" content=\"https:\/\/alcaldiaalbertoadriani.com\/?p=11832\" \/>\n<meta property=\"og:site_name\" content=\"Alcaldia Alberto Adriani\" \/>\n<meta property=\"article:published_time\" content=\"2025-06-25T18:53:05+00:00\" \/>\n<meta property=\"article:modified_time\" content=\"2025-06-25T18:53:09+00:00\" \/>\n<meta property=\"og:image\" content=\"https:\/\/alcaldiaalbertoadriani.com\/wp-content\/uploads\/2025\/06\/WhatsApp-Image-2025-06-24-at-1.53.45-PM-1.jpeg\" \/>\n\t<meta property=\"og:image:width\" content=\"1280\" \/>\n\t<meta property=\"og:image:height\" content=\"960\" \/>\n\t<meta property=\"og:image:type\" content=\"image\/jpeg\" \/>\n<meta name=\"author\" content=\"Prensa\" \/>\n<meta name=\"twitter:card\" content=\"summary_large_image\" \/>\n<meta name=\"twitter:label1\" content=\"Escrito por\" \/>\n\t<meta name=\"twitter:data1\" content=\"Prensa\" \/>\n\t<meta name=\"twitter:label2\" content=\"Tiempo de lectura\" \/>\n\t<meta name=\"twitter:data2\" content=\"5 minutos\" \/>\n<script type=\"application\/ld+json\" class=\"yoast-schema-graph\">{\"@context\":\"https:\/\/schema.org\",\"@graph\":[{\"@type\":\"WebPage\",\"@id\":\"https:\/\/alcaldiaalbertoadriani.com\/?p=11832\",\"url\":\"https:\/\/alcaldiaalbertoadriani.com\/?p=11832\",\"name\":\"M\u00e1s de 400 Bailarines Brillaron en el Tercer Encuentro Municipal\",\"isPartOf\":{\"@id\":\"https:\/\/alcaldiaalbertoadriani.com\/#website\"},\"datePublished\":\"2025-06-25T18:53:05+00:00\",\"dateModified\":\"2025-06-25T18:53:09+00:00\",\"author\":{\"@id\":\"https:\/\/alcaldiaalbertoadriani.com\/#\/schema\/person\/549b4483ff8999ac780deeea78795fc9\"},\"description\":\"M\u00e1s de 400 Bailarines Brillaron en el Tercer Encuentro Municipal de Danza en el gimnasio de Boxeo \u201cJos\u00e9 Luis Varela\u201d\",\"breadcrumb\":{\"@id\":\"https:\/\/alcaldiaalbertoadriani.com\/?p=11832#breadcrumb\"},\"inLanguage\":\"es\",\"potentialAction\":[{\"@type\":\"ReadAction\",\"target\":[\"https:\/\/alcaldiaalbertoadriani.com\/?p=11832\"]}]},{\"@type\":\"BreadcrumbList\",\"@id\":\"https:\/\/alcaldiaalbertoadriani.com\/?p=11832#breadcrumb\",\"itemListElement\":[{\"@type\":\"ListItem\",\"position\":1,\"name\":\"Portada\",\"item\":\"https:\/\/alcaldiaalbertoadriani.com\/\"},{\"@type\":\"ListItem\",\"position\":2,\"name\":\"M\u00e1s de 400 Bailarines Brillaron en el Tercer Encuentro Municipal de Danza\"}]},{\"@type\":\"WebSite\",\"@id\":\"https:\/\/alcaldiaalbertoadriani.com\/#website\",\"url\":\"https:\/\/alcaldiaalbertoadriani.com\/\",\"name\":\"Alcaldia Alberto Adriani\",\"description\":\"\",\"potentialAction\":[{\"@type\":\"SearchAction\",\"target\":{\"@type\":\"EntryPoint\",\"urlTemplate\":\"https:\/\/alcaldiaalbertoadriani.com\/?s={search_term_string}\"},\"query-input\":\"required name=search_term_string\"}],\"inLanguage\":\"es\"},{\"@type\":\"Person\",\"@id\":\"https:\/\/alcaldiaalbertoadriani.com\/#\/schema\/person\/549b4483ff8999ac780deeea78795fc9\",\"name\":\"Prensa\",\"image\":{\"@type\":\"ImageObject\",\"inLanguage\":\"es\",\"@id\":\"https:\/\/alcaldiaalbertoadriani.com\/#\/schema\/person\/image\/\",\"url\":\"https:\/\/secure.gravatar.com\/avatar\/ea1cb567ea992a29627f4eee1c2eb185ec16decec6342d508fdf18dedb56c9de?s=96&d=mm&r=g\",\"contentUrl\":\"https:\/\/secure.gravatar.com\/avatar\/ea1cb567ea992a29627f4eee1c2eb185ec16decec6342d508fdf18dedb56c9de?s=96&d=mm&r=g\",\"caption\":\"Prensa\"},\"url\":\"https:\/\/alcaldiaalbertoadriani.com\/?author=2\"}]}<\/script>\n<!-- \/ Yoast SEO plugin. -->","yoast_head_json":{"title":"M\u00e1s de 400 Bailarines Brillaron en el Tercer Encuentro Municipal","description":"M\u00e1s de 400 Bailarines Brillaron en el Tercer Encuentro Municipal de Danza en el gimnasio de Boxeo \u201cJos\u00e9 Luis Varela\u201d","robots":{"index":"index","follow":"follow","max-snippet":"max-snippet:-1","max-image-preview":"max-image-preview:large","max-video-preview":"max-video-preview:-1"},"canonical":"https:\/\/alcaldiaalbertoadriani.com\/?p=11832","og_locale":"es_ES","og_type":"article","og_title":"M\u00e1s de 400 Bailarines Brillaron en el Tercer Encuentro Municipal","og_description":"M\u00e1s de 400 Bailarines Brillaron en el Tercer Encuentro Municipal de Danza en el gimnasio de Boxeo \u201cJos\u00e9 Luis Varela\u201d","og_url":"https:\/\/alcaldiaalbertoadriani.com\/?p=11832","og_site_name":"Alcaldia Alberto Adriani","article_published_time":"2025-06-25T18:53:05+00:00","article_modified_time":"2025-06-25T18:53:09+00:00","og_image":[{"width":1280,"height":960,"url":"https:\/\/alcaldiaalbertoadriani.com\/wp-content\/uploads\/2025\/06\/WhatsApp-Image-2025-06-24-at-1.53.45-PM-1.jpeg","type":"image\/jpeg"}],"author":"Prensa","twitter_card":"summary_large_image","twitter_misc":{"Escrito por":"Prensa","Tiempo de lectura":"5 minutos"},"schema":{"@context":"https:\/\/schema.org","@graph":[{"@type":"WebPage","@id":"https:\/\/alcaldiaalbertoadriani.com\/?p=11832","url":"https:\/\/alcaldiaalbertoadriani.com\/?p=11832","name":"M\u00e1s de 400 Bailarines Brillaron en el Tercer Encuentro Municipal","isPartOf":{"@id":"https:\/\/alcaldiaalbertoadriani.com\/#website"},"datePublished":"2025-06-25T18:53:05+00:00","dateModified":"2025-06-25T18:53:09+00:00","author":{"@id":"https:\/\/alcaldiaalbertoadriani.com\/#\/schema\/person\/549b4483ff8999ac780deeea78795fc9"},"description":"M\u00e1s de 400 Bailarines Brillaron en el Tercer Encuentro Municipal de Danza en el gimnasio de Boxeo \u201cJos\u00e9 Luis Varela\u201d","breadcrumb":{"@id":"https:\/\/alcaldiaalbertoadriani.com\/?p=11832#breadcrumb"},"inLanguage":"es","potentialAction":[{"@type":"ReadAction","target":["https:\/\/alcaldiaalbertoadriani.com\/?p=11832"]}]},{"@type":"BreadcrumbList","@id":"https:\/\/alcaldiaalbertoadriani.com\/?p=11832#breadcrumb","itemListElement":[{"@type":"ListItem","position":1,"name":"Portada","item":"https:\/\/alcaldiaalbertoadriani.com\/"},{"@type":"ListItem","position":2,"name":"M\u00e1s de 400 Bailarines Brillaron en el Tercer Encuentro Municipal de Danza"}]},{"@type":"WebSite","@id":"https:\/\/alcaldiaalbertoadriani.com\/#website","url":"https:\/\/alcaldiaalbertoadriani.com\/","name":"Alcaldia Alberto Adriani","description":"","potentialAction":[{"@type":"SearchAction","target":{"@type":"EntryPoint","urlTemplate":"https:\/\/alcaldiaalbertoadriani.com\/?s={search_term_string}"},"query-input":"required name=search_term_string"}],"inLanguage":"es"},{"@type":"Person","@id":"https:\/\/alcaldiaalbertoadriani.com\/#\/schema\/person\/549b4483ff8999ac780deeea78795fc9","name":"Prensa","image":{"@type":"ImageObject","inLanguage":"es","@id":"https:\/\/alcaldiaalbertoadriani.com\/#\/schema\/person\/image\/","url":"https:\/\/secure.gravatar.com\/avatar\/ea1cb567ea992a29627f4eee1c2eb185ec16decec6342d508fdf18dedb56c9de?s=96&d=mm&r=g","contentUrl":"https:\/\/secure.gravatar.com\/avatar\/ea1cb567ea992a29627f4eee1c2eb185ec16decec6342d508fdf18dedb56c9de?s=96&d=mm&r=g","caption":"Prensa"},"url":"https:\/\/alcaldiaalbertoadriani.com\/?author=2"}]}},"_links":{"self":[{"href":"https:\/\/alcaldiaalbertoadriani.com\/index.php?rest_route=\/wp\/v2\/posts\/11832","targetHints":{"allow":["GET"]}}],"collection":[{"href":"https:\/\/alcaldiaalbertoadriani.com\/index.php?rest_route=\/wp\/v2\/posts"}],"about":[{"href":"https:\/\/alcaldiaalbertoadriani.com\/index.php?rest_route=\/wp\/v2\/types\/post"}],"author":[{"embeddable":true,"href":"https:\/\/alcaldiaalbertoadriani.com\/index.php?rest_route=\/wp\/v2\/users\/2"}],"replies":[{"embeddable":true,"href":"https:\/\/alcaldiaalbertoadriani.com\/index.php?rest_route=%2Fwp%2Fv2%2Fcomments&post=11832"}],"version-history":[{"count":1,"href":"https:\/\/alcaldiaalbertoadriani.com\/index.php?rest_route=\/wp\/v2\/posts\/11832\/revisions"}],"predecessor-version":[{"id":11849,"href":"https:\/\/alcaldiaalbertoadriani.com\/index.php?rest_route=\/wp\/v2\/posts\/11832\/revisions\/11849"}],"wp:featuredmedia":[{"embeddable":true,"href":"https:\/\/alcaldiaalbertoadriani.com\/index.php?rest_route=\/wp\/v2\/media\/11833"}],"wp:attachment":[{"href":"https:\/\/alcaldiaalbertoadriani.com\/index.php?rest_route=%2Fwp%2Fv2%2Fmedia&parent=11832"}],"wp:term":[{"taxonomy":"category","embeddable":true,"href":"https:\/\/alcaldiaalbertoadriani.com\/index.php?rest_route=%2Fwp%2Fv2%2Fcategories&post=11832"},{"taxonomy":"post_tag","embeddable":true,"href":"https:\/\/alcaldiaalbertoadriani.com\/index.php?rest_route=%2Fwp%2Fv2%2Ftags&post=11832"}],"curies":[{"name":"wp","href":"https:\/\/api.w.org\/{rel}","templated":true}]}}