{"id":11796,"date":"2025-06-25T15:32:35","date_gmt":"2025-06-25T15:32:35","guid":{"rendered":"https:\/\/alcaldiaalbertoadriani.com\/?p=11796"},"modified":"2025-06-25T15:32:38","modified_gmt":"2025-06-25T15:32:38","slug":"mas-de-400-bailarines-participaran-en-el-tercer-encuentro","status":"publish","type":"post","link":"https:\/\/alcaldiaalbertoadriani.com\/?p=11796","title":{"rendered":"M\u00e1s de 400 bailarines participar\u00e1n en el Tercer Encuentro de Danzas en El Vig\u00eda"},"content":{"rendered":"\n<p><\/p>\n\n\n\n<p>La gesti\u00f3n del alcalde<a href=\"https:\/\/www.instagram.com\/lisandrosegura02\/?hl=es-es\" target=\"_blank\" rel=\"noreferrer noopener\"> Lisandro Segura<\/a> a trav\u00e9s del Instituto Aut\u00f3nomo Municipal de la Cultura (<a href=\"https:\/\/alcaldiaalbertoadriani.com\/?p=6506\" target=\"_blank\" rel=\"noreferrer noopener\">Iamcaa<\/a>) realizar\u00e1 el Tercer <a href=\"https:\/\/alcaldiaalbertoadriani.com\/?p=2917\" target=\"_blank\" rel=\"noreferrer noopener\">Encuentro de Danzas<\/a> este s\u00e1bado 21 de junio en el gimnasio de Boxeo Jos\u00e9 Luis Varela. El evento contar\u00e1 con la participaci\u00f3n de 19 agrupaciones y m\u00e1s de 400 bailarines en escena, quienes deleitar\u00e1n al p\u00fablico con su talento.<\/p>\n\n\n\n<!--more-->\n\n\n\n<p>Keibert Rojas, presidente del <a href=\"https:\/\/alcaldiaalbertoadriani.com\/?p=6008\" target=\"_blank\" rel=\"noreferrer noopener\">Iamcaa<\/a>, destac\u00f3 la importancia de la reuni\u00f3n sostenida con representantes de las agrupaciones de danza para afinar los \u00faltimos detalles del encuentro. &#8220;Sostuvimos una excelente reuni\u00f3n con representantes de agrupaciones de danzas del municipio para finiquitar detalles de lo que ser\u00e1 el Tercer Encuentro de Danzas&#8221;, se\u00f1al\u00f3 Rojas.<\/p>\n\n\n\n<figure class=\"wp-block-gallery has-nested-images columns-default is-cropped wp-block-gallery-1 is-layout-flex wp-block-gallery-is-layout-flex\">\n<figure class=\"wp-block-image size-large\"><img loading=\"lazy\" decoding=\"async\" width=\"1024\" height=\"768\" data-id=\"11798\" src=\"https:\/\/alcaldiaalbertoadriani.com\/wp-content\/uploads\/2025\/06\/WhatsApp-Image-2025-06-24-at-2.01.25-PM-1024x768.jpeg\" alt=\"\" class=\"wp-image-11798\" srcset=\"https:\/\/alcaldiaalbertoadriani.com\/wp-content\/uploads\/2025\/06\/WhatsApp-Image-2025-06-24-at-2.01.25-PM-1024x768.jpeg 1024w, https:\/\/alcaldiaalbertoadriani.com\/wp-content\/uploads\/2025\/06\/WhatsApp-Image-2025-06-24-at-2.01.25-PM-980x735.jpeg 980w, https:\/\/alcaldiaalbertoadriani.com\/wp-content\/uploads\/2025\/06\/WhatsApp-Image-2025-06-24-at-2.01.25-PM-480x360.jpeg 480w\" sizes=\"auto, (min-width: 0px) and (max-width: 480px) 480px, (min-width: 481px) and (max-width: 980px) 980px, (min-width: 981px) 1024px, 100vw\" \/><\/figure>\n<\/figure>\n\n\n\n<p>Durante el encuentro, los representantes de la danza presentaron al ejecutivo municipal una propuesta para la creaci\u00f3n de la Federaci\u00f3n Municipal de Danzas y su plan operativo anual. La propuesta fue recibida por el director General, Alfredo Mendoza, en representaci\u00f3n del alcalde <a href=\"https:\/\/www.instagram.com\/lisandrosegura02\/?hl=es-es\" target=\"_blank\" rel=\"noreferrer noopener\">Lisandro Segura<\/a>.<\/p>\n\n\n\n<figure class=\"wp-block-gallery has-nested-images columns-default is-cropped wp-block-gallery-2 is-layout-flex wp-block-gallery-is-layout-flex\">\n<figure class=\"wp-block-image size-large\"><img loading=\"lazy\" decoding=\"async\" width=\"1024\" height=\"768\" data-id=\"11799\" src=\"https:\/\/alcaldiaalbertoadriani.com\/wp-content\/uploads\/2025\/06\/WhatsApp-Image-2025-06-24-at-2.01.27-PM-1024x768.jpeg\" alt=\"\" class=\"wp-image-11799\" srcset=\"https:\/\/alcaldiaalbertoadriani.com\/wp-content\/uploads\/2025\/06\/WhatsApp-Image-2025-06-24-at-2.01.27-PM-1024x768.jpeg 1024w, https:\/\/alcaldiaalbertoadriani.com\/wp-content\/uploads\/2025\/06\/WhatsApp-Image-2025-06-24-at-2.01.27-PM-980x735.jpeg 980w, https:\/\/alcaldiaalbertoadriani.com\/wp-content\/uploads\/2025\/06\/WhatsApp-Image-2025-06-24-at-2.01.27-PM-480x360.jpeg 480w\" sizes=\"auto, (min-width: 0px) and (max-width: 480px) 480px, (min-width: 481px) and (max-width: 980px) 980px, (min-width: 981px) 1024px, 100vw\" \/><\/figure>\n<\/figure>\n\n\n\n<p>Pierre Guti\u00e9rrez, de la academia Piero Estudio Pasarela y en representaci\u00f3n de la colectividad que conformar\u00e1 la Federaci\u00f3n Municipal de Danza Dr. Alberto Adriani, explic\u00f3 que la instituci\u00f3n busca agrupar a 22 agrupaciones de diferentes g\u00e9neros de danza de las siete parroquias del municipio. &#8220;Aprovechamos la reuni\u00f3n de hoy para dar a conocer al alcalde Lisandro Segura la conformaci\u00f3n de la Federaci\u00f3n de Danzas&#8221;, afirm\u00f3, a\u00f1adiendo que tambi\u00e9n solicitaron apoyo con un sistema de sonido para los eventos organizados por los grupos danc\u00edsticos en conjunto con el Iamcaa.<strong><em> <strong><strong><strong><strong><strong><strong><strong>Prensa Alcald\u00eda Alberto Adriani\/LisandroRamirezSegura<\/strong><\/strong>\/<strong><strong>Pasante UNICA<\/strong><\/strong><\/strong><\/strong><\/strong><\/strong>\/<\/strong> Fotos: Diego Subero.<\/em><\/strong><\/p>\n\n\n\n<figure class=\"wp-block-gallery has-nested-images columns-default is-cropped wp-block-gallery-3 is-layout-flex wp-block-gallery-is-layout-flex\">\n<figure class=\"wp-block-image size-large\"><img loading=\"lazy\" decoding=\"async\" width=\"1024\" height=\"768\" data-id=\"11800\" src=\"https:\/\/alcaldiaalbertoadriani.com\/wp-content\/uploads\/2025\/06\/WhatsApp-Image-2025-06-24-at-2.01.29-PM-1024x768.jpeg\" alt=\"\" class=\"wp-image-11800\" srcset=\"https:\/\/alcaldiaalbertoadriani.com\/wp-content\/uploads\/2025\/06\/WhatsApp-Image-2025-06-24-at-2.01.29-PM-1024x768.jpeg 1024w, https:\/\/alcaldiaalbertoadriani.com\/wp-content\/uploads\/2025\/06\/WhatsApp-Image-2025-06-24-at-2.01.29-PM-980x735.jpeg 980w, https:\/\/alcaldiaalbertoadriani.com\/wp-content\/uploads\/2025\/06\/WhatsApp-Image-2025-06-24-at-2.01.29-PM-480x360.jpeg 480w\" sizes=\"auto, (min-width: 0px) and (max-width: 480px) 480px, (min-width: 481px) and (max-width: 980px) 980px, (min-width: 981px) 1024px, 100vw\" \/><\/figure>\n<\/figure>\n","protected":false},"excerpt":{"rendered":"<p>La gesti\u00f3n del alcalde Lisandro Segura a trav\u00e9s del Instituto Aut\u00f3nomo Municipal de la Cultura (Iamcaa) realizar\u00e1 el Tercer Encuentro de Danzas este s\u00e1bado 21 de junio en el gimnasio [&hellip;]<\/p>\n","protected":false},"author":2,"featured_media":11797,"comment_status":"open","ping_status":"closed","sticky":false,"template":"","format":"standard","meta":{"_et_pb_use_builder":"off","_et_pb_old_content":"","_et_gb_content_width":"","footnotes":""},"categories":[341,78,77,25],"tags":[31,11,12,15,761,30,29,28],"class_list":["post-11796","post","type-post","status-publish","format-standard","has-post-thumbnail","hentry","category-alcaldia-alberto-adriani","category-cultura","category-iamcaa","category-nuestro-municipio","tag-alcalde","tag-alcaldia","tag-alcaldiaalbertoadriani","tag-elvigia","tag-encrucijadadeprogreso","tag-lisandrosegura","tag-municipioquenosmerecemos","tag-porelrenacer"],"yoast_head":"<!-- This site is optimized with the Yoast SEO plugin v19.13 - https:\/\/yoast.com\/wordpress\/plugins\/seo\/ -->\n<title>M\u00e1s de 400 bailarines participar\u00e1n en el Tercer Encuentro<\/title>\n<meta name=\"description\" content=\"M\u00e1s de 400 bailarines participar\u00e1n en el Tercer Encuentro de Danzas en El Vig\u00eda este s\u00e1bado 21 de junio en el gimnasio Jos\u00e9 Luis Varela\" \/>\n<meta name=\"robots\" content=\"index, follow, max-snippet:-1, max-image-preview:large, max-video-preview:-1\" \/>\n<link rel=\"canonical\" href=\"https:\/\/alcaldiaalbertoadriani.com\/?p=11796\" \/>\n<meta property=\"og:locale\" content=\"es_ES\" \/>\n<meta property=\"og:type\" content=\"article\" \/>\n<meta property=\"og:title\" content=\"M\u00e1s de 400 bailarines participar\u00e1n en el Tercer Encuentro\" \/>\n<meta property=\"og:description\" content=\"M\u00e1s de 400 bailarines participar\u00e1n en el Tercer Encuentro de Danzas en El Vig\u00eda este s\u00e1bado 21 de junio en el gimnasio Jos\u00e9 Luis Varela\" \/>\n<meta property=\"og:url\" content=\"https:\/\/alcaldiaalbertoadriani.com\/?p=11796\" \/>\n<meta property=\"og:site_name\" content=\"Alcaldia Alberto Adriani\" \/>\n<meta property=\"article:published_time\" content=\"2025-06-25T15:32:35+00:00\" \/>\n<meta property=\"article:modified_time\" content=\"2025-06-25T15:32:38+00:00\" \/>\n<meta property=\"og:image\" content=\"https:\/\/alcaldiaalbertoadriani.com\/wp-content\/uploads\/2025\/06\/WhatsApp-Image-2025-06-24-at-2.01.30-PM.jpeg\" \/>\n\t<meta property=\"og:image:width\" content=\"1080\" \/>\n\t<meta property=\"og:image:height\" content=\"810\" \/>\n\t<meta property=\"og:image:type\" content=\"image\/jpeg\" \/>\n<meta name=\"author\" content=\"Prensa\" \/>\n<meta name=\"twitter:card\" content=\"summary_large_image\" \/>\n<meta name=\"twitter:label1\" content=\"Escrito por\" \/>\n\t<meta name=\"twitter:data1\" content=\"Prensa\" \/>\n\t<meta name=\"twitter:label2\" content=\"Tiempo de lectura\" \/>\n\t<meta name=\"twitter:data2\" content=\"2 minutos\" \/>\n<script type=\"application\/ld+json\" class=\"yoast-schema-graph\">{\"@context\":\"https:\/\/schema.org\",\"@graph\":[{\"@type\":\"WebPage\",\"@id\":\"https:\/\/alcaldiaalbertoadriani.com\/?p=11796\",\"url\":\"https:\/\/alcaldiaalbertoadriani.com\/?p=11796\",\"name\":\"M\u00e1s de 400 bailarines participar\u00e1n en el Tercer Encuentro\",\"isPartOf\":{\"@id\":\"https:\/\/alcaldiaalbertoadriani.com\/#website\"},\"datePublished\":\"2025-06-25T15:32:35+00:00\",\"dateModified\":\"2025-06-25T15:32:38+00:00\",\"author\":{\"@id\":\"https:\/\/alcaldiaalbertoadriani.com\/#\/schema\/person\/549b4483ff8999ac780deeea78795fc9\"},\"description\":\"M\u00e1s de 400 bailarines participar\u00e1n en el Tercer Encuentro de Danzas en El Vig\u00eda este s\u00e1bado 21 de junio en el gimnasio Jos\u00e9 Luis Varela\",\"breadcrumb\":{\"@id\":\"https:\/\/alcaldiaalbertoadriani.com\/?p=11796#breadcrumb\"},\"inLanguage\":\"es\",\"potentialAction\":[{\"@type\":\"ReadAction\",\"target\":[\"https:\/\/alcaldiaalbertoadriani.com\/?p=11796\"]}]},{\"@type\":\"BreadcrumbList\",\"@id\":\"https:\/\/alcaldiaalbertoadriani.com\/?p=11796#breadcrumb\",\"itemListElement\":[{\"@type\":\"ListItem\",\"position\":1,\"name\":\"Portada\",\"item\":\"https:\/\/alcaldiaalbertoadriani.com\/\"},{\"@type\":\"ListItem\",\"position\":2,\"name\":\"M\u00e1s de 400 bailarines participar\u00e1n en el Tercer Encuentro de Danzas en El Vig\u00eda\"}]},{\"@type\":\"WebSite\",\"@id\":\"https:\/\/alcaldiaalbertoadriani.com\/#website\",\"url\":\"https:\/\/alcaldiaalbertoadriani.com\/\",\"name\":\"Alcaldia Alberto Adriani\",\"description\":\"\",\"potentialAction\":[{\"@type\":\"SearchAction\",\"target\":{\"@type\":\"EntryPoint\",\"urlTemplate\":\"https:\/\/alcaldiaalbertoadriani.com\/?s={search_term_string}\"},\"query-input\":\"required name=search_term_string\"}],\"inLanguage\":\"es\"},{\"@type\":\"Person\",\"@id\":\"https:\/\/alcaldiaalbertoadriani.com\/#\/schema\/person\/549b4483ff8999ac780deeea78795fc9\",\"name\":\"Prensa\",\"image\":{\"@type\":\"ImageObject\",\"inLanguage\":\"es\",\"@id\":\"https:\/\/alcaldiaalbertoadriani.com\/#\/schema\/person\/image\/\",\"url\":\"https:\/\/secure.gravatar.com\/avatar\/ea1cb567ea992a29627f4eee1c2eb185ec16decec6342d508fdf18dedb56c9de?s=96&d=mm&r=g\",\"contentUrl\":\"https:\/\/secure.gravatar.com\/avatar\/ea1cb567ea992a29627f4eee1c2eb185ec16decec6342d508fdf18dedb56c9de?s=96&d=mm&r=g\",\"caption\":\"Prensa\"},\"url\":\"https:\/\/alcaldiaalbertoadriani.com\/?author=2\"}]}<\/script>\n<!-- \/ Yoast SEO plugin. -->","yoast_head_json":{"title":"M\u00e1s de 400 bailarines participar\u00e1n en el Tercer Encuentro","description":"M\u00e1s de 400 bailarines participar\u00e1n en el Tercer Encuentro de Danzas en El Vig\u00eda este s\u00e1bado 21 de junio en el gimnasio Jos\u00e9 Luis Varela","robots":{"index":"index","follow":"follow","max-snippet":"max-snippet:-1","max-image-preview":"max-image-preview:large","max-video-preview":"max-video-preview:-1"},"canonical":"https:\/\/alcaldiaalbertoadriani.com\/?p=11796","og_locale":"es_ES","og_type":"article","og_title":"M\u00e1s de 400 bailarines participar\u00e1n en el Tercer Encuentro","og_description":"M\u00e1s de 400 bailarines participar\u00e1n en el Tercer Encuentro de Danzas en El Vig\u00eda este s\u00e1bado 21 de junio en el gimnasio Jos\u00e9 Luis Varela","og_url":"https:\/\/alcaldiaalbertoadriani.com\/?p=11796","og_site_name":"Alcaldia Alberto Adriani","article_published_time":"2025-06-25T15:32:35+00:00","article_modified_time":"2025-06-25T15:32:38+00:00","og_image":[{"width":1080,"height":810,"url":"https:\/\/alcaldiaalbertoadriani.com\/wp-content\/uploads\/2025\/06\/WhatsApp-Image-2025-06-24-at-2.01.30-PM.jpeg","type":"image\/jpeg"}],"author":"Prensa","twitter_card":"summary_large_image","twitter_misc":{"Escrito por":"Prensa","Tiempo de lectura":"2 minutos"},"schema":{"@context":"https:\/\/schema.org","@graph":[{"@type":"WebPage","@id":"https:\/\/alcaldiaalbertoadriani.com\/?p=11796","url":"https:\/\/alcaldiaalbertoadriani.com\/?p=11796","name":"M\u00e1s de 400 bailarines participar\u00e1n en el Tercer Encuentro","isPartOf":{"@id":"https:\/\/alcaldiaalbertoadriani.com\/#website"},"datePublished":"2025-06-25T15:32:35+00:00","dateModified":"2025-06-25T15:32:38+00:00","author":{"@id":"https:\/\/alcaldiaalbertoadriani.com\/#\/schema\/person\/549b4483ff8999ac780deeea78795fc9"},"description":"M\u00e1s de 400 bailarines participar\u00e1n en el Tercer Encuentro de Danzas en El Vig\u00eda este s\u00e1bado 21 de junio en el gimnasio Jos\u00e9 Luis Varela","breadcrumb":{"@id":"https:\/\/alcaldiaalbertoadriani.com\/?p=11796#breadcrumb"},"inLanguage":"es","potentialAction":[{"@type":"ReadAction","target":["https:\/\/alcaldiaalbertoadriani.com\/?p=11796"]}]},{"@type":"BreadcrumbList","@id":"https:\/\/alcaldiaalbertoadriani.com\/?p=11796#breadcrumb","itemListElement":[{"@type":"ListItem","position":1,"name":"Portada","item":"https:\/\/alcaldiaalbertoadriani.com\/"},{"@type":"ListItem","position":2,"name":"M\u00e1s de 400 bailarines participar\u00e1n en el Tercer Encuentro de Danzas en El Vig\u00eda"}]},{"@type":"WebSite","@id":"https:\/\/alcaldiaalbertoadriani.com\/#website","url":"https:\/\/alcaldiaalbertoadriani.com\/","name":"Alcaldia Alberto Adriani","description":"","potentialAction":[{"@type":"SearchAction","target":{"@type":"EntryPoint","urlTemplate":"https:\/\/alcaldiaalbertoadriani.com\/?s={search_term_string}"},"query-input":"required name=search_term_string"}],"inLanguage":"es"},{"@type":"Person","@id":"https:\/\/alcaldiaalbertoadriani.com\/#\/schema\/person\/549b4483ff8999ac780deeea78795fc9","name":"Prensa","image":{"@type":"ImageObject","inLanguage":"es","@id":"https:\/\/alcaldiaalbertoadriani.com\/#\/schema\/person\/image\/","url":"https:\/\/secure.gravatar.com\/avatar\/ea1cb567ea992a29627f4eee1c2eb185ec16decec6342d508fdf18dedb56c9de?s=96&d=mm&r=g","contentUrl":"https:\/\/secure.gravatar.com\/avatar\/ea1cb567ea992a29627f4eee1c2eb185ec16decec6342d508fdf18dedb56c9de?s=96&d=mm&r=g","caption":"Prensa"},"url":"https:\/\/alcaldiaalbertoadriani.com\/?author=2"}]}},"_links":{"self":[{"href":"https:\/\/alcaldiaalbertoadriani.com\/index.php?rest_route=\/wp\/v2\/posts\/11796","targetHints":{"allow":["GET"]}}],"collection":[{"href":"https:\/\/alcaldiaalbertoadriani.com\/index.php?rest_route=\/wp\/v2\/posts"}],"about":[{"href":"https:\/\/alcaldiaalbertoadriani.com\/index.php?rest_route=\/wp\/v2\/types\/post"}],"author":[{"embeddable":true,"href":"https:\/\/alcaldiaalbertoadriani.com\/index.php?rest_route=\/wp\/v2\/users\/2"}],"replies":[{"embeddable":true,"href":"https:\/\/alcaldiaalbertoadriani.com\/index.php?rest_route=%2Fwp%2Fv2%2Fcomments&post=11796"}],"version-history":[{"count":1,"href":"https:\/\/alcaldiaalbertoadriani.com\/index.php?rest_route=\/wp\/v2\/posts\/11796\/revisions"}],"predecessor-version":[{"id":11801,"href":"https:\/\/alcaldiaalbertoadriani.com\/index.php?rest_route=\/wp\/v2\/posts\/11796\/revisions\/11801"}],"wp:featuredmedia":[{"embeddable":true,"href":"https:\/\/alcaldiaalbertoadriani.com\/index.php?rest_route=\/wp\/v2\/media\/11797"}],"wp:attachment":[{"href":"https:\/\/alcaldiaalbertoadriani.com\/index.php?rest_route=%2Fwp%2Fv2%2Fmedia&parent=11796"}],"wp:term":[{"taxonomy":"category","embeddable":true,"href":"https:\/\/alcaldiaalbertoadriani.com\/index.php?rest_route=%2Fwp%2Fv2%2Fcategories&post=11796"},{"taxonomy":"post_tag","embeddable":true,"href":"https:\/\/alcaldiaalbertoadriani.com\/index.php?rest_route=%2Fwp%2Fv2%2Ftags&post=11796"}],"curies":[{"name":"wp","href":"https:\/\/api.w.org\/{rel}","templated":true}]}}