{"id":11786,"date":"2025-06-25T15:06:28","date_gmt":"2025-06-25T15:06:28","guid":{"rendered":"https:\/\/alcaldiaalbertoadriani.com\/?p=11786"},"modified":"2025-06-25T15:06:32","modified_gmt":"2025-06-25T15:06:32","slug":"alcalde-lisandro-segura-ofrecio-balance-sobre-mantenimiento","status":"publish","type":"post","link":"https:\/\/alcaldiaalbertoadriani.com\/?p=11786","title":{"rendered":"Alcalde Lisandro Segura ofreci\u00f3 balance sobre mantenimiento y recuperaci\u00f3n de espacios"},"content":{"rendered":"\n<p><\/p>\n\n\n\n<p>En una edici\u00f3n especial de su <a href=\"https:\/\/alcaldiaalbertoadriani.com\/?p=11388\" target=\"_blank\" rel=\"noreferrer noopener\">programa radial<\/a>, el alcalde <a href=\"https:\/\/www.instagram.com\/lisandrosegura02\/?hl=es-es\" target=\"_blank\" rel=\"noreferrer noopener\">Lisandro Segura<\/a> ofreci\u00f3 este jueves un balance sobre los trabajos de limpieza y mantenimiento de canales de aguas pluviales y drenajes que viene ejecutando el gobierno municipal desde el inicio de su gesti\u00f3n. El burgomaestre enfatiz\u00f3 la importancia de la prevenci\u00f3n en estas labores de mantenimiento.<\/p>\n\n\n\n<!--more-->\n\n\n\n<p>\u201cHemos hecho trabajos de manera preventiva en nuestra gesti\u00f3n en toda la geograf\u00eda del municipio\u201d, afirm\u00f3 el alcalde, destacando el compromiso en ayudar a mitigar los riesgos.<\/p>\n\n\n\n<p>Segura explic\u00f3 que, a pesar de la limpieza de drenajes realizada hace un mes en las inmediaciones del terminal de pasajeros, la lluvia torrencial de la semana pasada super\u00f3 significativamente el promedio diario de precipitaciones en la zona.<\/p>\n\n\n\n<p>Seg\u00fan un informe presentado por la Unidad de Gesti\u00f3n de Riesgos y Administraci\u00f3n de Desastres (<a href=\"https:\/\/alcaldiaalbertoadriani.com\/?p=10895\">Ugradmaa<\/a>), el jueves de la semana pasada se registr\u00f3 una ca\u00edda de 19,6 mil\u00edmetros por metro cuadrado de lluvia, \u201ces decir, 5.6 veces superior al promedio diario en la regi\u00f3n; raz\u00f3n por la cual llev\u00f3 al colapso de los drenajes\u201d, explic\u00f3. No obstante, el alcalde resalt\u00f3 su presencia constante y la de su equipo de trabajo para monitorear y atender la contingencia.<\/p>\n\n\n\n<p>Actualmente, maquinaria tipo jumbo se encuentra realizando trabajos de limpieza en el canal de aguas pluviales adyacente al terminal de pasajeros Abelardo Pern\u00eda, cerca del Ca\u00f1o San Rom\u00e1n, con el fin de restaurarlo.<\/p>\n\n\n\n<p>En otro orden de ideas, el alcalde Segura resalt\u00f3 la reciente inauguraci\u00f3n de la remodelaci\u00f3n de la plaza Alberto Adriani, un espacio recuperado en el marco de la celebraci\u00f3n de cuatro efem\u00e9rides locales. \u201cEsta plaza, desde ahora es un espacio para el encuentro con la historia local\u201d, afirm\u00f3.<\/p>\n\n\n\n<p>Adem\u00e1s, anunci\u00f3 planes para mejorar otras plazas como Mamasantos, El Ferrocarril y la plaza Bol\u00edvar, as\u00ed como la construcci\u00f3n de una en San Isidro. El alcalde reafirm\u00f3 el compromiso de su gesti\u00f3n con el desarrollo integral del municipio. \u201cSiempre hemos actuado con criterios de prioridad, por ello nos propusimos atender la vialidad, mejorar el servicio de aseo urbano, el mantenimiento de drenajes y \u00e1reas verdes, ayudas sociales y mejoras en los ingresos de los trabajadores de la municipalidad\u201d, subray\u00f3.<\/p>\n\n\n\n<p>Finalmente, inform\u00f3 sobre los trabajos de rehabilitaci\u00f3n vial con maquinaria patrol en los sectores Monte Verde y Jos\u00e9 Mart\u00ed. Invit\u00f3 a la comunidad para el s\u00e1bado 21 de junio al tercer Encuentro de Danzas en el Gimnasio de Boxeo Jos\u00e9 Luis Varela y a los Toros Coleados en Onia a partir de las 3:00 p.m. <strong><strong><em><strong><em><strong><em><strong><em><strong><em><strong>Prensa Alcald\u00eda Alberto Adriani\/LisandroRamirezSegura<\/strong><\/em><\/strong>\/<strong><em><strong>Pasante UNICA<\/strong><\/em><\/strong><\/em><\/strong><\/em><\/strong><\/em><\/strong><\/em><\/strong>\/<em> Fotos: Karla M\u00e1rquez.<\/em><\/strong><\/p>\n","protected":false},"excerpt":{"rendered":"<p>En una edici\u00f3n especial de su programa radial, el alcalde Lisandro Segura ofreci\u00f3 este jueves un balance sobre los trabajos de limpieza y mantenimiento de canales de aguas pluviales y [&hellip;]<\/p>\n","protected":false},"author":2,"featured_media":11787,"comment_status":"open","ping_status":"closed","sticky":false,"template":"","format":"standard","meta":{"_et_pb_use_builder":"off","_et_pb_old_content":"","_et_gb_content_width":"","footnotes":""},"categories":[341,222,25,189],"tags":[31,11,12,15,761,30,29,28],"class_list":["post-11786","post","type-post","status-publish","format-standard","has-post-thumbnail","hentry","category-alcaldia-alberto-adriani","category-conversando-con-lisandro","category-nuestro-municipio","category-renacer-de-mi-vigia-querido","tag-alcalde","tag-alcaldia","tag-alcaldiaalbertoadriani","tag-elvigia","tag-encrucijadadeprogreso","tag-lisandrosegura","tag-municipioquenosmerecemos","tag-porelrenacer"],"yoast_head":"<!-- This site is optimized with the Yoast SEO plugin v19.13 - https:\/\/yoast.com\/wordpress\/plugins\/seo\/ -->\n<title>Alcalde Lisandro Segura ofreci\u00f3 balance sobre mantenimiento<\/title>\n<meta name=\"description\" content=\"Alcalde Lisandro Segura ofreci\u00f3 balance sobre mantenimiento y recuperaci\u00f3n de espacios en una edici\u00f3n especial de su programa radial\" \/>\n<meta name=\"robots\" content=\"index, follow, max-snippet:-1, max-image-preview:large, max-video-preview:-1\" \/>\n<link rel=\"canonical\" href=\"https:\/\/alcaldiaalbertoadriani.com\/?p=11786\" \/>\n<meta property=\"og:locale\" content=\"es_ES\" \/>\n<meta property=\"og:type\" content=\"article\" \/>\n<meta property=\"og:title\" content=\"Alcalde Lisandro Segura ofreci\u00f3 balance sobre mantenimiento\" \/>\n<meta property=\"og:description\" content=\"Alcalde Lisandro Segura ofreci\u00f3 balance sobre mantenimiento y recuperaci\u00f3n de espacios en una edici\u00f3n especial de su programa radial\" \/>\n<meta property=\"og:url\" content=\"https:\/\/alcaldiaalbertoadriani.com\/?p=11786\" \/>\n<meta property=\"og:site_name\" content=\"Alcaldia Alberto Adriani\" \/>\n<meta property=\"article:published_time\" content=\"2025-06-25T15:06:28+00:00\" \/>\n<meta property=\"article:modified_time\" content=\"2025-06-25T15:06:32+00:00\" \/>\n<meta property=\"og:image\" content=\"https:\/\/alcaldiaalbertoadriani.com\/wp-content\/uploads\/2025\/06\/WhatsApp-Image-2025-06-24-at-2.00.22-PM.jpeg\" \/>\n\t<meta property=\"og:image:width\" content=\"1280\" \/>\n\t<meta property=\"og:image:height\" content=\"960\" \/>\n\t<meta property=\"og:image:type\" content=\"image\/jpeg\" \/>\n<meta name=\"author\" content=\"Prensa\" \/>\n<meta name=\"twitter:card\" content=\"summary_large_image\" \/>\n<meta name=\"twitter:label1\" content=\"Escrito por\" \/>\n\t<meta name=\"twitter:data1\" content=\"Prensa\" \/>\n\t<meta name=\"twitter:label2\" content=\"Tiempo de lectura\" \/>\n\t<meta name=\"twitter:data2\" content=\"2 minutos\" \/>\n<script type=\"application\/ld+json\" class=\"yoast-schema-graph\">{\"@context\":\"https:\/\/schema.org\",\"@graph\":[{\"@type\":\"WebPage\",\"@id\":\"https:\/\/alcaldiaalbertoadriani.com\/?p=11786\",\"url\":\"https:\/\/alcaldiaalbertoadriani.com\/?p=11786\",\"name\":\"Alcalde Lisandro Segura ofreci\u00f3 balance sobre mantenimiento\",\"isPartOf\":{\"@id\":\"https:\/\/alcaldiaalbertoadriani.com\/#website\"},\"datePublished\":\"2025-06-25T15:06:28+00:00\",\"dateModified\":\"2025-06-25T15:06:32+00:00\",\"author\":{\"@id\":\"https:\/\/alcaldiaalbertoadriani.com\/#\/schema\/person\/549b4483ff8999ac780deeea78795fc9\"},\"description\":\"Alcalde Lisandro Segura ofreci\u00f3 balance sobre mantenimiento y recuperaci\u00f3n de espacios en una edici\u00f3n especial de su programa radial\",\"breadcrumb\":{\"@id\":\"https:\/\/alcaldiaalbertoadriani.com\/?p=11786#breadcrumb\"},\"inLanguage\":\"es\",\"potentialAction\":[{\"@type\":\"ReadAction\",\"target\":[\"https:\/\/alcaldiaalbertoadriani.com\/?p=11786\"]}]},{\"@type\":\"BreadcrumbList\",\"@id\":\"https:\/\/alcaldiaalbertoadriani.com\/?p=11786#breadcrumb\",\"itemListElement\":[{\"@type\":\"ListItem\",\"position\":1,\"name\":\"Portada\",\"item\":\"https:\/\/alcaldiaalbertoadriani.com\/\"},{\"@type\":\"ListItem\",\"position\":2,\"name\":\"Alcalde Lisandro Segura ofreci\u00f3 balance sobre mantenimiento y recuperaci\u00f3n de espacios\"}]},{\"@type\":\"WebSite\",\"@id\":\"https:\/\/alcaldiaalbertoadriani.com\/#website\",\"url\":\"https:\/\/alcaldiaalbertoadriani.com\/\",\"name\":\"Alcaldia Alberto Adriani\",\"description\":\"\",\"potentialAction\":[{\"@type\":\"SearchAction\",\"target\":{\"@type\":\"EntryPoint\",\"urlTemplate\":\"https:\/\/alcaldiaalbertoadriani.com\/?s={search_term_string}\"},\"query-input\":\"required name=search_term_string\"}],\"inLanguage\":\"es\"},{\"@type\":\"Person\",\"@id\":\"https:\/\/alcaldiaalbertoadriani.com\/#\/schema\/person\/549b4483ff8999ac780deeea78795fc9\",\"name\":\"Prensa\",\"image\":{\"@type\":\"ImageObject\",\"inLanguage\":\"es\",\"@id\":\"https:\/\/alcaldiaalbertoadriani.com\/#\/schema\/person\/image\/\",\"url\":\"https:\/\/secure.gravatar.com\/avatar\/ea1cb567ea992a29627f4eee1c2eb185ec16decec6342d508fdf18dedb56c9de?s=96&d=mm&r=g\",\"contentUrl\":\"https:\/\/secure.gravatar.com\/avatar\/ea1cb567ea992a29627f4eee1c2eb185ec16decec6342d508fdf18dedb56c9de?s=96&d=mm&r=g\",\"caption\":\"Prensa\"},\"url\":\"https:\/\/alcaldiaalbertoadriani.com\/?author=2\"}]}<\/script>\n<!-- \/ Yoast SEO plugin. -->","yoast_head_json":{"title":"Alcalde Lisandro Segura ofreci\u00f3 balance sobre mantenimiento","description":"Alcalde Lisandro Segura ofreci\u00f3 balance sobre mantenimiento y recuperaci\u00f3n de espacios en una edici\u00f3n especial de su programa radial","robots":{"index":"index","follow":"follow","max-snippet":"max-snippet:-1","max-image-preview":"max-image-preview:large","max-video-preview":"max-video-preview:-1"},"canonical":"https:\/\/alcaldiaalbertoadriani.com\/?p=11786","og_locale":"es_ES","og_type":"article","og_title":"Alcalde Lisandro Segura ofreci\u00f3 balance sobre mantenimiento","og_description":"Alcalde Lisandro Segura ofreci\u00f3 balance sobre mantenimiento y recuperaci\u00f3n de espacios en una edici\u00f3n especial de su programa radial","og_url":"https:\/\/alcaldiaalbertoadriani.com\/?p=11786","og_site_name":"Alcaldia Alberto Adriani","article_published_time":"2025-06-25T15:06:28+00:00","article_modified_time":"2025-06-25T15:06:32+00:00","og_image":[{"width":1280,"height":960,"url":"https:\/\/alcaldiaalbertoadriani.com\/wp-content\/uploads\/2025\/06\/WhatsApp-Image-2025-06-24-at-2.00.22-PM.jpeg","type":"image\/jpeg"}],"author":"Prensa","twitter_card":"summary_large_image","twitter_misc":{"Escrito por":"Prensa","Tiempo de lectura":"2 minutos"},"schema":{"@context":"https:\/\/schema.org","@graph":[{"@type":"WebPage","@id":"https:\/\/alcaldiaalbertoadriani.com\/?p=11786","url":"https:\/\/alcaldiaalbertoadriani.com\/?p=11786","name":"Alcalde Lisandro Segura ofreci\u00f3 balance sobre mantenimiento","isPartOf":{"@id":"https:\/\/alcaldiaalbertoadriani.com\/#website"},"datePublished":"2025-06-25T15:06:28+00:00","dateModified":"2025-06-25T15:06:32+00:00","author":{"@id":"https:\/\/alcaldiaalbertoadriani.com\/#\/schema\/person\/549b4483ff8999ac780deeea78795fc9"},"description":"Alcalde Lisandro Segura ofreci\u00f3 balance sobre mantenimiento y recuperaci\u00f3n de espacios en una edici\u00f3n especial de su programa radial","breadcrumb":{"@id":"https:\/\/alcaldiaalbertoadriani.com\/?p=11786#breadcrumb"},"inLanguage":"es","potentialAction":[{"@type":"ReadAction","target":["https:\/\/alcaldiaalbertoadriani.com\/?p=11786"]}]},{"@type":"BreadcrumbList","@id":"https:\/\/alcaldiaalbertoadriani.com\/?p=11786#breadcrumb","itemListElement":[{"@type":"ListItem","position":1,"name":"Portada","item":"https:\/\/alcaldiaalbertoadriani.com\/"},{"@type":"ListItem","position":2,"name":"Alcalde Lisandro Segura ofreci\u00f3 balance sobre mantenimiento y recuperaci\u00f3n de espacios"}]},{"@type":"WebSite","@id":"https:\/\/alcaldiaalbertoadriani.com\/#website","url":"https:\/\/alcaldiaalbertoadriani.com\/","name":"Alcaldia Alberto Adriani","description":"","potentialAction":[{"@type":"SearchAction","target":{"@type":"EntryPoint","urlTemplate":"https:\/\/alcaldiaalbertoadriani.com\/?s={search_term_string}"},"query-input":"required name=search_term_string"}],"inLanguage":"es"},{"@type":"Person","@id":"https:\/\/alcaldiaalbertoadriani.com\/#\/schema\/person\/549b4483ff8999ac780deeea78795fc9","name":"Prensa","image":{"@type":"ImageObject","inLanguage":"es","@id":"https:\/\/alcaldiaalbertoadriani.com\/#\/schema\/person\/image\/","url":"https:\/\/secure.gravatar.com\/avatar\/ea1cb567ea992a29627f4eee1c2eb185ec16decec6342d508fdf18dedb56c9de?s=96&d=mm&r=g","contentUrl":"https:\/\/secure.gravatar.com\/avatar\/ea1cb567ea992a29627f4eee1c2eb185ec16decec6342d508fdf18dedb56c9de?s=96&d=mm&r=g","caption":"Prensa"},"url":"https:\/\/alcaldiaalbertoadriani.com\/?author=2"}]}},"_links":{"self":[{"href":"https:\/\/alcaldiaalbertoadriani.com\/index.php?rest_route=\/wp\/v2\/posts\/11786","targetHints":{"allow":["GET"]}}],"collection":[{"href":"https:\/\/alcaldiaalbertoadriani.com\/index.php?rest_route=\/wp\/v2\/posts"}],"about":[{"href":"https:\/\/alcaldiaalbertoadriani.com\/index.php?rest_route=\/wp\/v2\/types\/post"}],"author":[{"embeddable":true,"href":"https:\/\/alcaldiaalbertoadriani.com\/index.php?rest_route=\/wp\/v2\/users\/2"}],"replies":[{"embeddable":true,"href":"https:\/\/alcaldiaalbertoadriani.com\/index.php?rest_route=%2Fwp%2Fv2%2Fcomments&post=11786"}],"version-history":[{"count":1,"href":"https:\/\/alcaldiaalbertoadriani.com\/index.php?rest_route=\/wp\/v2\/posts\/11786\/revisions"}],"predecessor-version":[{"id":11788,"href":"https:\/\/alcaldiaalbertoadriani.com\/index.php?rest_route=\/wp\/v2\/posts\/11786\/revisions\/11788"}],"wp:featuredmedia":[{"embeddable":true,"href":"https:\/\/alcaldiaalbertoadriani.com\/index.php?rest_route=\/wp\/v2\/media\/11787"}],"wp:attachment":[{"href":"https:\/\/alcaldiaalbertoadriani.com\/index.php?rest_route=%2Fwp%2Fv2%2Fmedia&parent=11786"}],"wp:term":[{"taxonomy":"category","embeddable":true,"href":"https:\/\/alcaldiaalbertoadriani.com\/index.php?rest_route=%2Fwp%2Fv2%2Fcategories&post=11786"},{"taxonomy":"post_tag","embeddable":true,"href":"https:\/\/alcaldiaalbertoadriani.com\/index.php?rest_route=%2Fwp%2Fv2%2Ftags&post=11786"}],"curies":[{"name":"wp","href":"https:\/\/api.w.org\/{rel}","templated":true}]}}