{"id":11388,"date":"2025-06-02T19:00:14","date_gmt":"2025-06-02T19:00:14","guid":{"rendered":"https:\/\/alcaldiaalbertoadriani.com\/?p=11388"},"modified":"2025-06-02T19:01:51","modified_gmt":"2025-06-02T19:01:51","slug":"alcalde-lisandro-segura-anuncia-avances-en-su-gestion-municipal","status":"publish","type":"post","link":"https:\/\/alcaldiaalbertoadriani.com\/?p=11388","title":{"rendered":"Alcalde Lisandro Segura anuncia avances en su gesti\u00f3n municipal y actividades feriales en su programa radial"},"content":{"rendered":"\n<p><\/p>\n\n\n\n<p>Este mi\u00e9rcoles el alcalde del municipio Alberto Adriani, <a href=\"https:\/\/www.instagram.com\/lisandrosegura02\/?hl=es-es\" target=\"_blank\" rel=\"noreferrer noopener\">Lisandro Segura<\/a>, durante su <a href=\"https:\/\/alcaldiaalbertoadriani.com\/?p=11324\" target=\"_blank\" rel=\"noreferrer noopener\">programa radial<\/a> semanal, ofreci\u00f3 un balance de las recientes elecciones regionales y legislativas, destacando la baja participaci\u00f3n ciudadana. Tambi\u00e9n inform\u00f3 sobre los avances de su gesti\u00f3n, as\u00ed como la programaci\u00f3n ferial 2025.<\/p>\n\n\n\n<p>En cuanto a las acciones de gobierno, Segura detall\u00f3 que contin\u00faan los trabajos de rehabilitaci\u00f3n vial en diversas zonas del municipio. &#8220;Continuamos trabajando en beneficio de la colectividad vig\u00edense. Actualmente, estamos rehabilitando la vialidad agr\u00edcola del sector La Florida de la<a href=\"https:\/\/alcaldiaalbertoadriani.com\/?p=7330\" target=\"_blank\" rel=\"noreferrer noopener\"> parroquia R\u00f3mulo Betancourt <\/a>con la m\u00e1quina motoniveladora y colocaci\u00f3n de granz\u00f3n. De igual modo, se rehabilit\u00f3 un tramo en el sector Cerro Azul de la parroquia H\u00e9ctor Amable Mora&#8221;.<\/p>\n\n\n\n<p>Destac\u00f3 tambi\u00e9n el avance del plan de asfaltado en la<a href=\"https:\/\/alcaldiaalbertoadriani.com\/?p=2733\" target=\"_blank\" rel=\"noreferrer noopener\"> parroquia Rafael Pulido M\u00e9ndez<\/a>, espec\u00edficamente por las inmediaciones de la universidad Sim\u00f3n Rodr\u00edguez y del sector conocido como la Jorlay.<\/p>\n\n\n\n<p>Durante la transmisi\u00f3n, el burgomaestre inform\u00f3 sobre la jornada recreativa realizada en conjunto entre la <a href=\"https:\/\/alcaldiaalbertoadriani.com\/?p=11308\" target=\"_blank\" rel=\"noreferrer noopener\">Fundaci\u00f3n Ni\u00f1os Color de mi Tierra<\/a> y el <a href=\"https:\/\/alcaldiaalbertoadriani.com\/?p=10310\" target=\"_blank\" rel=\"noreferrer noopener\">Instituto Municipal de la Juventud<\/a>, dirigida a los ni\u00f1os de la escuela especial \u201cAsunci\u00f3n Dugarte\u201d. &#8220;Estas actividades buscan compartir y brindar momentos \u00fanicos que generen bienestar a nuestros ni\u00f1os&#8221;, expres\u00f3.<\/p>\n\n\n\n<p>Asimismo, dio a conocer la programaci\u00f3n ferial del municipio. &#8220;Este viernes 30 de mayo tendremos la elecci\u00f3n y coronaci\u00f3n de la reina, con la presentaci\u00f3n de los Embajadores Vallenato&#8221;, anunci\u00f3. La agenda ferial continuar\u00e1 con la cabalgata Asodegaa el 31, luego la Expo Asodegaa, el Binacional de Caballos de Paso, diversas actividades deportivas, encuentro de danzas y otros.<\/p>\n\n\n\n<p>Adem\u00e1s, el alcalde anunci\u00f3 la inauguraci\u00f3n de la rehabilitaci\u00f3n de la Plaza Dr. Alberto Adriani para el pr\u00f3ximo 14 de junio, en conmemoraci\u00f3n del 127 aniversario del natalicio del ep\u00f3nimo del municipio. Ese mismo d\u00eda, se realizar\u00e1 una gran Bailanta en el estacionamiento del Junior Mall, con la presentaci\u00f3n de Las Musas del Vallenato, Los Serranitos de Am\u00e9rica y Los Originales de la Makina.<\/p>\n\n\n\n<p>Finalmente, el alcalde vig\u00edense reitero su compromiso de seguir cumpliendo con las comunidades de Alberto Adriani. <strong><em><strong><em><strong>Prensa Alcald\u00eda Alberto Adriani\/LisandroRamirezSegura\/Pasante UNICA.<\/strong><\/em><\/strong><\/em>\/<em> Fotos: Yerasabrith Manrique.<\/em><\/strong><\/p>\n","protected":false},"excerpt":{"rendered":"<p>Este mi\u00e9rcoles el alcalde del municipio Alberto Adriani, Lisandro Segura, durante su programa radial semanal, ofreci\u00f3 un balance de las recientes elecciones regionales y legislativas, destacando la baja participaci\u00f3n ciudadana. [&hellip;]<\/p>\n","protected":false},"author":2,"featured_media":11389,"comment_status":"open","ping_status":"closed","sticky":false,"template":"","format":"standard","meta":{"_et_pb_use_builder":"off","_et_pb_old_content":"","_et_gb_content_width":"","footnotes":""},"categories":[341,222,25],"tags":[31,11,12,15,761,30,29,28],"class_list":["post-11388","post","type-post","status-publish","format-standard","has-post-thumbnail","hentry","category-alcaldia-alberto-adriani","category-conversando-con-lisandro","category-nuestro-municipio","tag-alcalde","tag-alcaldia","tag-alcaldiaalbertoadriani","tag-elvigia","tag-encrucijadadeprogreso","tag-lisandrosegura","tag-municipioquenosmerecemos","tag-porelrenacer"],"yoast_head":"<!-- This site is optimized with the Yoast SEO plugin v19.13 - https:\/\/yoast.com\/wordpress\/plugins\/seo\/ -->\n<title>Alcalde Lisandro Segura anuncia avances en su gesti\u00f3n municipal<\/title>\n<meta name=\"description\" content=\"Alcalde Lisandro Segura anuncia avances en su gesti\u00f3n municipal y actividades feriales en su programa radial\" \/>\n<meta name=\"robots\" content=\"index, follow, max-snippet:-1, max-image-preview:large, max-video-preview:-1\" \/>\n<link rel=\"canonical\" href=\"https:\/\/alcaldiaalbertoadriani.com\/?p=11388\" \/>\n<meta property=\"og:locale\" content=\"es_ES\" \/>\n<meta property=\"og:type\" content=\"article\" \/>\n<meta property=\"og:title\" content=\"Alcalde Lisandro Segura anuncia avances en su gesti\u00f3n municipal\" \/>\n<meta property=\"og:description\" content=\"Alcalde Lisandro Segura anuncia avances en su gesti\u00f3n municipal y actividades feriales en su programa radial\" \/>\n<meta property=\"og:url\" content=\"https:\/\/alcaldiaalbertoadriani.com\/?p=11388\" \/>\n<meta property=\"og:site_name\" content=\"Alcaldia Alberto Adriani\" \/>\n<meta property=\"article:published_time\" content=\"2025-06-02T19:00:14+00:00\" \/>\n<meta property=\"article:modified_time\" content=\"2025-06-02T19:01:51+00:00\" \/>\n<meta property=\"og:image\" content=\"https:\/\/alcaldiaalbertoadriani.com\/wp-content\/uploads\/2025\/06\/photo_5039845424516673158_y.jpg\" \/>\n\t<meta property=\"og:image:width\" content=\"1280\" \/>\n\t<meta property=\"og:image:height\" content=\"960\" \/>\n\t<meta property=\"og:image:type\" content=\"image\/jpeg\" \/>\n<meta name=\"author\" content=\"Prensa\" \/>\n<meta name=\"twitter:card\" content=\"summary_large_image\" \/>\n<meta name=\"twitter:label1\" content=\"Escrito por\" \/>\n\t<meta name=\"twitter:data1\" content=\"Prensa\" \/>\n\t<meta name=\"twitter:label2\" content=\"Tiempo de lectura\" \/>\n\t<meta name=\"twitter:data2\" content=\"2 minutos\" \/>\n<script type=\"application\/ld+json\" class=\"yoast-schema-graph\">{\"@context\":\"https:\/\/schema.org\",\"@graph\":[{\"@type\":\"WebPage\",\"@id\":\"https:\/\/alcaldiaalbertoadriani.com\/?p=11388\",\"url\":\"https:\/\/alcaldiaalbertoadriani.com\/?p=11388\",\"name\":\"Alcalde Lisandro Segura anuncia avances en su gesti\u00f3n municipal\",\"isPartOf\":{\"@id\":\"https:\/\/alcaldiaalbertoadriani.com\/#website\"},\"datePublished\":\"2025-06-02T19:00:14+00:00\",\"dateModified\":\"2025-06-02T19:01:51+00:00\",\"author\":{\"@id\":\"https:\/\/alcaldiaalbertoadriani.com\/#\/schema\/person\/549b4483ff8999ac780deeea78795fc9\"},\"description\":\"Alcalde Lisandro Segura anuncia avances en su gesti\u00f3n municipal y actividades feriales en su programa radial\",\"breadcrumb\":{\"@id\":\"https:\/\/alcaldiaalbertoadriani.com\/?p=11388#breadcrumb\"},\"inLanguage\":\"es\",\"potentialAction\":[{\"@type\":\"ReadAction\",\"target\":[\"https:\/\/alcaldiaalbertoadriani.com\/?p=11388\"]}]},{\"@type\":\"BreadcrumbList\",\"@id\":\"https:\/\/alcaldiaalbertoadriani.com\/?p=11388#breadcrumb\",\"itemListElement\":[{\"@type\":\"ListItem\",\"position\":1,\"name\":\"Portada\",\"item\":\"https:\/\/alcaldiaalbertoadriani.com\/\"},{\"@type\":\"ListItem\",\"position\":2,\"name\":\"Alcalde Lisandro Segura anuncia avances en su gesti\u00f3n municipal y actividades feriales en su programa radial\"}]},{\"@type\":\"WebSite\",\"@id\":\"https:\/\/alcaldiaalbertoadriani.com\/#website\",\"url\":\"https:\/\/alcaldiaalbertoadriani.com\/\",\"name\":\"Alcaldia Alberto Adriani\",\"description\":\"\",\"potentialAction\":[{\"@type\":\"SearchAction\",\"target\":{\"@type\":\"EntryPoint\",\"urlTemplate\":\"https:\/\/alcaldiaalbertoadriani.com\/?s={search_term_string}\"},\"query-input\":\"required name=search_term_string\"}],\"inLanguage\":\"es\"},{\"@type\":\"Person\",\"@id\":\"https:\/\/alcaldiaalbertoadriani.com\/#\/schema\/person\/549b4483ff8999ac780deeea78795fc9\",\"name\":\"Prensa\",\"image\":{\"@type\":\"ImageObject\",\"inLanguage\":\"es\",\"@id\":\"https:\/\/alcaldiaalbertoadriani.com\/#\/schema\/person\/image\/\",\"url\":\"https:\/\/secure.gravatar.com\/avatar\/ea1cb567ea992a29627f4eee1c2eb185ec16decec6342d508fdf18dedb56c9de?s=96&d=mm&r=g\",\"contentUrl\":\"https:\/\/secure.gravatar.com\/avatar\/ea1cb567ea992a29627f4eee1c2eb185ec16decec6342d508fdf18dedb56c9de?s=96&d=mm&r=g\",\"caption\":\"Prensa\"},\"url\":\"https:\/\/alcaldiaalbertoadriani.com\/?author=2\"}]}<\/script>\n<!-- \/ Yoast SEO plugin. -->","yoast_head_json":{"title":"Alcalde Lisandro Segura anuncia avances en su gesti\u00f3n municipal","description":"Alcalde Lisandro Segura anuncia avances en su gesti\u00f3n municipal y actividades feriales en su programa radial","robots":{"index":"index","follow":"follow","max-snippet":"max-snippet:-1","max-image-preview":"max-image-preview:large","max-video-preview":"max-video-preview:-1"},"canonical":"https:\/\/alcaldiaalbertoadriani.com\/?p=11388","og_locale":"es_ES","og_type":"article","og_title":"Alcalde Lisandro Segura anuncia avances en su gesti\u00f3n municipal","og_description":"Alcalde Lisandro Segura anuncia avances en su gesti\u00f3n municipal y actividades feriales en su programa radial","og_url":"https:\/\/alcaldiaalbertoadriani.com\/?p=11388","og_site_name":"Alcaldia Alberto Adriani","article_published_time":"2025-06-02T19:00:14+00:00","article_modified_time":"2025-06-02T19:01:51+00:00","og_image":[{"width":1280,"height":960,"url":"https:\/\/alcaldiaalbertoadriani.com\/wp-content\/uploads\/2025\/06\/photo_5039845424516673158_y.jpg","type":"image\/jpeg"}],"author":"Prensa","twitter_card":"summary_large_image","twitter_misc":{"Escrito por":"Prensa","Tiempo de lectura":"2 minutos"},"schema":{"@context":"https:\/\/schema.org","@graph":[{"@type":"WebPage","@id":"https:\/\/alcaldiaalbertoadriani.com\/?p=11388","url":"https:\/\/alcaldiaalbertoadriani.com\/?p=11388","name":"Alcalde Lisandro Segura anuncia avances en su gesti\u00f3n municipal","isPartOf":{"@id":"https:\/\/alcaldiaalbertoadriani.com\/#website"},"datePublished":"2025-06-02T19:00:14+00:00","dateModified":"2025-06-02T19:01:51+00:00","author":{"@id":"https:\/\/alcaldiaalbertoadriani.com\/#\/schema\/person\/549b4483ff8999ac780deeea78795fc9"},"description":"Alcalde Lisandro Segura anuncia avances en su gesti\u00f3n municipal y actividades feriales en su programa radial","breadcrumb":{"@id":"https:\/\/alcaldiaalbertoadriani.com\/?p=11388#breadcrumb"},"inLanguage":"es","potentialAction":[{"@type":"ReadAction","target":["https:\/\/alcaldiaalbertoadriani.com\/?p=11388"]}]},{"@type":"BreadcrumbList","@id":"https:\/\/alcaldiaalbertoadriani.com\/?p=11388#breadcrumb","itemListElement":[{"@type":"ListItem","position":1,"name":"Portada","item":"https:\/\/alcaldiaalbertoadriani.com\/"},{"@type":"ListItem","position":2,"name":"Alcalde Lisandro Segura anuncia avances en su gesti\u00f3n municipal y actividades feriales en su programa radial"}]},{"@type":"WebSite","@id":"https:\/\/alcaldiaalbertoadriani.com\/#website","url":"https:\/\/alcaldiaalbertoadriani.com\/","name":"Alcaldia Alberto Adriani","description":"","potentialAction":[{"@type":"SearchAction","target":{"@type":"EntryPoint","urlTemplate":"https:\/\/alcaldiaalbertoadriani.com\/?s={search_term_string}"},"query-input":"required name=search_term_string"}],"inLanguage":"es"},{"@type":"Person","@id":"https:\/\/alcaldiaalbertoadriani.com\/#\/schema\/person\/549b4483ff8999ac780deeea78795fc9","name":"Prensa","image":{"@type":"ImageObject","inLanguage":"es","@id":"https:\/\/alcaldiaalbertoadriani.com\/#\/schema\/person\/image\/","url":"https:\/\/secure.gravatar.com\/avatar\/ea1cb567ea992a29627f4eee1c2eb185ec16decec6342d508fdf18dedb56c9de?s=96&d=mm&r=g","contentUrl":"https:\/\/secure.gravatar.com\/avatar\/ea1cb567ea992a29627f4eee1c2eb185ec16decec6342d508fdf18dedb56c9de?s=96&d=mm&r=g","caption":"Prensa"},"url":"https:\/\/alcaldiaalbertoadriani.com\/?author=2"}]}},"_links":{"self":[{"href":"https:\/\/alcaldiaalbertoadriani.com\/index.php?rest_route=\/wp\/v2\/posts\/11388","targetHints":{"allow":["GET"]}}],"collection":[{"href":"https:\/\/alcaldiaalbertoadriani.com\/index.php?rest_route=\/wp\/v2\/posts"}],"about":[{"href":"https:\/\/alcaldiaalbertoadriani.com\/index.php?rest_route=\/wp\/v2\/types\/post"}],"author":[{"embeddable":true,"href":"https:\/\/alcaldiaalbertoadriani.com\/index.php?rest_route=\/wp\/v2\/users\/2"}],"replies":[{"embeddable":true,"href":"https:\/\/alcaldiaalbertoadriani.com\/index.php?rest_route=%2Fwp%2Fv2%2Fcomments&post=11388"}],"version-history":[{"count":2,"href":"https:\/\/alcaldiaalbertoadriani.com\/index.php?rest_route=\/wp\/v2\/posts\/11388\/revisions"}],"predecessor-version":[{"id":11392,"href":"https:\/\/alcaldiaalbertoadriani.com\/index.php?rest_route=\/wp\/v2\/posts\/11388\/revisions\/11392"}],"wp:featuredmedia":[{"embeddable":true,"href":"https:\/\/alcaldiaalbertoadriani.com\/index.php?rest_route=\/wp\/v2\/media\/11389"}],"wp:attachment":[{"href":"https:\/\/alcaldiaalbertoadriani.com\/index.php?rest_route=%2Fwp%2Fv2%2Fmedia&parent=11388"}],"wp:term":[{"taxonomy":"category","embeddable":true,"href":"https:\/\/alcaldiaalbertoadriani.com\/index.php?rest_route=%2Fwp%2Fv2%2Fcategories&post=11388"},{"taxonomy":"post_tag","embeddable":true,"href":"https:\/\/alcaldiaalbertoadriani.com\/index.php?rest_route=%2Fwp%2Fv2%2Ftags&post=11388"}],"curies":[{"name":"wp","href":"https:\/\/api.w.org\/{rel}","templated":true}]}}