{"id":11324,"date":"2025-05-27T18:13:15","date_gmt":"2025-05-27T18:13:15","guid":{"rendered":"https:\/\/alcaldiaalbertoadriani.com\/?p=11324"},"modified":"2025-05-27T18:13:20","modified_gmt":"2025-05-27T18:13:20","slug":"lisandro-segura-dio-importantes-anuncios-sobre-el-asfaltado","status":"publish","type":"post","link":"https:\/\/alcaldiaalbertoadriani.com\/?p=11324","title":{"rendered":"Lisandro Segura dio importantes anuncios sobre el asfaltado y Gesti\u00f3n Municipal en su programa radial"},"content":{"rendered":"\n<p><\/p>\n\n\n\n<p>Este mi\u00e9rcoles el alcalde del <a href=\"https:\/\/alcaldiaalbertoadriani.com\/?p=8350\" target=\"_blank\" rel=\"noreferrer noopener\">municipio Alberto Adriani<\/a>, <a href=\"https:\/\/www.instagram.com\/lisandrosegura02\/?hl=es\" target=\"_blank\" rel=\"noreferrer noopener\">Lisandro Segura<\/a>, ofreci\u00f3 detalles sobre los avances de su gesti\u00f3n y el <a href=\"https:\/\/alcaldiaalbertoadriani.com\/?p=11206\" target=\"_blank\" rel=\"noreferrer noopener\">plan de asfaltado<\/a>, durante la transmisi\u00f3n de su programa radial &#8220;<a href=\"https:\/\/alcaldiaalbertoadriani.com\/?p=3006\" target=\"_blank\" rel=\"noreferrer noopener\">Conversando con Lisandro<\/a>&#8221; desde la avenida 3 en Ca\u00f1o Seco III.<\/p>\n\n\n\n<p>El burgomaestre, destac\u00f3 el cumplimiento del <a href=\"https:\/\/alcaldiaalbertoadriani.com\/?p=10190\" target=\"_blank\" rel=\"noreferrer noopener\">plan de asfaltado 2025<\/a>, tal y como se ha planificado, se\u00f1alando que los trabajos contin\u00faan por las inmediaciones de la Universidad Sim\u00f3n Rodr\u00edguez, \u201cluego asfaltaremos toda la calle del sector conocido como la Yorlay hasta conectar con el 12 de octubre, y de all\u00ed vamos al sector Alta Vista\u201d.<\/p>\n\n\n\n<p><a href=\"https:\/\/www.instagram.com\/lisandrosegura02\/?hl=es\" target=\"_blank\" rel=\"noreferrer noopener\">Lisandro Segura<\/a> aprovech\u00f3 para anunciar que ejecutar\u00e1 el plan de asfaltado en toda la <a href=\"https:\/\/alcaldiaalbertoadriani.com\/?p=2733\" target=\"_blank\" rel=\"noreferrer noopener\">parroquia Rafael Pulido M\u00e9ndez<\/a> a trav\u00e9s del Consejo Federal de Gobierno, con los recursos provenientes del Fondo de Compensaci\u00f3n Interterritorial (FCI).<\/p>\n\n\n\n<p>&#8220;Con los recursos que nos asignen este a\u00f1o a trav\u00e9s del Fondo de Compensaci\u00f3n Interterritorial (FCI) estar\u00e1n orientados para terminar el plan de asfaltado en toda la geograf\u00eda de la Pulido M\u00e9ndez&#8221;, afirm\u00f3.<\/p>\n\n\n\n<p>El alcalde tambi\u00e9n resalt\u00f3 la reivindicaci\u00f3n salarial del personal de la alcald\u00eda durante su gesti\u00f3n y ratific\u00f3 su compromiso con la recuperaci\u00f3n de la vialidad agr\u00edcola y urbana, as\u00ed como diversas acciones de gobierno. \u201cLe pido a Dios se haga su voluntad y no la m\u00eda para continuar avanzando en nuestra gesti\u00f3n municipal\u201d.<\/p>\n\n\n\n<p>Finalmente, la autoridad civil invit\u00f3 a la ciudadan\u00eda a participar en las elecciones del pr\u00f3ximo domingo 25 de mayo, expresando su respaldo al candidato de la Alianza Democr\u00e1tica, Alcides Monsalve. <strong><em>Prensa Alcald\u00eda Alberto Adriani\/ Claribel Zambrano CNP: 11.843\/ Fotos: Karla M\u00e1rquez.<\/em><\/strong><\/p>\n\n\n\n<figure class=\"wp-block-image size-large\"><img loading=\"lazy\" decoding=\"async\" width=\"1024\" height=\"768\" src=\"https:\/\/alcaldiaalbertoadriani.com\/wp-content\/uploads\/2025\/05\/5022050258317848287-2-1024x768.jpg\" alt=\"\" class=\"wp-image-11326\" srcset=\"https:\/\/alcaldiaalbertoadriani.com\/wp-content\/uploads\/2025\/05\/5022050258317848287-2-1024x768.jpg 1024w, https:\/\/alcaldiaalbertoadriani.com\/wp-content\/uploads\/2025\/05\/5022050258317848287-2-980x735.jpg 980w, https:\/\/alcaldiaalbertoadriani.com\/wp-content\/uploads\/2025\/05\/5022050258317848287-2-480x360.jpg 480w\" sizes=\"auto, (min-width: 0px) and (max-width: 480px) 480px, (min-width: 481px) and (max-width: 980px) 980px, (min-width: 981px) 1024px, 100vw\" \/><\/figure>\n","protected":false},"excerpt":{"rendered":"<p>Este mi\u00e9rcoles el alcalde del municipio Alberto Adriani, Lisandro Segura, ofreci\u00f3 detalles sobre los avances de su gesti\u00f3n y el plan de asfaltado, durante la transmisi\u00f3n de su programa radial [&hellip;]<\/p>\n","protected":false},"author":2,"featured_media":11325,"comment_status":"open","ping_status":"closed","sticky":false,"template":"","format":"standard","meta":{"_et_pb_use_builder":"off","_et_pb_old_content":"","_et_gb_content_width":"","footnotes":""},"categories":[341,222,25],"tags":[31,11,12,15,761,30,29,28],"class_list":["post-11324","post","type-post","status-publish","format-standard","has-post-thumbnail","hentry","category-alcaldia-alberto-adriani","category-conversando-con-lisandro","category-nuestro-municipio","tag-alcalde","tag-alcaldia","tag-alcaldiaalbertoadriani","tag-elvigia","tag-encrucijadadeprogreso","tag-lisandrosegura","tag-municipioquenosmerecemos","tag-porelrenacer"],"yoast_head":"<!-- This site is optimized with the Yoast SEO plugin v19.13 - https:\/\/yoast.com\/wordpress\/plugins\/seo\/ -->\n<title>Lisandro Segura dio importantes anuncios sobre el asfaltado<\/title>\n<meta name=\"description\" content=\"Lisandro Segura dio importantes anuncios sobre el asfaltado y Gesti\u00f3n Municipal en su programa radial desde la avenida 3 en Ca\u00f1o Seco III.\" \/>\n<meta name=\"robots\" content=\"index, follow, max-snippet:-1, max-image-preview:large, max-video-preview:-1\" \/>\n<link rel=\"canonical\" href=\"https:\/\/alcaldiaalbertoadriani.com\/?p=11324\" \/>\n<meta property=\"og:locale\" content=\"es_ES\" \/>\n<meta property=\"og:type\" content=\"article\" \/>\n<meta property=\"og:title\" content=\"Lisandro Segura dio importantes anuncios sobre el asfaltado\" \/>\n<meta property=\"og:description\" content=\"Lisandro Segura dio importantes anuncios sobre el asfaltado y Gesti\u00f3n Municipal en su programa radial desde la avenida 3 en Ca\u00f1o Seco III.\" \/>\n<meta property=\"og:url\" content=\"https:\/\/alcaldiaalbertoadriani.com\/?p=11324\" \/>\n<meta property=\"og:site_name\" content=\"Alcaldia Alberto Adriani\" \/>\n<meta property=\"article:published_time\" content=\"2025-05-27T18:13:15+00:00\" \/>\n<meta property=\"article:modified_time\" content=\"2025-05-27T18:13:20+00:00\" \/>\n<meta property=\"og:image\" content=\"https:\/\/alcaldiaalbertoadriani.com\/wp-content\/uploads\/2025\/05\/5022050258317848286-2.jpg\" \/>\n\t<meta property=\"og:image:width\" content=\"1280\" \/>\n\t<meta property=\"og:image:height\" content=\"960\" \/>\n\t<meta property=\"og:image:type\" content=\"image\/jpeg\" \/>\n<meta name=\"author\" content=\"Prensa\" \/>\n<meta name=\"twitter:card\" content=\"summary_large_image\" \/>\n<meta name=\"twitter:label1\" content=\"Escrito por\" \/>\n\t<meta name=\"twitter:data1\" content=\"Prensa\" \/>\n\t<meta name=\"twitter:label2\" content=\"Tiempo de lectura\" \/>\n\t<meta name=\"twitter:data2\" content=\"2 minutos\" \/>\n<script type=\"application\/ld+json\" class=\"yoast-schema-graph\">{\"@context\":\"https:\/\/schema.org\",\"@graph\":[{\"@type\":\"WebPage\",\"@id\":\"https:\/\/alcaldiaalbertoadriani.com\/?p=11324\",\"url\":\"https:\/\/alcaldiaalbertoadriani.com\/?p=11324\",\"name\":\"Lisandro Segura dio importantes anuncios sobre el asfaltado\",\"isPartOf\":{\"@id\":\"https:\/\/alcaldiaalbertoadriani.com\/#website\"},\"datePublished\":\"2025-05-27T18:13:15+00:00\",\"dateModified\":\"2025-05-27T18:13:20+00:00\",\"author\":{\"@id\":\"https:\/\/alcaldiaalbertoadriani.com\/#\/schema\/person\/549b4483ff8999ac780deeea78795fc9\"},\"description\":\"Lisandro Segura dio importantes anuncios sobre el asfaltado y Gesti\u00f3n Municipal en su programa radial desde la avenida 3 en Ca\u00f1o Seco III.\",\"breadcrumb\":{\"@id\":\"https:\/\/alcaldiaalbertoadriani.com\/?p=11324#breadcrumb\"},\"inLanguage\":\"es\",\"potentialAction\":[{\"@type\":\"ReadAction\",\"target\":[\"https:\/\/alcaldiaalbertoadriani.com\/?p=11324\"]}]},{\"@type\":\"BreadcrumbList\",\"@id\":\"https:\/\/alcaldiaalbertoadriani.com\/?p=11324#breadcrumb\",\"itemListElement\":[{\"@type\":\"ListItem\",\"position\":1,\"name\":\"Portada\",\"item\":\"https:\/\/alcaldiaalbertoadriani.com\/\"},{\"@type\":\"ListItem\",\"position\":2,\"name\":\"Lisandro Segura dio importantes anuncios sobre el asfaltado y Gesti\u00f3n Municipal en su programa radial\"}]},{\"@type\":\"WebSite\",\"@id\":\"https:\/\/alcaldiaalbertoadriani.com\/#website\",\"url\":\"https:\/\/alcaldiaalbertoadriani.com\/\",\"name\":\"Alcaldia Alberto Adriani\",\"description\":\"\",\"potentialAction\":[{\"@type\":\"SearchAction\",\"target\":{\"@type\":\"EntryPoint\",\"urlTemplate\":\"https:\/\/alcaldiaalbertoadriani.com\/?s={search_term_string}\"},\"query-input\":\"required name=search_term_string\"}],\"inLanguage\":\"es\"},{\"@type\":\"Person\",\"@id\":\"https:\/\/alcaldiaalbertoadriani.com\/#\/schema\/person\/549b4483ff8999ac780deeea78795fc9\",\"name\":\"Prensa\",\"image\":{\"@type\":\"ImageObject\",\"inLanguage\":\"es\",\"@id\":\"https:\/\/alcaldiaalbertoadriani.com\/#\/schema\/person\/image\/\",\"url\":\"https:\/\/secure.gravatar.com\/avatar\/ea1cb567ea992a29627f4eee1c2eb185ec16decec6342d508fdf18dedb56c9de?s=96&d=mm&r=g\",\"contentUrl\":\"https:\/\/secure.gravatar.com\/avatar\/ea1cb567ea992a29627f4eee1c2eb185ec16decec6342d508fdf18dedb56c9de?s=96&d=mm&r=g\",\"caption\":\"Prensa\"},\"url\":\"https:\/\/alcaldiaalbertoadriani.com\/?author=2\"}]}<\/script>\n<!-- \/ Yoast SEO plugin. -->","yoast_head_json":{"title":"Lisandro Segura dio importantes anuncios sobre el asfaltado","description":"Lisandro Segura dio importantes anuncios sobre el asfaltado y Gesti\u00f3n Municipal en su programa radial desde la avenida 3 en Ca\u00f1o Seco III.","robots":{"index":"index","follow":"follow","max-snippet":"max-snippet:-1","max-image-preview":"max-image-preview:large","max-video-preview":"max-video-preview:-1"},"canonical":"https:\/\/alcaldiaalbertoadriani.com\/?p=11324","og_locale":"es_ES","og_type":"article","og_title":"Lisandro Segura dio importantes anuncios sobre el asfaltado","og_description":"Lisandro Segura dio importantes anuncios sobre el asfaltado y Gesti\u00f3n Municipal en su programa radial desde la avenida 3 en Ca\u00f1o Seco III.","og_url":"https:\/\/alcaldiaalbertoadriani.com\/?p=11324","og_site_name":"Alcaldia Alberto Adriani","article_published_time":"2025-05-27T18:13:15+00:00","article_modified_time":"2025-05-27T18:13:20+00:00","og_image":[{"width":1280,"height":960,"url":"https:\/\/alcaldiaalbertoadriani.com\/wp-content\/uploads\/2025\/05\/5022050258317848286-2.jpg","type":"image\/jpeg"}],"author":"Prensa","twitter_card":"summary_large_image","twitter_misc":{"Escrito por":"Prensa","Tiempo de lectura":"2 minutos"},"schema":{"@context":"https:\/\/schema.org","@graph":[{"@type":"WebPage","@id":"https:\/\/alcaldiaalbertoadriani.com\/?p=11324","url":"https:\/\/alcaldiaalbertoadriani.com\/?p=11324","name":"Lisandro Segura dio importantes anuncios sobre el asfaltado","isPartOf":{"@id":"https:\/\/alcaldiaalbertoadriani.com\/#website"},"datePublished":"2025-05-27T18:13:15+00:00","dateModified":"2025-05-27T18:13:20+00:00","author":{"@id":"https:\/\/alcaldiaalbertoadriani.com\/#\/schema\/person\/549b4483ff8999ac780deeea78795fc9"},"description":"Lisandro Segura dio importantes anuncios sobre el asfaltado y Gesti\u00f3n Municipal en su programa radial desde la avenida 3 en Ca\u00f1o Seco III.","breadcrumb":{"@id":"https:\/\/alcaldiaalbertoadriani.com\/?p=11324#breadcrumb"},"inLanguage":"es","potentialAction":[{"@type":"ReadAction","target":["https:\/\/alcaldiaalbertoadriani.com\/?p=11324"]}]},{"@type":"BreadcrumbList","@id":"https:\/\/alcaldiaalbertoadriani.com\/?p=11324#breadcrumb","itemListElement":[{"@type":"ListItem","position":1,"name":"Portada","item":"https:\/\/alcaldiaalbertoadriani.com\/"},{"@type":"ListItem","position":2,"name":"Lisandro Segura dio importantes anuncios sobre el asfaltado y Gesti\u00f3n Municipal en su programa radial"}]},{"@type":"WebSite","@id":"https:\/\/alcaldiaalbertoadriani.com\/#website","url":"https:\/\/alcaldiaalbertoadriani.com\/","name":"Alcaldia Alberto Adriani","description":"","potentialAction":[{"@type":"SearchAction","target":{"@type":"EntryPoint","urlTemplate":"https:\/\/alcaldiaalbertoadriani.com\/?s={search_term_string}"},"query-input":"required name=search_term_string"}],"inLanguage":"es"},{"@type":"Person","@id":"https:\/\/alcaldiaalbertoadriani.com\/#\/schema\/person\/549b4483ff8999ac780deeea78795fc9","name":"Prensa","image":{"@type":"ImageObject","inLanguage":"es","@id":"https:\/\/alcaldiaalbertoadriani.com\/#\/schema\/person\/image\/","url":"https:\/\/secure.gravatar.com\/avatar\/ea1cb567ea992a29627f4eee1c2eb185ec16decec6342d508fdf18dedb56c9de?s=96&d=mm&r=g","contentUrl":"https:\/\/secure.gravatar.com\/avatar\/ea1cb567ea992a29627f4eee1c2eb185ec16decec6342d508fdf18dedb56c9de?s=96&d=mm&r=g","caption":"Prensa"},"url":"https:\/\/alcaldiaalbertoadriani.com\/?author=2"}]}},"_links":{"self":[{"href":"https:\/\/alcaldiaalbertoadriani.com\/index.php?rest_route=\/wp\/v2\/posts\/11324","targetHints":{"allow":["GET"]}}],"collection":[{"href":"https:\/\/alcaldiaalbertoadriani.com\/index.php?rest_route=\/wp\/v2\/posts"}],"about":[{"href":"https:\/\/alcaldiaalbertoadriani.com\/index.php?rest_route=\/wp\/v2\/types\/post"}],"author":[{"embeddable":true,"href":"https:\/\/alcaldiaalbertoadriani.com\/index.php?rest_route=\/wp\/v2\/users\/2"}],"replies":[{"embeddable":true,"href":"https:\/\/alcaldiaalbertoadriani.com\/index.php?rest_route=%2Fwp%2Fv2%2Fcomments&post=11324"}],"version-history":[{"count":1,"href":"https:\/\/alcaldiaalbertoadriani.com\/index.php?rest_route=\/wp\/v2\/posts\/11324\/revisions"}],"predecessor-version":[{"id":11327,"href":"https:\/\/alcaldiaalbertoadriani.com\/index.php?rest_route=\/wp\/v2\/posts\/11324\/revisions\/11327"}],"wp:featuredmedia":[{"embeddable":true,"href":"https:\/\/alcaldiaalbertoadriani.com\/index.php?rest_route=\/wp\/v2\/media\/11325"}],"wp:attachment":[{"href":"https:\/\/alcaldiaalbertoadriani.com\/index.php?rest_route=%2Fwp%2Fv2%2Fmedia&parent=11324"}],"wp:term":[{"taxonomy":"category","embeddable":true,"href":"https:\/\/alcaldiaalbertoadriani.com\/index.php?rest_route=%2Fwp%2Fv2%2Fcategories&post=11324"},{"taxonomy":"post_tag","embeddable":true,"href":"https:\/\/alcaldiaalbertoadriani.com\/index.php?rest_route=%2Fwp%2Fv2%2Ftags&post=11324"}],"curies":[{"name":"wp","href":"https:\/\/api.w.org\/{rel}","templated":true}]}}