{"id":11229,"date":"2025-05-19T20:49:47","date_gmt":"2025-05-19T20:49:47","guid":{"rendered":"https:\/\/alcaldiaalbertoadriani.com\/?p=11229"},"modified":"2025-05-19T20:49:57","modified_gmt":"2025-05-19T20:49:57","slug":"candidatas-a-ferivigia-2025-participaron-en-amena-tertulia","status":"publish","type":"post","link":"https:\/\/alcaldiaalbertoadriani.com\/?p=11229","title":{"rendered":"Candidatas a FeriVig\u00eda 2025 participaron en amena tertulia con los medios de comunicaci\u00f3n"},"content":{"rendered":"\n<p><\/p>\n\n\n\n<p>En un ambiente ameno y lleno de simpat\u00eda, se realiz\u00f3 la <a href=\"https:\/\/alcaldiaalbertoadriani.com\/?p=6435\" target=\"_blank\" rel=\"noreferrer noopener\">tertulia<\/a> entre los medios de comunicaci\u00f3n y las siete candidatas al reinado de las Ferias de El Vig\u00eda -FeriVig\u00eda- 2025. La actividad se efectu\u00f3 este jueves en las instalaciones de Juniotel.<\/p>\n\n\n\n<!--more-->\n\n\n\n<p>La velada permiti\u00f3 una interacci\u00f3n entre las aspirantes con los periodistas, locutores y representantes de los diversos medios de comunicaci\u00f3n que hacen vida en la jurisdicci\u00f3n.<\/p>\n\n\n\n<p>Durante la tertulia, las siete hermosas candidatas al reinado Eva Montiel Garc\u00eda, Cristina de los \u00c1ngeles Jim\u00e9nez, Naibelin Montesinos, Danna C\u00e1ceres, Victoria Buccini, Nailisbeth Atencio y Mar\u00eda Fernanda Pe\u00f1a, mostraron sus habilidades y cualidades, que sirvi\u00f3 para conocer m\u00e1s su parte humana y el gran potencial que tienen en diversas \u00e1reas.<\/p>\n\n\n\n<figure class=\"wp-block-gallery has-nested-images columns-default is-cropped wp-block-gallery-1 is-layout-flex wp-block-gallery-is-layout-flex\">\n<figure class=\"wp-block-image size-large\"><img loading=\"lazy\" decoding=\"async\" width=\"1024\" height=\"768\" data-id=\"11231\" src=\"https:\/\/alcaldiaalbertoadriani.com\/wp-content\/uploads\/2025\/05\/photo_4990164541371428360_y-1024x768.jpg\" alt=\"\" class=\"wp-image-11231\" srcset=\"https:\/\/alcaldiaalbertoadriani.com\/wp-content\/uploads\/2025\/05\/photo_4990164541371428360_y-1024x768.jpg 1024w, https:\/\/alcaldiaalbertoadriani.com\/wp-content\/uploads\/2025\/05\/photo_4990164541371428360_y-980x735.jpg 980w, https:\/\/alcaldiaalbertoadriani.com\/wp-content\/uploads\/2025\/05\/photo_4990164541371428360_y-480x360.jpg 480w\" sizes=\"auto, (min-width: 0px) and (max-width: 480px) 480px, (min-width: 481px) and (max-width: 980px) 980px, (min-width: 981px) 1024px, 100vw\" \/><\/figure>\n<\/figure>\n\n\n\n<p>Las aspirantes a la corona de FeriVig\u00eda 2025 coincidieron en su motivaci\u00f3n de participar en las ferias como una plataforma para poder cumplir sus sue\u00f1os, vivir experiencias \u00fanicas y positivas, vencer obst\u00e1culos, aprender, as\u00ed como contribuir a la sociedad.<\/p>\n\n\n\n<p>Las participantes agradecieron a toda la organizaci\u00f3n <a href=\"https:\/\/alcaldiaalbertoadriani.com\/?p=11050\" target=\"_blank\" rel=\"noreferrer noopener\">FeriVig\u00eda<\/a> presidida por Jorge \u00c1lvarez, a Mariela D\u00e1vila, vicepresidente y dem\u00e1s miembros, por el apoyo brindado en su formaci\u00f3n integral que les servir\u00e1 para su crecimiento.<\/p>\n\n\n\n<p>La tertulia cont\u00f3 con la presencia de Mar\u00eda de Jes\u00fas Rivas, reina de FeriVig\u00eda 2024, quien adem\u00e1s, comparti\u00f3 e interactu\u00f3 con las j\u00f3venes de esta nueva temporada. <strong>Prensa Alcald\u00eda Alberto Adriani\/Edgar Mendoza CNP 25.736\/Fotos: Yerasabrith Manrique.<\/strong><\/p>\n\n\n\n<figure class=\"wp-block-gallery has-nested-images columns-default is-cropped wp-block-gallery-2 is-layout-flex wp-block-gallery-is-layout-flex\">\n<figure class=\"wp-block-image\"><img decoding=\"async\" src=\"blob:https:\/\/alcaldiaalbertoadriani.com\/4df6facb-2022-468f-b195-e1ff27d05d82\" alt=\"\"\/><\/figure>\n\n\n\n<figure class=\"wp-block-image\"><img decoding=\"async\" src=\"blob:https:\/\/alcaldiaalbertoadriani.com\/effeb54f-4ba8-458b-9be7-b40cf92c0b1f\" alt=\"\"\/><\/figure>\n\n\n\n<figure class=\"wp-block-image\"><img decoding=\"async\" src=\"blob:https:\/\/alcaldiaalbertoadriani.com\/401b0e43-e925-4460-9805-c31b373f7029\" alt=\"\"\/><\/figure>\n\n\n\n<figure class=\"wp-block-image\"><img decoding=\"async\" src=\"blob:https:\/\/alcaldiaalbertoadriani.com\/bb70ea11-f117-4dbf-b806-9abdc3ec7011\" alt=\"\"\/><\/figure>\n<\/figure>\n","protected":false},"excerpt":{"rendered":"<p>En un ambiente ameno y lleno de simpat\u00eda, se realiz\u00f3 la tertulia entre los medios de comunicaci\u00f3n y las siete candidatas al reinado de las Ferias de El Vig\u00eda -FeriVig\u00eda- [&hellip;]<\/p>\n","protected":false},"author":2,"featured_media":11230,"comment_status":"open","ping_status":"closed","sticky":false,"template":"","format":"standard","meta":{"_et_pb_use_builder":"off","_et_pb_old_content":"","_et_gb_content_width":"","footnotes":""},"categories":[341,78,382,25],"tags":[31,11,12,15,761,30,29,1067],"class_list":["post-11229","post","type-post","status-publish","format-standard","has-post-thumbnail","hentry","category-alcaldia-alberto-adriani","category-cultura","category-ferivigia","category-nuestro-municipio","tag-alcalde","tag-alcaldia","tag-alcaldiaalbertoadriani","tag-elvigia","tag-encrucijadadeprogreso","tag-lisandrosegura","tag-municipioquenosmerecemos","tag-candidatas-a-ferivigia-2025-participaron-en-amena-tertulia"],"yoast_head":"<!-- This site is optimized with the Yoast SEO plugin v19.13 - https:\/\/yoast.com\/wordpress\/plugins\/seo\/ -->\n<title>Candidatas a FeriVig\u00eda 2025 participaron en amena tertulia<\/title>\n<meta name=\"description\" content=\"Candidatas a FeriVig\u00eda 2025 participaron en amena tertulia con los medios de comunicaci\u00f3n, este jueves en las instalaciones de Juniotel\" \/>\n<meta name=\"robots\" content=\"index, follow, max-snippet:-1, max-image-preview:large, max-video-preview:-1\" \/>\n<link rel=\"canonical\" href=\"https:\/\/alcaldiaalbertoadriani.com\/?p=11229\" \/>\n<meta property=\"og:locale\" content=\"es_ES\" \/>\n<meta property=\"og:type\" content=\"article\" \/>\n<meta property=\"og:title\" content=\"Candidatas a FeriVig\u00eda 2025 participaron en amena tertulia\" \/>\n<meta property=\"og:description\" content=\"Candidatas a FeriVig\u00eda 2025 participaron en amena tertulia con los medios de comunicaci\u00f3n, este jueves en las instalaciones de Juniotel\" \/>\n<meta property=\"og:url\" content=\"https:\/\/alcaldiaalbertoadriani.com\/?p=11229\" \/>\n<meta property=\"og:site_name\" content=\"Alcaldia Alberto Adriani\" \/>\n<meta property=\"article:published_time\" content=\"2025-05-19T20:49:47+00:00\" \/>\n<meta property=\"article:modified_time\" content=\"2025-05-19T20:49:57+00:00\" \/>\n<meta property=\"og:image\" content=\"https:\/\/alcaldiaalbertoadriani.com\/wp-content\/uploads\/2025\/05\/photo_4990164541371428357_y.jpg\" \/>\n\t<meta property=\"og:image:width\" content=\"1280\" \/>\n\t<meta property=\"og:image:height\" content=\"960\" \/>\n\t<meta property=\"og:image:type\" content=\"image\/jpeg\" \/>\n<meta name=\"author\" content=\"Prensa\" \/>\n<meta name=\"twitter:card\" content=\"summary_large_image\" \/>\n<meta name=\"twitter:label1\" content=\"Escrito por\" \/>\n\t<meta name=\"twitter:data1\" content=\"Prensa\" \/>\n\t<meta name=\"twitter:label2\" content=\"Tiempo de lectura\" \/>\n\t<meta name=\"twitter:data2\" content=\"3 minutos\" \/>\n<script type=\"application\/ld+json\" class=\"yoast-schema-graph\">{\"@context\":\"https:\/\/schema.org\",\"@graph\":[{\"@type\":\"WebPage\",\"@id\":\"https:\/\/alcaldiaalbertoadriani.com\/?p=11229\",\"url\":\"https:\/\/alcaldiaalbertoadriani.com\/?p=11229\",\"name\":\"Candidatas a FeriVig\u00eda 2025 participaron en amena tertulia\",\"isPartOf\":{\"@id\":\"https:\/\/alcaldiaalbertoadriani.com\/#website\"},\"datePublished\":\"2025-05-19T20:49:47+00:00\",\"dateModified\":\"2025-05-19T20:49:57+00:00\",\"author\":{\"@id\":\"https:\/\/alcaldiaalbertoadriani.com\/#\/schema\/person\/549b4483ff8999ac780deeea78795fc9\"},\"description\":\"Candidatas a FeriVig\u00eda 2025 participaron en amena tertulia con los medios de comunicaci\u00f3n, este jueves en las instalaciones de Juniotel\",\"breadcrumb\":{\"@id\":\"https:\/\/alcaldiaalbertoadriani.com\/?p=11229#breadcrumb\"},\"inLanguage\":\"es\",\"potentialAction\":[{\"@type\":\"ReadAction\",\"target\":[\"https:\/\/alcaldiaalbertoadriani.com\/?p=11229\"]}]},{\"@type\":\"BreadcrumbList\",\"@id\":\"https:\/\/alcaldiaalbertoadriani.com\/?p=11229#breadcrumb\",\"itemListElement\":[{\"@type\":\"ListItem\",\"position\":1,\"name\":\"Portada\",\"item\":\"https:\/\/alcaldiaalbertoadriani.com\/\"},{\"@type\":\"ListItem\",\"position\":2,\"name\":\"Candidatas a FeriVig\u00eda 2025 participaron en amena tertulia con los medios de comunicaci\u00f3n\"}]},{\"@type\":\"WebSite\",\"@id\":\"https:\/\/alcaldiaalbertoadriani.com\/#website\",\"url\":\"https:\/\/alcaldiaalbertoadriani.com\/\",\"name\":\"Alcaldia Alberto Adriani\",\"description\":\"\",\"potentialAction\":[{\"@type\":\"SearchAction\",\"target\":{\"@type\":\"EntryPoint\",\"urlTemplate\":\"https:\/\/alcaldiaalbertoadriani.com\/?s={search_term_string}\"},\"query-input\":\"required name=search_term_string\"}],\"inLanguage\":\"es\"},{\"@type\":\"Person\",\"@id\":\"https:\/\/alcaldiaalbertoadriani.com\/#\/schema\/person\/549b4483ff8999ac780deeea78795fc9\",\"name\":\"Prensa\",\"image\":{\"@type\":\"ImageObject\",\"inLanguage\":\"es\",\"@id\":\"https:\/\/alcaldiaalbertoadriani.com\/#\/schema\/person\/image\/\",\"url\":\"https:\/\/secure.gravatar.com\/avatar\/ea1cb567ea992a29627f4eee1c2eb185ec16decec6342d508fdf18dedb56c9de?s=96&d=mm&r=g\",\"contentUrl\":\"https:\/\/secure.gravatar.com\/avatar\/ea1cb567ea992a29627f4eee1c2eb185ec16decec6342d508fdf18dedb56c9de?s=96&d=mm&r=g\",\"caption\":\"Prensa\"},\"url\":\"https:\/\/alcaldiaalbertoadriani.com\/?author=2\"}]}<\/script>\n<!-- \/ Yoast SEO plugin. -->","yoast_head_json":{"title":"Candidatas a FeriVig\u00eda 2025 participaron en amena tertulia","description":"Candidatas a FeriVig\u00eda 2025 participaron en amena tertulia con los medios de comunicaci\u00f3n, este jueves en las instalaciones de Juniotel","robots":{"index":"index","follow":"follow","max-snippet":"max-snippet:-1","max-image-preview":"max-image-preview:large","max-video-preview":"max-video-preview:-1"},"canonical":"https:\/\/alcaldiaalbertoadriani.com\/?p=11229","og_locale":"es_ES","og_type":"article","og_title":"Candidatas a FeriVig\u00eda 2025 participaron en amena tertulia","og_description":"Candidatas a FeriVig\u00eda 2025 participaron en amena tertulia con los medios de comunicaci\u00f3n, este jueves en las instalaciones de Juniotel","og_url":"https:\/\/alcaldiaalbertoadriani.com\/?p=11229","og_site_name":"Alcaldia Alberto Adriani","article_published_time":"2025-05-19T20:49:47+00:00","article_modified_time":"2025-05-19T20:49:57+00:00","og_image":[{"width":1280,"height":960,"url":"https:\/\/alcaldiaalbertoadriani.com\/wp-content\/uploads\/2025\/05\/photo_4990164541371428357_y.jpg","type":"image\/jpeg"}],"author":"Prensa","twitter_card":"summary_large_image","twitter_misc":{"Escrito por":"Prensa","Tiempo de lectura":"3 minutos"},"schema":{"@context":"https:\/\/schema.org","@graph":[{"@type":"WebPage","@id":"https:\/\/alcaldiaalbertoadriani.com\/?p=11229","url":"https:\/\/alcaldiaalbertoadriani.com\/?p=11229","name":"Candidatas a FeriVig\u00eda 2025 participaron en amena tertulia","isPartOf":{"@id":"https:\/\/alcaldiaalbertoadriani.com\/#website"},"datePublished":"2025-05-19T20:49:47+00:00","dateModified":"2025-05-19T20:49:57+00:00","author":{"@id":"https:\/\/alcaldiaalbertoadriani.com\/#\/schema\/person\/549b4483ff8999ac780deeea78795fc9"},"description":"Candidatas a FeriVig\u00eda 2025 participaron en amena tertulia con los medios de comunicaci\u00f3n, este jueves en las instalaciones de Juniotel","breadcrumb":{"@id":"https:\/\/alcaldiaalbertoadriani.com\/?p=11229#breadcrumb"},"inLanguage":"es","potentialAction":[{"@type":"ReadAction","target":["https:\/\/alcaldiaalbertoadriani.com\/?p=11229"]}]},{"@type":"BreadcrumbList","@id":"https:\/\/alcaldiaalbertoadriani.com\/?p=11229#breadcrumb","itemListElement":[{"@type":"ListItem","position":1,"name":"Portada","item":"https:\/\/alcaldiaalbertoadriani.com\/"},{"@type":"ListItem","position":2,"name":"Candidatas a FeriVig\u00eda 2025 participaron en amena tertulia con los medios de comunicaci\u00f3n"}]},{"@type":"WebSite","@id":"https:\/\/alcaldiaalbertoadriani.com\/#website","url":"https:\/\/alcaldiaalbertoadriani.com\/","name":"Alcaldia Alberto Adriani","description":"","potentialAction":[{"@type":"SearchAction","target":{"@type":"EntryPoint","urlTemplate":"https:\/\/alcaldiaalbertoadriani.com\/?s={search_term_string}"},"query-input":"required name=search_term_string"}],"inLanguage":"es"},{"@type":"Person","@id":"https:\/\/alcaldiaalbertoadriani.com\/#\/schema\/person\/549b4483ff8999ac780deeea78795fc9","name":"Prensa","image":{"@type":"ImageObject","inLanguage":"es","@id":"https:\/\/alcaldiaalbertoadriani.com\/#\/schema\/person\/image\/","url":"https:\/\/secure.gravatar.com\/avatar\/ea1cb567ea992a29627f4eee1c2eb185ec16decec6342d508fdf18dedb56c9de?s=96&d=mm&r=g","contentUrl":"https:\/\/secure.gravatar.com\/avatar\/ea1cb567ea992a29627f4eee1c2eb185ec16decec6342d508fdf18dedb56c9de?s=96&d=mm&r=g","caption":"Prensa"},"url":"https:\/\/alcaldiaalbertoadriani.com\/?author=2"}]}},"_links":{"self":[{"href":"https:\/\/alcaldiaalbertoadriani.com\/index.php?rest_route=\/wp\/v2\/posts\/11229","targetHints":{"allow":["GET"]}}],"collection":[{"href":"https:\/\/alcaldiaalbertoadriani.com\/index.php?rest_route=\/wp\/v2\/posts"}],"about":[{"href":"https:\/\/alcaldiaalbertoadriani.com\/index.php?rest_route=\/wp\/v2\/types\/post"}],"author":[{"embeddable":true,"href":"https:\/\/alcaldiaalbertoadriani.com\/index.php?rest_route=\/wp\/v2\/users\/2"}],"replies":[{"embeddable":true,"href":"https:\/\/alcaldiaalbertoadriani.com\/index.php?rest_route=%2Fwp%2Fv2%2Fcomments&post=11229"}],"version-history":[{"count":1,"href":"https:\/\/alcaldiaalbertoadriani.com\/index.php?rest_route=\/wp\/v2\/posts\/11229\/revisions"}],"predecessor-version":[{"id":11236,"href":"https:\/\/alcaldiaalbertoadriani.com\/index.php?rest_route=\/wp\/v2\/posts\/11229\/revisions\/11236"}],"wp:featuredmedia":[{"embeddable":true,"href":"https:\/\/alcaldiaalbertoadriani.com\/index.php?rest_route=\/wp\/v2\/media\/11230"}],"wp:attachment":[{"href":"https:\/\/alcaldiaalbertoadriani.com\/index.php?rest_route=%2Fwp%2Fv2%2Fmedia&parent=11229"}],"wp:term":[{"taxonomy":"category","embeddable":true,"href":"https:\/\/alcaldiaalbertoadriani.com\/index.php?rest_route=%2Fwp%2Fv2%2Fcategories&post=11229"},{"taxonomy":"post_tag","embeddable":true,"href":"https:\/\/alcaldiaalbertoadriani.com\/index.php?rest_route=%2Fwp%2Fv2%2Ftags&post=11229"}],"curies":[{"name":"wp","href":"https:\/\/api.w.org\/{rel}","templated":true}]}}