{"id":1122,"date":"2022-11-02T16:57:22","date_gmt":"2022-11-02T16:57:22","guid":{"rendered":"https:\/\/alcaldiaalbertoadriani.com\/?p=1122"},"modified":"2022-11-04T18:59:43","modified_gmt":"2022-11-04T18:59:43","slug":"rotulado-transporte-publico","status":"publish","type":"post","link":"https:\/\/alcaldiaalbertoadriani.com\/?p=1122","title":{"rendered":"Arranc\u00f3 primera fase de rotulado para transporte p\u00fablico en El Vig\u00eda"},"content":{"rendered":"\n\n\n<p>La <a href=\"https:\/\/alcaldiaalbertoadriani.com\/?p=680\" target=\"_blank\" rel=\"noreferrer noopener\">gerencia de Vialidad<\/a> de la <a href=\"https:\/\/www.facebook.com\/alcaldiaaa\" target=\"_blank\" rel=\"noreferrer noopener\">alcald\u00eda Alberto Adriani<\/a>, arranc\u00f3 la primera jornada de rotulado para el transporte p\u00fablico, en este caso de 256 veh\u00edculos aproximadamente.<\/p>\n\n\n\n<p>La jornada se inici\u00f3 este lunes 01 de noviembre en las instalaciones del <a href=\"https:\/\/alcaldiaalbertoadriani.com\/?p=1012\" target=\"_blank\" rel=\"noreferrer noopener\">parque Metropolitano<\/a> de El Vig\u00eda.<\/p>\n\n\n\n<p>As\u00ed lo inform\u00f3 Edilio M\u00e1rquez, gerente de esta dependencia. Se\u00f1al\u00f3 que, de las nueve organizaciones autorizadas como transporte p\u00fablico urbano est\u00e1n siendo rotuladas 256 unidades. Indic\u00f3 que dentro de estas organizaciones, tres de ellas corresponden al \u00e1rea rural.<\/p>\n\n\n\n<h2 class=\"wp-block-heading\">Rotulado para el transporte p\u00fablico<\/h2>\n\n\n\n<p>Edilio M\u00e1rquez detall\u00f3 que la primera fase de rotulado surgi\u00f3 luego de varias mesas de trabajo sostenidas con el transporte p\u00fablico urbano.<\/p>\n\n\n\n<p>Importante resaltar que una vez realizado todo este trabajo de rotulado del transporte p\u00fablico, entre la alcald\u00eda y las dem\u00e1s instituciones del Estado, \u201cel alcalde Lisandro Segura, har\u00e1 p\u00fablica la exhortaci\u00f3n para hacer cumplir lo que establece la normativa legal vigente, de acuerdo al art\u00edculo 169, n\u00famero 15 de la Ley de Transporte Terrestre\u201d, apunt\u00f3.<\/p>\n\n\n\n<!--more-->\n\n\n\n<p>Con lo anterior, el funcionario agreg\u00f3 que \u201ces evidente que en diferentes arterias del municipio se ha venido incrementando la proliferaci\u00f3n de veh\u00edculos en condiciones contrarias a lo que establece la normativa legal vigente, quienes se han dado a la tarea de prestar su servicio de transporte p\u00fablico de manera ilegal\u201d, asever\u00f3.<\/p>\n\n\n\n<h2 class=\"wp-block-heading\">Exhortaci\u00f3n a las nuevas organizaciones<\/h2>\n\n\n\n<p>Edilio Marquez asegur\u00f3 que se ha venido exhortando desde su Gerencia a las nuevas organizaciones para tomen sus previsiones a la hora de consignar documentaci\u00f3n.<\/p>\n\n\n\n<p>\u201cHacemos el llamado para quienes pretenden brindar el servicio de manera legal, con los par\u00e1metros establecidos por parte del s el Instituto Nacional de Transporte Terrestre-Intt-, quienes son los encargados de definir el tipo de perfil que deben cumplir los veh\u00edculos para ser postulados a la hora de prestar su servicio\u201d, subray\u00f3 M\u00e1rquez.<\/p>\n\n\n\n<p>Una vez concluido con los actos protocolares, \u201cse le dar\u00eda continuidad al procedimiento administrativo, en aras de estudiar la posibilidad, en todo caso de que cumplan con las condiciones para la entrega de nuevas concesiones para la prestaci\u00f3n de servicio desde el punto de vista urbano\u201d, concluy\u00f3 Edilio M\u00e1rquez. Prensa Alcald\u00eda Alberto Adriani\/Edgar Mendoza CNP: 25.736\/Fotos: Yorman Parra.<\/p>\n\n\n\n<figure class=\"wp-block-gallery has-nested-images columns-default is-cropped wp-block-gallery-1 is-layout-flex wp-block-gallery-is-layout-flex\">\n<figure class=\"wp-block-image size-large\"><img loading=\"lazy\" decoding=\"async\" width=\"1024\" height=\"1024\" data-id=\"1123\" src=\"https:\/\/alcaldiaalbertoadriani.com\/wp-content\/uploads\/2022\/11\/photo_2022-11-02_12-37-40-2-1024x1024.jpg\" alt=\"\" class=\"wp-image-1123\" srcset=\"https:\/\/alcaldiaalbertoadriani.com\/wp-content\/uploads\/2022\/11\/photo_2022-11-02_12-37-40-2-1024x1024.jpg 1024w, https:\/\/alcaldiaalbertoadriani.com\/wp-content\/uploads\/2022\/11\/photo_2022-11-02_12-37-40-2-980x980.jpg 980w, https:\/\/alcaldiaalbertoadriani.com\/wp-content\/uploads\/2022\/11\/photo_2022-11-02_12-37-40-2-480x480.jpg 480w\" sizes=\"auto, (min-width: 0px) and (max-width: 480px) 480px, (min-width: 481px) and (max-width: 980px) 980px, (min-width: 981px) 1024px, 100vw\" \/><\/figure>\n\n\n\n<figure class=\"wp-block-image size-large\"><img loading=\"lazy\" decoding=\"async\" width=\"1024\" height=\"1024\" data-id=\"1124\" src=\"https:\/\/alcaldiaalbertoadriani.com\/wp-content\/uploads\/2022\/11\/photo_2022-11-02_12-37-40-1024x1024.jpg\" alt=\"\" class=\"wp-image-1124\" srcset=\"https:\/\/alcaldiaalbertoadriani.com\/wp-content\/uploads\/2022\/11\/photo_2022-11-02_12-37-40-1024x1024.jpg 1024w, https:\/\/alcaldiaalbertoadriani.com\/wp-content\/uploads\/2022\/11\/photo_2022-11-02_12-37-40-980x980.jpg 980w, https:\/\/alcaldiaalbertoadriani.com\/wp-content\/uploads\/2022\/11\/photo_2022-11-02_12-37-40-480x480.jpg 480w\" sizes=\"auto, (min-width: 0px) and (max-width: 480px) 480px, (min-width: 481px) and (max-width: 980px) 980px, (min-width: 981px) 1024px, 100vw\" \/><\/figure>\n\n\n\n<figure class=\"wp-block-image size-large\"><img loading=\"lazy\" decoding=\"async\" width=\"1024\" height=\"1024\" data-id=\"1125\" src=\"https:\/\/alcaldiaalbertoadriani.com\/wp-content\/uploads\/2022\/11\/photo_2022-11-02_12-37-41-2-1024x1024.jpg\" alt=\"\" class=\"wp-image-1125\" srcset=\"https:\/\/alcaldiaalbertoadriani.com\/wp-content\/uploads\/2022\/11\/photo_2022-11-02_12-37-41-2-1024x1024.jpg 1024w, https:\/\/alcaldiaalbertoadriani.com\/wp-content\/uploads\/2022\/11\/photo_2022-11-02_12-37-41-2-980x980.jpg 980w, https:\/\/alcaldiaalbertoadriani.com\/wp-content\/uploads\/2022\/11\/photo_2022-11-02_12-37-41-2-480x480.jpg 480w\" sizes=\"auto, (min-width: 0px) and (max-width: 480px) 480px, (min-width: 481px) and (max-width: 980px) 980px, (min-width: 981px) 1024px, 100vw\" \/><\/figure>\n\n\n\n<figure class=\"wp-block-image size-large\"><img loading=\"lazy\" decoding=\"async\" width=\"1024\" height=\"1024\" data-id=\"1126\" src=\"https:\/\/alcaldiaalbertoadriani.com\/wp-content\/uploads\/2022\/11\/photo_2022-11-02_12-37-41-1024x1024.jpg\" alt=\"\" class=\"wp-image-1126\" srcset=\"https:\/\/alcaldiaalbertoadriani.com\/wp-content\/uploads\/2022\/11\/photo_2022-11-02_12-37-41-1024x1024.jpg 1024w, https:\/\/alcaldiaalbertoadriani.com\/wp-content\/uploads\/2022\/11\/photo_2022-11-02_12-37-41-980x980.jpg 980w, https:\/\/alcaldiaalbertoadriani.com\/wp-content\/uploads\/2022\/11\/photo_2022-11-02_12-37-41-480x480.jpg 480w\" sizes=\"auto, (min-width: 0px) and (max-width: 480px) 480px, (min-width: 481px) and (max-width: 980px) 980px, (min-width: 981px) 1024px, 100vw\" \/><\/figure>\n<\/figure>\n","protected":false},"excerpt":{"rendered":"<p>La gerencia de Vialidad de la alcald\u00eda Alberto Adriani, arranc\u00f3 la primera jornada de rotulado para el transporte p\u00fablico, en este caso de 256 veh\u00edculos aproximadamente. La jornada se inici\u00f3 [&hellip;]<\/p>\n","protected":false},"author":2,"featured_media":1123,"comment_status":"closed","ping_status":"closed","sticky":false,"template":"","format":"standard","meta":{"_et_pb_use_builder":"off","_et_pb_old_content":"","_et_gb_content_width":"","footnotes":""},"categories":[98,25],"tags":[31,11,12,15,30,29,28,270,52,72,269,70],"class_list":["post-1122","post","type-post","status-publish","format-standard","has-post-thumbnail","hentry","category-gerencia-de-vialidad","category-nuestro-municipio","tag-alcalde","tag-alcaldia","tag-alcaldiaalbertoadriani","tag-elvigia","tag-lisandrosegura","tag-municipioquenosmerecemos","tag-porelrenacer","tag-gerencia-de-vialidad","tag-imdraa","tag-kellys-contreras","tag-rotulado-transporte-publico","tag-samat"],"yoast_head":"<!-- This site is optimized with the Yoast SEO plugin v19.13 - https:\/\/yoast.com\/wordpress\/plugins\/seo\/ -->\n<title>Arranc\u00f3 primera fase de rotulado para transporte p\u00fablico en El Vig\u00eda - Alcaldia Alberto Adriani<\/title>\n<meta name=\"description\" content=\"La primera jornada de rotulado, para el transporte p\u00fablico, se inici\u00f3 en las instalaciones del parque Metropolitano de la ciudad de El Vig\u00eda.\" \/>\n<meta name=\"robots\" content=\"index, follow, max-snippet:-1, max-image-preview:large, max-video-preview:-1\" \/>\n<link rel=\"canonical\" href=\"https:\/\/alcaldiaalbertoadriani.com\/?p=1122\" \/>\n<meta property=\"og:locale\" content=\"es_ES\" \/>\n<meta property=\"og:type\" content=\"article\" \/>\n<meta property=\"og:title\" content=\"Arranc\u00f3 primera fase de rotulado para transporte p\u00fablico en El Vig\u00eda - Alcaldia Alberto Adriani\" \/>\n<meta property=\"og:description\" content=\"La primera jornada de rotulado, para el transporte p\u00fablico, se inici\u00f3 en las instalaciones del parque Metropolitano de la ciudad de El Vig\u00eda.\" \/>\n<meta property=\"og:url\" content=\"https:\/\/alcaldiaalbertoadriani.com\/?p=1122\" \/>\n<meta property=\"og:site_name\" content=\"Alcaldia Alberto Adriani\" \/>\n<meta property=\"article:published_time\" content=\"2022-11-02T16:57:22+00:00\" \/>\n<meta property=\"article:modified_time\" content=\"2022-11-04T18:59:43+00:00\" \/>\n<meta property=\"og:image\" content=\"https:\/\/alcaldiaalbertoadriani.com\/wp-content\/uploads\/2022\/11\/photo_2022-11-02_12-37-40-2.jpg\" \/>\n\t<meta property=\"og:image:width\" content=\"1280\" \/>\n\t<meta property=\"og:image:height\" content=\"1280\" \/>\n\t<meta property=\"og:image:type\" content=\"image\/jpeg\" \/>\n<meta name=\"author\" content=\"Prensa\" \/>\n<meta name=\"twitter:card\" content=\"summary_large_image\" \/>\n<meta name=\"twitter:label1\" content=\"Escrito por\" \/>\n\t<meta name=\"twitter:data1\" content=\"Prensa\" \/>\n\t<meta name=\"twitter:label2\" content=\"Tiempo de lectura\" \/>\n\t<meta name=\"twitter:data2\" content=\"3 minutos\" \/>\n<script type=\"application\/ld+json\" class=\"yoast-schema-graph\">{\"@context\":\"https:\/\/schema.org\",\"@graph\":[{\"@type\":\"WebPage\",\"@id\":\"https:\/\/alcaldiaalbertoadriani.com\/?p=1122\",\"url\":\"https:\/\/alcaldiaalbertoadriani.com\/?p=1122\",\"name\":\"Arranc\u00f3 primera fase de rotulado para transporte p\u00fablico en El Vig\u00eda - Alcaldia Alberto Adriani\",\"isPartOf\":{\"@id\":\"https:\/\/alcaldiaalbertoadriani.com\/#website\"},\"datePublished\":\"2022-11-02T16:57:22+00:00\",\"dateModified\":\"2022-11-04T18:59:43+00:00\",\"author\":{\"@id\":\"https:\/\/alcaldiaalbertoadriani.com\/#\/schema\/person\/549b4483ff8999ac780deeea78795fc9\"},\"description\":\"La primera jornada de rotulado, para el transporte p\u00fablico, se inici\u00f3 en las instalaciones del parque Metropolitano de la ciudad de El Vig\u00eda.\",\"breadcrumb\":{\"@id\":\"https:\/\/alcaldiaalbertoadriani.com\/?p=1122#breadcrumb\"},\"inLanguage\":\"es\",\"potentialAction\":[{\"@type\":\"ReadAction\",\"target\":[\"https:\/\/alcaldiaalbertoadriani.com\/?p=1122\"]}]},{\"@type\":\"BreadcrumbList\",\"@id\":\"https:\/\/alcaldiaalbertoadriani.com\/?p=1122#breadcrumb\",\"itemListElement\":[{\"@type\":\"ListItem\",\"position\":1,\"name\":\"Portada\",\"item\":\"https:\/\/alcaldiaalbertoadriani.com\/\"},{\"@type\":\"ListItem\",\"position\":2,\"name\":\"Arranc\u00f3 primera fase de rotulado para transporte p\u00fablico en El Vig\u00eda\"}]},{\"@type\":\"WebSite\",\"@id\":\"https:\/\/alcaldiaalbertoadriani.com\/#website\",\"url\":\"https:\/\/alcaldiaalbertoadriani.com\/\",\"name\":\"Alcaldia Alberto Adriani\",\"description\":\"\",\"potentialAction\":[{\"@type\":\"SearchAction\",\"target\":{\"@type\":\"EntryPoint\",\"urlTemplate\":\"https:\/\/alcaldiaalbertoadriani.com\/?s={search_term_string}\"},\"query-input\":\"required name=search_term_string\"}],\"inLanguage\":\"es\"},{\"@type\":\"Person\",\"@id\":\"https:\/\/alcaldiaalbertoadriani.com\/#\/schema\/person\/549b4483ff8999ac780deeea78795fc9\",\"name\":\"Prensa\",\"image\":{\"@type\":\"ImageObject\",\"inLanguage\":\"es\",\"@id\":\"https:\/\/alcaldiaalbertoadriani.com\/#\/schema\/person\/image\/\",\"url\":\"https:\/\/secure.gravatar.com\/avatar\/ea1cb567ea992a29627f4eee1c2eb185ec16decec6342d508fdf18dedb56c9de?s=96&d=mm&r=g\",\"contentUrl\":\"https:\/\/secure.gravatar.com\/avatar\/ea1cb567ea992a29627f4eee1c2eb185ec16decec6342d508fdf18dedb56c9de?s=96&d=mm&r=g\",\"caption\":\"Prensa\"},\"url\":\"https:\/\/alcaldiaalbertoadriani.com\/?author=2\"}]}<\/script>\n<!-- \/ Yoast SEO plugin. -->","yoast_head_json":{"title":"Arranc\u00f3 primera fase de rotulado para transporte p\u00fablico en El Vig\u00eda - Alcaldia Alberto Adriani","description":"La primera jornada de rotulado, para el transporte p\u00fablico, se inici\u00f3 en las instalaciones del parque Metropolitano de la ciudad de El Vig\u00eda.","robots":{"index":"index","follow":"follow","max-snippet":"max-snippet:-1","max-image-preview":"max-image-preview:large","max-video-preview":"max-video-preview:-1"},"canonical":"https:\/\/alcaldiaalbertoadriani.com\/?p=1122","og_locale":"es_ES","og_type":"article","og_title":"Arranc\u00f3 primera fase de rotulado para transporte p\u00fablico en El Vig\u00eda - Alcaldia Alberto Adriani","og_description":"La primera jornada de rotulado, para el transporte p\u00fablico, se inici\u00f3 en las instalaciones del parque Metropolitano de la ciudad de El Vig\u00eda.","og_url":"https:\/\/alcaldiaalbertoadriani.com\/?p=1122","og_site_name":"Alcaldia Alberto Adriani","article_published_time":"2022-11-02T16:57:22+00:00","article_modified_time":"2022-11-04T18:59:43+00:00","og_image":[{"width":1280,"height":1280,"url":"https:\/\/alcaldiaalbertoadriani.com\/wp-content\/uploads\/2022\/11\/photo_2022-11-02_12-37-40-2.jpg","type":"image\/jpeg"}],"author":"Prensa","twitter_card":"summary_large_image","twitter_misc":{"Escrito por":"Prensa","Tiempo de lectura":"3 minutos"},"schema":{"@context":"https:\/\/schema.org","@graph":[{"@type":"WebPage","@id":"https:\/\/alcaldiaalbertoadriani.com\/?p=1122","url":"https:\/\/alcaldiaalbertoadriani.com\/?p=1122","name":"Arranc\u00f3 primera fase de rotulado para transporte p\u00fablico en El Vig\u00eda - Alcaldia Alberto Adriani","isPartOf":{"@id":"https:\/\/alcaldiaalbertoadriani.com\/#website"},"datePublished":"2022-11-02T16:57:22+00:00","dateModified":"2022-11-04T18:59:43+00:00","author":{"@id":"https:\/\/alcaldiaalbertoadriani.com\/#\/schema\/person\/549b4483ff8999ac780deeea78795fc9"},"description":"La primera jornada de rotulado, para el transporte p\u00fablico, se inici\u00f3 en las instalaciones del parque Metropolitano de la ciudad de El Vig\u00eda.","breadcrumb":{"@id":"https:\/\/alcaldiaalbertoadriani.com\/?p=1122#breadcrumb"},"inLanguage":"es","potentialAction":[{"@type":"ReadAction","target":["https:\/\/alcaldiaalbertoadriani.com\/?p=1122"]}]},{"@type":"BreadcrumbList","@id":"https:\/\/alcaldiaalbertoadriani.com\/?p=1122#breadcrumb","itemListElement":[{"@type":"ListItem","position":1,"name":"Portada","item":"https:\/\/alcaldiaalbertoadriani.com\/"},{"@type":"ListItem","position":2,"name":"Arranc\u00f3 primera fase de rotulado para transporte p\u00fablico en El Vig\u00eda"}]},{"@type":"WebSite","@id":"https:\/\/alcaldiaalbertoadriani.com\/#website","url":"https:\/\/alcaldiaalbertoadriani.com\/","name":"Alcaldia Alberto Adriani","description":"","potentialAction":[{"@type":"SearchAction","target":{"@type":"EntryPoint","urlTemplate":"https:\/\/alcaldiaalbertoadriani.com\/?s={search_term_string}"},"query-input":"required name=search_term_string"}],"inLanguage":"es"},{"@type":"Person","@id":"https:\/\/alcaldiaalbertoadriani.com\/#\/schema\/person\/549b4483ff8999ac780deeea78795fc9","name":"Prensa","image":{"@type":"ImageObject","inLanguage":"es","@id":"https:\/\/alcaldiaalbertoadriani.com\/#\/schema\/person\/image\/","url":"https:\/\/secure.gravatar.com\/avatar\/ea1cb567ea992a29627f4eee1c2eb185ec16decec6342d508fdf18dedb56c9de?s=96&d=mm&r=g","contentUrl":"https:\/\/secure.gravatar.com\/avatar\/ea1cb567ea992a29627f4eee1c2eb185ec16decec6342d508fdf18dedb56c9de?s=96&d=mm&r=g","caption":"Prensa"},"url":"https:\/\/alcaldiaalbertoadriani.com\/?author=2"}]}},"_links":{"self":[{"href":"https:\/\/alcaldiaalbertoadriani.com\/index.php?rest_route=\/wp\/v2\/posts\/1122","targetHints":{"allow":["GET"]}}],"collection":[{"href":"https:\/\/alcaldiaalbertoadriani.com\/index.php?rest_route=\/wp\/v2\/posts"}],"about":[{"href":"https:\/\/alcaldiaalbertoadriani.com\/index.php?rest_route=\/wp\/v2\/types\/post"}],"author":[{"embeddable":true,"href":"https:\/\/alcaldiaalbertoadriani.com\/index.php?rest_route=\/wp\/v2\/users\/2"}],"replies":[{"embeddable":true,"href":"https:\/\/alcaldiaalbertoadriani.com\/index.php?rest_route=%2Fwp%2Fv2%2Fcomments&post=1122"}],"version-history":[{"count":10,"href":"https:\/\/alcaldiaalbertoadriani.com\/index.php?rest_route=\/wp\/v2\/posts\/1122\/revisions"}],"predecessor-version":[{"id":1145,"href":"https:\/\/alcaldiaalbertoadriani.com\/index.php?rest_route=\/wp\/v2\/posts\/1122\/revisions\/1145"}],"wp:featuredmedia":[{"embeddable":true,"href":"https:\/\/alcaldiaalbertoadriani.com\/index.php?rest_route=\/wp\/v2\/media\/1123"}],"wp:attachment":[{"href":"https:\/\/alcaldiaalbertoadriani.com\/index.php?rest_route=%2Fwp%2Fv2%2Fmedia&parent=1122"}],"wp:term":[{"taxonomy":"category","embeddable":true,"href":"https:\/\/alcaldiaalbertoadriani.com\/index.php?rest_route=%2Fwp%2Fv2%2Fcategories&post=1122"},{"taxonomy":"post_tag","embeddable":true,"href":"https:\/\/alcaldiaalbertoadriani.com\/index.php?rest_route=%2Fwp%2Fv2%2Ftags&post=1122"}],"curies":[{"name":"wp","href":"https:\/\/api.w.org\/{rel}","templated":true}]}}