{"id":11206,"date":"2025-05-19T20:27:13","date_gmt":"2025-05-19T20:27:13","guid":{"rendered":"https:\/\/alcaldiaalbertoadriani.com\/?p=11206"},"modified":"2025-05-19T20:27:34","modified_gmt":"2025-05-19T20:27:34","slug":"gestion-de-lisandro-segura-ejecuto-con-exito-plan-de-asfaltado","status":"publish","type":"post","link":"https:\/\/alcaldiaalbertoadriani.com\/?p=11206","title":{"rendered":"Gesti\u00f3n de Lisandro Segura ejecut\u00f3 con \u00e9xito plan de asfaltado en Ca\u00f1o Amarillo"},"content":{"rendered":"\n<p><\/p>\n\n\n\n<p>La gesti\u00f3n del alcalde de Alberto Adriani <a href=\"https:\/\/www.instagram.com\/lisandrosegura02\/?hl=es\">Lisandro Segura<\/a> ejecut\u00f3 con \u00e9xito el <a href=\"https:\/\/alcaldiaalbertoadriani.com\/?p=10143\" target=\"_blank\" rel=\"noreferrer noopener\">plan de Asfaltado y Bacheo<\/a> en las principales calles del sector <a href=\"https:\/\/alcaldiaalbertoadriani.com\/?p=9800\" target=\"_blank\" rel=\"noreferrer noopener\">Ca\u00f1o Amarillo<\/a> de la parroquia H\u00e9ctor Amable Mora.<\/p>\n\n\n\n<!--more-->\n\n\n\n<p>Esta acci\u00f3n responde a una sentida necesidad de la comunidad, cuyas calles llevaban m\u00e1s de dos d\u00e9cadas sin asfaltar, seg\u00fan refirieron los mismos vecinos.<\/p>\n\n\n\n<p>&#8220;Hemos cumplido con el compromiso que asumimos con los vecinos de Ca\u00f1o Amarillo&#8221;, afirm\u00f3 el alcalde Lisandro Segura durante la visita a la comunidad. &#8220;Para nosotros es una gran satisfacci\u00f3n poder ejecutar obras en beneficio de las comunidades, porque sabemos lo importante que es contar con una infraestructura vial en buen estado para la calidad de vida de todos&#8221;, dijo.<\/p>\n\n\n\n<figure class=\"wp-block-gallery has-nested-images columns-default is-cropped wp-block-gallery-1 is-layout-flex wp-block-gallery-is-layout-flex\">\n<figure class=\"wp-block-image size-large\"><img loading=\"lazy\" decoding=\"async\" width=\"1024\" height=\"768\" data-id=\"11208\" src=\"https:\/\/alcaldiaalbertoadriani.com\/wp-content\/uploads\/2025\/05\/4983680948935700070-1024x768.jpg\" alt=\"\" class=\"wp-image-11208\" srcset=\"https:\/\/alcaldiaalbertoadriani.com\/wp-content\/uploads\/2025\/05\/4983680948935700070-1024x768.jpg 1024w, https:\/\/alcaldiaalbertoadriani.com\/wp-content\/uploads\/2025\/05\/4983680948935700070-980x735.jpg 980w, https:\/\/alcaldiaalbertoadriani.com\/wp-content\/uploads\/2025\/05\/4983680948935700070-480x360.jpg 480w\" sizes=\"auto, (min-width: 0px) and (max-width: 480px) 480px, (min-width: 481px) and (max-width: 980px) 980px, (min-width: 981px) 1024px, 100vw\" \/><\/figure>\n<\/figure>\n\n\n\n<p>Seg\u00fan testimonios de los propios habitantes del sector, las calles estaban deterioradas y ten\u00edan mucho tiempo sin recibir mantenimiento. \u201cDamos las gracias al alcalde Lisandro Segura por la obra ejecutada, ya que ten\u00eda m\u00e1s de 26 a\u00f1os que no les hac\u00eda un cari\u00f1o a estas calles, y le deseamos muchos \u00e9xitos en su gesti\u00f3n\u201d, expres\u00f3 Lucho M\u00e9ndez, quien habita en la comunidad desde hace 70 a\u00f1os.<\/p>\n\n\n\n<p>Por su parte, Mar\u00eda Carrero, expres\u00f3 su agradecimiento. \u201cMuy agradecida con el alcalde por las obras que ha hecho en Ca\u00f1o Amarillo, el asfaltado, el material para el dique, incluso ayudas para familias humildes\u201d.<\/p>\n\n\n\n<figure class=\"wp-block-gallery has-nested-images columns-default is-cropped wp-block-gallery-2 is-layout-flex wp-block-gallery-is-layout-flex\">\n<figure class=\"wp-block-image size-large\"><img loading=\"lazy\" decoding=\"async\" width=\"1024\" height=\"576\" data-id=\"11209\" src=\"https:\/\/alcaldiaalbertoadriani.com\/wp-content\/uploads\/2025\/05\/4983680948935700069-1024x576.jpg\" alt=\"\" class=\"wp-image-11209\" srcset=\"https:\/\/alcaldiaalbertoadriani.com\/wp-content\/uploads\/2025\/05\/4983680948935700069-1024x576.jpg 1024w, https:\/\/alcaldiaalbertoadriani.com\/wp-content\/uploads\/2025\/05\/4983680948935700069-980x551.jpg 980w, https:\/\/alcaldiaalbertoadriani.com\/wp-content\/uploads\/2025\/05\/4983680948935700069-480x270.jpg 480w\" sizes=\"auto, (min-width: 0px) and (max-width: 480px) 480px, (min-width: 481px) and (max-width: 980px) 980px, (min-width: 981px) 1024px, 100vw\" \/><\/figure>\n<\/figure>\n\n\n\n<p>El alcalde Segura anunci\u00f3 que, la gesti\u00f3n municipal tiene previsto continuar con la segunda etapa del plan de asfaltado en el resto de las calles de la comunidad de Ca\u00f1o Amarillo para el pr\u00f3ximo a\u00f1o, reafirmando el compromiso de su gobierno con el desarrollo integral de todas las parroquias del municipio Alberto Adriani que represente una mejora significativa para los ciudadanos.<strong><em> Prensa Alcald\u00eda Alberto Adriani\/ Claribel Zambrano CNP: 11.843\/ Fotos: Karla M\u00e1rquez.<\/em><\/strong><\/p>\n\n\n\n<figure class=\"wp-block-gallery has-nested-images columns-default is-cropped wp-block-gallery-3 is-layout-flex wp-block-gallery-is-layout-flex\">\n<figure class=\"wp-block-image\"><img decoding=\"async\" src=\"blob:https:\/\/alcaldiaalbertoadriani.com\/98e94ec6-7c32-4114-91fd-7b6b096c7211\" alt=\"\"\/><\/figure>\n\n\n\n<figure class=\"wp-block-image\"><img decoding=\"async\" src=\"blob:https:\/\/alcaldiaalbertoadriani.com\/2f58bf22-250c-47f8-bfd8-bb1faa11db7c\" alt=\"\"\/><\/figure>\n\n\n\n<figure class=\"wp-block-image\"><img decoding=\"async\" src=\"blob:https:\/\/alcaldiaalbertoadriani.com\/6ac76a84-fa4f-43a1-9db6-b6a2fb0d29d6\" alt=\"\"\/><\/figure>\n\n\n\n<figure class=\"wp-block-image\"><img decoding=\"async\" src=\"blob:https:\/\/alcaldiaalbertoadriani.com\/f08f9478-a6a2-4fcc-a142-89d9be03300e\" alt=\"\"\/><\/figure>\n\n\n\n<figure class=\"wp-block-image\"><img decoding=\"async\" src=\"blob:https:\/\/alcaldiaalbertoadriani.com\/8a72775c-eb9c-4e5a-b215-ded89be3e80f\" alt=\"\"\/><\/figure>\n\n\n\n<figure class=\"wp-block-image\"><img decoding=\"async\" src=\"blob:https:\/\/alcaldiaalbertoadriani.com\/117c2f30-c694-4067-879b-c667561dcde2\" alt=\"\"\/><\/figure>\n\n\n\n<figure class=\"wp-block-image\"><img decoding=\"async\" src=\"blob:https:\/\/alcaldiaalbertoadriani.com\/58326f56-ec94-47eb-8b34-50d3414be84f\" alt=\"\"\/><\/figure>\n\n\n\n<figure class=\"wp-block-image\"><img decoding=\"async\" src=\"blob:https:\/\/alcaldiaalbertoadriani.com\/9fd25f10-d00b-4310-80ff-c1cf2219e995\" alt=\"\"\/><\/figure>\n\n\n\n<figure class=\"wp-block-image\"><img decoding=\"async\" src=\"blob:https:\/\/alcaldiaalbertoadriani.com\/c9f3aa81-fe10-41b4-bd35-bf0ab34512bf\" alt=\"\"\/><\/figure>\n\n\n\n<figure class=\"wp-block-image\"><img decoding=\"async\" src=\"blob:https:\/\/alcaldiaalbertoadriani.com\/fdb79d3d-f88d-4a80-a3e7-107cbab80a1f\" alt=\"\"\/><\/figure>\n\n\n\n<figure class=\"wp-block-image\"><img decoding=\"async\" src=\"blob:https:\/\/alcaldiaalbertoadriani.com\/5fdc7dfa-3f72-42f1-b463-b8d56dd0f37a\" alt=\"\"\/><\/figure>\n\n\n\n<figure class=\"wp-block-image\"><img decoding=\"async\" src=\"blob:https:\/\/alcaldiaalbertoadriani.com\/ea1406f1-44cf-4135-9854-fc0a99c9915d\" alt=\"\"\/><\/figure>\n\n\n\n<figure class=\"wp-block-image\"><img decoding=\"async\" src=\"blob:https:\/\/alcaldiaalbertoadriani.com\/dc15a855-748f-4cb2-b1da-6c5b5c14ee38\" alt=\"\"\/><\/figure>\n<\/figure>\n","protected":false},"excerpt":{"rendered":"<p>La gesti\u00f3n del alcalde de Alberto Adriani Lisandro Segura ejecut\u00f3 con \u00e9xito el plan de Asfaltado y Bacheo en las principales calles del sector Ca\u00f1o Amarillo de la parroquia H\u00e9ctor [&hellip;]<\/p>\n","protected":false},"author":2,"featured_media":11207,"comment_status":"open","ping_status":"closed","sticky":false,"template":"","format":"standard","meta":{"_et_pb_use_builder":"off","_et_pb_old_content":"","_et_gb_content_width":"","footnotes":""},"categories":[341,1064,25],"tags":[31,11,12,15,761,30,28,1065],"class_list":["post-11206","post","type-post","status-publish","format-standard","has-post-thumbnail","hentry","category-alcaldia-alberto-adriani","category-asfaltado","category-nuestro-municipio","tag-alcalde","tag-alcaldia","tag-alcaldiaalbertoadriani","tag-elvigia","tag-encrucijadadeprogreso","tag-lisandrosegura","tag-porelrenacer","tag-gestion-de-lisandro-segura-ejecuto-con-exito-plan-de-asfaltado"],"yoast_head":"<!-- This site is optimized with the Yoast SEO plugin v19.13 - https:\/\/yoast.com\/wordpress\/plugins\/seo\/ -->\n<title>Gesti\u00f3n de Lisandro Segura ejecut\u00f3 con \u00e9xito plan de asfaltado<\/title>\n<meta name=\"description\" content=\"Gesti\u00f3n de Lisandro Segura ejecut\u00f3 con \u00e9xito plan de asfaltado en Ca\u00f1o Amarillo de la parroquia H\u00e9ctor Amable Mora\" \/>\n<meta name=\"robots\" content=\"index, follow, max-snippet:-1, max-image-preview:large, max-video-preview:-1\" \/>\n<link rel=\"canonical\" href=\"https:\/\/alcaldiaalbertoadriani.com\/?p=11206\" \/>\n<meta property=\"og:locale\" content=\"es_ES\" \/>\n<meta property=\"og:type\" content=\"article\" \/>\n<meta property=\"og:title\" content=\"Gesti\u00f3n de Lisandro Segura ejecut\u00f3 con \u00e9xito plan de asfaltado\" \/>\n<meta property=\"og:description\" content=\"Gesti\u00f3n de Lisandro Segura ejecut\u00f3 con \u00e9xito plan de asfaltado en Ca\u00f1o Amarillo de la parroquia H\u00e9ctor Amable Mora\" \/>\n<meta property=\"og:url\" content=\"https:\/\/alcaldiaalbertoadriani.com\/?p=11206\" \/>\n<meta property=\"og:site_name\" content=\"Alcaldia Alberto Adriani\" \/>\n<meta property=\"article:published_time\" content=\"2025-05-19T20:27:13+00:00\" \/>\n<meta property=\"article:modified_time\" content=\"2025-05-19T20:27:34+00:00\" \/>\n<meta property=\"og:image\" content=\"https:\/\/alcaldiaalbertoadriani.com\/wp-content\/uploads\/2025\/05\/4983680948935700077.jpg\" \/>\n\t<meta property=\"og:image:width\" content=\"800\" \/>\n\t<meta property=\"og:image:height\" content=\"600\" \/>\n\t<meta property=\"og:image:type\" content=\"image\/jpeg\" \/>\n<meta name=\"author\" content=\"Prensa\" \/>\n<meta name=\"twitter:card\" content=\"summary_large_image\" \/>\n<meta name=\"twitter:label1\" content=\"Escrito por\" \/>\n\t<meta name=\"twitter:data1\" content=\"Prensa\" \/>\n\t<meta name=\"twitter:label2\" content=\"Tiempo de lectura\" \/>\n\t<meta name=\"twitter:data2\" content=\"5 minutos\" \/>\n<script type=\"application\/ld+json\" class=\"yoast-schema-graph\">{\"@context\":\"https:\/\/schema.org\",\"@graph\":[{\"@type\":\"WebPage\",\"@id\":\"https:\/\/alcaldiaalbertoadriani.com\/?p=11206\",\"url\":\"https:\/\/alcaldiaalbertoadriani.com\/?p=11206\",\"name\":\"Gesti\u00f3n de Lisandro Segura ejecut\u00f3 con \u00e9xito plan de asfaltado\",\"isPartOf\":{\"@id\":\"https:\/\/alcaldiaalbertoadriani.com\/#website\"},\"datePublished\":\"2025-05-19T20:27:13+00:00\",\"dateModified\":\"2025-05-19T20:27:34+00:00\",\"author\":{\"@id\":\"https:\/\/alcaldiaalbertoadriani.com\/#\/schema\/person\/549b4483ff8999ac780deeea78795fc9\"},\"description\":\"Gesti\u00f3n de Lisandro Segura ejecut\u00f3 con \u00e9xito plan de asfaltado en Ca\u00f1o Amarillo de la parroquia H\u00e9ctor Amable Mora\",\"breadcrumb\":{\"@id\":\"https:\/\/alcaldiaalbertoadriani.com\/?p=11206#breadcrumb\"},\"inLanguage\":\"es\",\"potentialAction\":[{\"@type\":\"ReadAction\",\"target\":[\"https:\/\/alcaldiaalbertoadriani.com\/?p=11206\"]}]},{\"@type\":\"BreadcrumbList\",\"@id\":\"https:\/\/alcaldiaalbertoadriani.com\/?p=11206#breadcrumb\",\"itemListElement\":[{\"@type\":\"ListItem\",\"position\":1,\"name\":\"Portada\",\"item\":\"https:\/\/alcaldiaalbertoadriani.com\/\"},{\"@type\":\"ListItem\",\"position\":2,\"name\":\"Gesti\u00f3n de Lisandro Segura ejecut\u00f3 con \u00e9xito plan de asfaltado en Ca\u00f1o Amarillo\"}]},{\"@type\":\"WebSite\",\"@id\":\"https:\/\/alcaldiaalbertoadriani.com\/#website\",\"url\":\"https:\/\/alcaldiaalbertoadriani.com\/\",\"name\":\"Alcaldia Alberto Adriani\",\"description\":\"\",\"potentialAction\":[{\"@type\":\"SearchAction\",\"target\":{\"@type\":\"EntryPoint\",\"urlTemplate\":\"https:\/\/alcaldiaalbertoadriani.com\/?s={search_term_string}\"},\"query-input\":\"required name=search_term_string\"}],\"inLanguage\":\"es\"},{\"@type\":\"Person\",\"@id\":\"https:\/\/alcaldiaalbertoadriani.com\/#\/schema\/person\/549b4483ff8999ac780deeea78795fc9\",\"name\":\"Prensa\",\"image\":{\"@type\":\"ImageObject\",\"inLanguage\":\"es\",\"@id\":\"https:\/\/alcaldiaalbertoadriani.com\/#\/schema\/person\/image\/\",\"url\":\"https:\/\/secure.gravatar.com\/avatar\/ea1cb567ea992a29627f4eee1c2eb185ec16decec6342d508fdf18dedb56c9de?s=96&d=mm&r=g\",\"contentUrl\":\"https:\/\/secure.gravatar.com\/avatar\/ea1cb567ea992a29627f4eee1c2eb185ec16decec6342d508fdf18dedb56c9de?s=96&d=mm&r=g\",\"caption\":\"Prensa\"},\"url\":\"https:\/\/alcaldiaalbertoadriani.com\/?author=2\"}]}<\/script>\n<!-- \/ Yoast SEO plugin. -->","yoast_head_json":{"title":"Gesti\u00f3n de Lisandro Segura ejecut\u00f3 con \u00e9xito plan de asfaltado","description":"Gesti\u00f3n de Lisandro Segura ejecut\u00f3 con \u00e9xito plan de asfaltado en Ca\u00f1o Amarillo de la parroquia H\u00e9ctor Amable Mora","robots":{"index":"index","follow":"follow","max-snippet":"max-snippet:-1","max-image-preview":"max-image-preview:large","max-video-preview":"max-video-preview:-1"},"canonical":"https:\/\/alcaldiaalbertoadriani.com\/?p=11206","og_locale":"es_ES","og_type":"article","og_title":"Gesti\u00f3n de Lisandro Segura ejecut\u00f3 con \u00e9xito plan de asfaltado","og_description":"Gesti\u00f3n de Lisandro Segura ejecut\u00f3 con \u00e9xito plan de asfaltado en Ca\u00f1o Amarillo de la parroquia H\u00e9ctor Amable Mora","og_url":"https:\/\/alcaldiaalbertoadriani.com\/?p=11206","og_site_name":"Alcaldia Alberto Adriani","article_published_time":"2025-05-19T20:27:13+00:00","article_modified_time":"2025-05-19T20:27:34+00:00","og_image":[{"width":800,"height":600,"url":"https:\/\/alcaldiaalbertoadriani.com\/wp-content\/uploads\/2025\/05\/4983680948935700077.jpg","type":"image\/jpeg"}],"author":"Prensa","twitter_card":"summary_large_image","twitter_misc":{"Escrito por":"Prensa","Tiempo de lectura":"5 minutos"},"schema":{"@context":"https:\/\/schema.org","@graph":[{"@type":"WebPage","@id":"https:\/\/alcaldiaalbertoadriani.com\/?p=11206","url":"https:\/\/alcaldiaalbertoadriani.com\/?p=11206","name":"Gesti\u00f3n de Lisandro Segura ejecut\u00f3 con \u00e9xito plan de asfaltado","isPartOf":{"@id":"https:\/\/alcaldiaalbertoadriani.com\/#website"},"datePublished":"2025-05-19T20:27:13+00:00","dateModified":"2025-05-19T20:27:34+00:00","author":{"@id":"https:\/\/alcaldiaalbertoadriani.com\/#\/schema\/person\/549b4483ff8999ac780deeea78795fc9"},"description":"Gesti\u00f3n de Lisandro Segura ejecut\u00f3 con \u00e9xito plan de asfaltado en Ca\u00f1o Amarillo de la parroquia H\u00e9ctor Amable Mora","breadcrumb":{"@id":"https:\/\/alcaldiaalbertoadriani.com\/?p=11206#breadcrumb"},"inLanguage":"es","potentialAction":[{"@type":"ReadAction","target":["https:\/\/alcaldiaalbertoadriani.com\/?p=11206"]}]},{"@type":"BreadcrumbList","@id":"https:\/\/alcaldiaalbertoadriani.com\/?p=11206#breadcrumb","itemListElement":[{"@type":"ListItem","position":1,"name":"Portada","item":"https:\/\/alcaldiaalbertoadriani.com\/"},{"@type":"ListItem","position":2,"name":"Gesti\u00f3n de Lisandro Segura ejecut\u00f3 con \u00e9xito plan de asfaltado en Ca\u00f1o Amarillo"}]},{"@type":"WebSite","@id":"https:\/\/alcaldiaalbertoadriani.com\/#website","url":"https:\/\/alcaldiaalbertoadriani.com\/","name":"Alcaldia Alberto Adriani","description":"","potentialAction":[{"@type":"SearchAction","target":{"@type":"EntryPoint","urlTemplate":"https:\/\/alcaldiaalbertoadriani.com\/?s={search_term_string}"},"query-input":"required name=search_term_string"}],"inLanguage":"es"},{"@type":"Person","@id":"https:\/\/alcaldiaalbertoadriani.com\/#\/schema\/person\/549b4483ff8999ac780deeea78795fc9","name":"Prensa","image":{"@type":"ImageObject","inLanguage":"es","@id":"https:\/\/alcaldiaalbertoadriani.com\/#\/schema\/person\/image\/","url":"https:\/\/secure.gravatar.com\/avatar\/ea1cb567ea992a29627f4eee1c2eb185ec16decec6342d508fdf18dedb56c9de?s=96&d=mm&r=g","contentUrl":"https:\/\/secure.gravatar.com\/avatar\/ea1cb567ea992a29627f4eee1c2eb185ec16decec6342d508fdf18dedb56c9de?s=96&d=mm&r=g","caption":"Prensa"},"url":"https:\/\/alcaldiaalbertoadriani.com\/?author=2"}]}},"_links":{"self":[{"href":"https:\/\/alcaldiaalbertoadriani.com\/index.php?rest_route=\/wp\/v2\/posts\/11206","targetHints":{"allow":["GET"]}}],"collection":[{"href":"https:\/\/alcaldiaalbertoadriani.com\/index.php?rest_route=\/wp\/v2\/posts"}],"about":[{"href":"https:\/\/alcaldiaalbertoadriani.com\/index.php?rest_route=\/wp\/v2\/types\/post"}],"author":[{"embeddable":true,"href":"https:\/\/alcaldiaalbertoadriani.com\/index.php?rest_route=\/wp\/v2\/users\/2"}],"replies":[{"embeddable":true,"href":"https:\/\/alcaldiaalbertoadriani.com\/index.php?rest_route=%2Fwp%2Fv2%2Fcomments&post=11206"}],"version-history":[{"count":2,"href":"https:\/\/alcaldiaalbertoadriani.com\/index.php?rest_route=\/wp\/v2\/posts\/11206\/revisions"}],"predecessor-version":[{"id":11224,"href":"https:\/\/alcaldiaalbertoadriani.com\/index.php?rest_route=\/wp\/v2\/posts\/11206\/revisions\/11224"}],"wp:featuredmedia":[{"embeddable":true,"href":"https:\/\/alcaldiaalbertoadriani.com\/index.php?rest_route=\/wp\/v2\/media\/11207"}],"wp:attachment":[{"href":"https:\/\/alcaldiaalbertoadriani.com\/index.php?rest_route=%2Fwp%2Fv2%2Fmedia&parent=11206"}],"wp:term":[{"taxonomy":"category","embeddable":true,"href":"https:\/\/alcaldiaalbertoadriani.com\/index.php?rest_route=%2Fwp%2Fv2%2Fcategories&post=11206"},{"taxonomy":"post_tag","embeddable":true,"href":"https:\/\/alcaldiaalbertoadriani.com\/index.php?rest_route=%2Fwp%2Fv2%2Ftags&post=11206"}],"curies":[{"name":"wp","href":"https:\/\/api.w.org\/{rel}","templated":true}]}}