{"id":11130,"date":"2025-05-09T14:48:21","date_gmt":"2025-05-09T14:48:21","guid":{"rendered":"https:\/\/alcaldiaalbertoadriani.com\/?p=11130"},"modified":"2025-05-09T14:50:41","modified_gmt":"2025-05-09T14:50:41","slug":"alcalde-lisandro-segura-atiende-planteamientos-de-la-comunidad","status":"publish","type":"post","link":"https:\/\/alcaldiaalbertoadriani.com\/?p=11130","title":{"rendered":"Alcalde Lisandro Segura atiende planteamientos de las comunidades de La Florida y Flor del Para\u00edso"},"content":{"rendered":"\n<p><\/p>\n\n\n\n<p>En atenci\u00f3n a la invitaci\u00f3n de las comunidades de La Florida y Flor del Para\u00edso, en la <a href=\"https:\/\/alcaldiaalbertoadriani.com\/?p=6442\" target=\"_blank\" rel=\"noreferrer noopener\">parroquia R\u00f3mulo Gallegos<\/a>, el alcalde <a href=\"https:\/\/www.instagram.com\/alcaldia_aa\/\" target=\"_blank\" rel=\"noreferrer noopener\">Lisandro Segura<\/a> realiz\u00f3 este mi\u00e9rcoles una visita y recorrido por sus calles para conocer de cerca los problemas prioritarios.<\/p>\n\n\n\n<!--more-->\n\n\n\n<p>En una asamblea de ciudadanos, los vecinos expusieron necesidades claves entre ellas la vialidad, la culminaci\u00f3n de aceras y brocales y el servicio el\u00e9ctrico.<\/p>\n\n\n\n<p>El burgomaestre, tras escuchar atentamente los planteamientos, resalt\u00f3 los avances de su gesti\u00f3n en la parroquia y reafirm\u00f3 su compromiso con las comunidades. En este sentido, anunci\u00f3 la ejecuci\u00f3n este a\u00f1o de <a href=\"https:\/\/alcaldiaalbertoadriani.com\/?p=8921\" target=\"_blank\" rel=\"noreferrer noopener\">aceras y brocales<\/a> en calles sin consolidar de La Florida; la recuperaci\u00f3n de la cancha, as\u00ed como tambi\u00e9n aprob\u00f3 la dotaci\u00f3n de materiales el\u00e9ctricos para culminar un proyecto iniciado por la comunidad de la calle 5 bis de La Florida. Asimismo, inform\u00f3 que planificar\u00e1 para el pr\u00f3ximo a\u00f1o el asfaltado en el sector.<\/p>\n\n\n\n<figure class=\"wp-block-gallery has-nested-images columns-default is-cropped wp-block-gallery-1 is-layout-flex wp-block-gallery-is-layout-flex\">\n<figure class=\"wp-block-image size-large\"><img loading=\"lazy\" decoding=\"async\" width=\"1024\" height=\"576\" data-id=\"11133\" src=\"https:\/\/alcaldiaalbertoadriani.com\/wp-content\/uploads\/2025\/05\/photo_4967871530801410204_y-1024x576.jpg\" alt=\"\" class=\"wp-image-11133\" srcset=\"https:\/\/alcaldiaalbertoadriani.com\/wp-content\/uploads\/2025\/05\/photo_4967871530801410204_y-1024x576.jpg 1024w, https:\/\/alcaldiaalbertoadriani.com\/wp-content\/uploads\/2025\/05\/photo_4967871530801410204_y-980x551.jpg 980w, https:\/\/alcaldiaalbertoadriani.com\/wp-content\/uploads\/2025\/05\/photo_4967871530801410204_y-480x270.jpg 480w\" sizes=\"auto, (min-width: 0px) and (max-width: 480px) 480px, (min-width: 481px) and (max-width: 980px) 980px, (min-width: 981px) 1024px, 100vw\" \/><\/figure>\n<\/figure>\n\n\n\n<p>Por su parte, Marcos Varela, dirigente social de la zona, expres\u00f3 su agradecimiento por la visita y la receptividad del alcalde. \u201cAgradecido con el alcalde <a href=\"https:\/\/www.instagram.com\/alcaldia_aa\/\" target=\"_blank\" rel=\"noreferrer noopener\">Lisandro Segura<\/a> al atender la solicitud hecha por nuestras comunidades y su disposici\u00f3n de mejorar y consolidar los sectores\u201d, dijo. <strong><em>Prensa Alcald\u00eda Alberto Adriani\/ Claribel Zambrano CNP: 11.843\/ Fotos: C.Z.<\/em><\/strong><\/p>\n\n\n\n<figure class=\"wp-block-gallery has-nested-images columns-default is-cropped wp-block-gallery-2 is-layout-flex wp-block-gallery-is-layout-flex\">\n<figure class=\"wp-block-image\"><img decoding=\"async\" src=\"blob:https:\/\/alcaldiaalbertoadriani.com\/9527eba6-7446-419d-a0ab-c2e907fe5076\" alt=\"\"\/><\/figure>\n\n\n\n<figure class=\"wp-block-image\"><img decoding=\"async\" src=\"blob:https:\/\/alcaldiaalbertoadriani.com\/8d1cc2f7-461f-4684-95c9-b46a997d936f\" alt=\"\"\/><\/figure>\n\n\n\n<figure class=\"wp-block-image\"><img decoding=\"async\" src=\"blob:https:\/\/alcaldiaalbertoadriani.com\/2b6d57f0-5de1-44a8-92e4-d67fec9cea33\" alt=\"\"\/><\/figure>\n\n\n\n<figure class=\"wp-block-image\"><img decoding=\"async\" src=\"blob:https:\/\/alcaldiaalbertoadriani.com\/b2fe96cc-ebe6-4be7-b5de-8af7181d97de\" alt=\"\"\/><\/figure>\n\n\n\n<figure class=\"wp-block-image\"><img decoding=\"async\" src=\"blob:https:\/\/alcaldiaalbertoadriani.com\/e138b891-c4b9-4553-bc6c-5a060d1349c9\" alt=\"\"\/><\/figure>\n\n\n\n<figure class=\"wp-block-image\"><img decoding=\"async\" src=\"blob:https:\/\/alcaldiaalbertoadriani.com\/c44308ef-12db-4511-bdb3-513f6362560d\" alt=\"\"\/><\/figure>\n\n\n\n<figure class=\"wp-block-image\"><img decoding=\"async\" src=\"blob:https:\/\/alcaldiaalbertoadriani.com\/45000a76-4d6b-4fef-8f3d-b1827bbecbb7\" alt=\"\"\/><\/figure>\n\n\n\n<figure class=\"wp-block-image\"><img decoding=\"async\" src=\"blob:https:\/\/alcaldiaalbertoadriani.com\/e3ed18e9-d626-4dc7-8736-604b00452667\" alt=\"\"\/><\/figure>\n\n\n\n<figure class=\"wp-block-image\"><img decoding=\"async\" src=\"blob:https:\/\/alcaldiaalbertoadriani.com\/276a4dd5-fbd6-4685-8ccf-32151df15af0\" alt=\"\"\/><\/figure>\n<\/figure>\n","protected":false},"excerpt":{"rendered":"<p>En atenci\u00f3n a la invitaci\u00f3n de las comunidades de La Florida y Flor del Para\u00edso, en la parroquia R\u00f3mulo Gallegos, el alcalde Lisandro Segura realiz\u00f3 este mi\u00e9rcoles una visita y [&hellip;]<\/p>\n","protected":false},"author":2,"featured_media":11131,"comment_status":"open","ping_status":"closed","sticky":false,"template":"","format":"standard","meta":{"_et_pb_use_builder":"off","_et_pb_old_content":"","_et_gb_content_width":"","footnotes":""},"categories":[341,25],"tags":[31,11,12,15,761,30,29,28,1060],"class_list":["post-11130","post","type-post","status-publish","format-standard","has-post-thumbnail","hentry","category-alcaldia-alberto-adriani","category-nuestro-municipio","tag-alcalde","tag-alcaldia","tag-alcaldiaalbertoadriani","tag-elvigia","tag-encrucijadadeprogreso","tag-lisandrosegura","tag-municipioquenosmerecemos","tag-porelrenacer","tag-alcalde-lisandro-segura-atiende-planteamientos-de-la-comunidad"],"yoast_head":"<!-- This site is optimized with the Yoast SEO plugin v19.13 - https:\/\/yoast.com\/wordpress\/plugins\/seo\/ -->\n<title>Alcalde Lisandro Segura atiende planteamientos de la comunidad<\/title>\n<meta name=\"description\" content=\"Alcalde Lisandro Segura atiende planteamientos de las comunidades de La Florida y Flor del Para\u00edso parroquia R\u00f3mulo Gallegos\" \/>\n<meta name=\"robots\" content=\"index, follow, max-snippet:-1, max-image-preview:large, max-video-preview:-1\" \/>\n<link rel=\"canonical\" href=\"https:\/\/alcaldiaalbertoadriani.com\/?p=11130\" \/>\n<meta property=\"og:locale\" content=\"es_ES\" \/>\n<meta property=\"og:type\" content=\"article\" \/>\n<meta property=\"og:title\" content=\"Alcalde Lisandro Segura atiende planteamientos de la comunidad\" \/>\n<meta property=\"og:description\" content=\"Alcalde Lisandro Segura atiende planteamientos de las comunidades de La Florida y Flor del Para\u00edso parroquia R\u00f3mulo Gallegos\" \/>\n<meta property=\"og:url\" content=\"https:\/\/alcaldiaalbertoadriani.com\/?p=11130\" \/>\n<meta property=\"og:site_name\" content=\"Alcaldia Alberto Adriani\" \/>\n<meta property=\"article:published_time\" content=\"2025-05-09T14:48:21+00:00\" \/>\n<meta property=\"article:modified_time\" content=\"2025-05-09T14:50:41+00:00\" \/>\n<meta property=\"og:image\" content=\"https:\/\/alcaldiaalbertoadriani.com\/wp-content\/uploads\/2025\/05\/photo_4967871530801410205_y.jpg\" \/>\n\t<meta property=\"og:image:width\" content=\"1280\" \/>\n\t<meta property=\"og:image:height\" content=\"720\" \/>\n\t<meta property=\"og:image:type\" content=\"image\/jpeg\" \/>\n<meta name=\"author\" content=\"Prensa\" \/>\n<meta name=\"twitter:card\" content=\"summary_large_image\" \/>\n<meta name=\"twitter:label1\" content=\"Escrito por\" \/>\n\t<meta name=\"twitter:data1\" content=\"Prensa\" \/>\n\t<meta name=\"twitter:label2\" content=\"Tiempo de lectura\" \/>\n\t<meta name=\"twitter:data2\" content=\"3 minutos\" \/>\n<script type=\"application\/ld+json\" class=\"yoast-schema-graph\">{\"@context\":\"https:\/\/schema.org\",\"@graph\":[{\"@type\":\"WebPage\",\"@id\":\"https:\/\/alcaldiaalbertoadriani.com\/?p=11130\",\"url\":\"https:\/\/alcaldiaalbertoadriani.com\/?p=11130\",\"name\":\"Alcalde Lisandro Segura atiende planteamientos de la comunidad\",\"isPartOf\":{\"@id\":\"https:\/\/alcaldiaalbertoadriani.com\/#website\"},\"datePublished\":\"2025-05-09T14:48:21+00:00\",\"dateModified\":\"2025-05-09T14:50:41+00:00\",\"author\":{\"@id\":\"https:\/\/alcaldiaalbertoadriani.com\/#\/schema\/person\/549b4483ff8999ac780deeea78795fc9\"},\"description\":\"Alcalde Lisandro Segura atiende planteamientos de las comunidades de La Florida y Flor del Para\u00edso parroquia R\u00f3mulo Gallegos\",\"breadcrumb\":{\"@id\":\"https:\/\/alcaldiaalbertoadriani.com\/?p=11130#breadcrumb\"},\"inLanguage\":\"es\",\"potentialAction\":[{\"@type\":\"ReadAction\",\"target\":[\"https:\/\/alcaldiaalbertoadriani.com\/?p=11130\"]}]},{\"@type\":\"BreadcrumbList\",\"@id\":\"https:\/\/alcaldiaalbertoadriani.com\/?p=11130#breadcrumb\",\"itemListElement\":[{\"@type\":\"ListItem\",\"position\":1,\"name\":\"Portada\",\"item\":\"https:\/\/alcaldiaalbertoadriani.com\/\"},{\"@type\":\"ListItem\",\"position\":2,\"name\":\"Alcalde Lisandro Segura atiende planteamientos de las comunidades de La Florida y Flor del Para\u00edso\"}]},{\"@type\":\"WebSite\",\"@id\":\"https:\/\/alcaldiaalbertoadriani.com\/#website\",\"url\":\"https:\/\/alcaldiaalbertoadriani.com\/\",\"name\":\"Alcaldia Alberto Adriani\",\"description\":\"\",\"potentialAction\":[{\"@type\":\"SearchAction\",\"target\":{\"@type\":\"EntryPoint\",\"urlTemplate\":\"https:\/\/alcaldiaalbertoadriani.com\/?s={search_term_string}\"},\"query-input\":\"required name=search_term_string\"}],\"inLanguage\":\"es\"},{\"@type\":\"Person\",\"@id\":\"https:\/\/alcaldiaalbertoadriani.com\/#\/schema\/person\/549b4483ff8999ac780deeea78795fc9\",\"name\":\"Prensa\",\"image\":{\"@type\":\"ImageObject\",\"inLanguage\":\"es\",\"@id\":\"https:\/\/alcaldiaalbertoadriani.com\/#\/schema\/person\/image\/\",\"url\":\"https:\/\/secure.gravatar.com\/avatar\/ea1cb567ea992a29627f4eee1c2eb185ec16decec6342d508fdf18dedb56c9de?s=96&d=mm&r=g\",\"contentUrl\":\"https:\/\/secure.gravatar.com\/avatar\/ea1cb567ea992a29627f4eee1c2eb185ec16decec6342d508fdf18dedb56c9de?s=96&d=mm&r=g\",\"caption\":\"Prensa\"},\"url\":\"https:\/\/alcaldiaalbertoadriani.com\/?author=2\"}]}<\/script>\n<!-- \/ Yoast SEO plugin. -->","yoast_head_json":{"title":"Alcalde Lisandro Segura atiende planteamientos de la comunidad","description":"Alcalde Lisandro Segura atiende planteamientos de las comunidades de La Florida y Flor del Para\u00edso parroquia R\u00f3mulo Gallegos","robots":{"index":"index","follow":"follow","max-snippet":"max-snippet:-1","max-image-preview":"max-image-preview:large","max-video-preview":"max-video-preview:-1"},"canonical":"https:\/\/alcaldiaalbertoadriani.com\/?p=11130","og_locale":"es_ES","og_type":"article","og_title":"Alcalde Lisandro Segura atiende planteamientos de la comunidad","og_description":"Alcalde Lisandro Segura atiende planteamientos de las comunidades de La Florida y Flor del Para\u00edso parroquia R\u00f3mulo Gallegos","og_url":"https:\/\/alcaldiaalbertoadriani.com\/?p=11130","og_site_name":"Alcaldia Alberto Adriani","article_published_time":"2025-05-09T14:48:21+00:00","article_modified_time":"2025-05-09T14:50:41+00:00","og_image":[{"width":1280,"height":720,"url":"https:\/\/alcaldiaalbertoadriani.com\/wp-content\/uploads\/2025\/05\/photo_4967871530801410205_y.jpg","type":"image\/jpeg"}],"author":"Prensa","twitter_card":"summary_large_image","twitter_misc":{"Escrito por":"Prensa","Tiempo de lectura":"3 minutos"},"schema":{"@context":"https:\/\/schema.org","@graph":[{"@type":"WebPage","@id":"https:\/\/alcaldiaalbertoadriani.com\/?p=11130","url":"https:\/\/alcaldiaalbertoadriani.com\/?p=11130","name":"Alcalde Lisandro Segura atiende planteamientos de la comunidad","isPartOf":{"@id":"https:\/\/alcaldiaalbertoadriani.com\/#website"},"datePublished":"2025-05-09T14:48:21+00:00","dateModified":"2025-05-09T14:50:41+00:00","author":{"@id":"https:\/\/alcaldiaalbertoadriani.com\/#\/schema\/person\/549b4483ff8999ac780deeea78795fc9"},"description":"Alcalde Lisandro Segura atiende planteamientos de las comunidades de La Florida y Flor del Para\u00edso parroquia R\u00f3mulo Gallegos","breadcrumb":{"@id":"https:\/\/alcaldiaalbertoadriani.com\/?p=11130#breadcrumb"},"inLanguage":"es","potentialAction":[{"@type":"ReadAction","target":["https:\/\/alcaldiaalbertoadriani.com\/?p=11130"]}]},{"@type":"BreadcrumbList","@id":"https:\/\/alcaldiaalbertoadriani.com\/?p=11130#breadcrumb","itemListElement":[{"@type":"ListItem","position":1,"name":"Portada","item":"https:\/\/alcaldiaalbertoadriani.com\/"},{"@type":"ListItem","position":2,"name":"Alcalde Lisandro Segura atiende planteamientos de las comunidades de La Florida y Flor del Para\u00edso"}]},{"@type":"WebSite","@id":"https:\/\/alcaldiaalbertoadriani.com\/#website","url":"https:\/\/alcaldiaalbertoadriani.com\/","name":"Alcaldia Alberto Adriani","description":"","potentialAction":[{"@type":"SearchAction","target":{"@type":"EntryPoint","urlTemplate":"https:\/\/alcaldiaalbertoadriani.com\/?s={search_term_string}"},"query-input":"required name=search_term_string"}],"inLanguage":"es"},{"@type":"Person","@id":"https:\/\/alcaldiaalbertoadriani.com\/#\/schema\/person\/549b4483ff8999ac780deeea78795fc9","name":"Prensa","image":{"@type":"ImageObject","inLanguage":"es","@id":"https:\/\/alcaldiaalbertoadriani.com\/#\/schema\/person\/image\/","url":"https:\/\/secure.gravatar.com\/avatar\/ea1cb567ea992a29627f4eee1c2eb185ec16decec6342d508fdf18dedb56c9de?s=96&d=mm&r=g","contentUrl":"https:\/\/secure.gravatar.com\/avatar\/ea1cb567ea992a29627f4eee1c2eb185ec16decec6342d508fdf18dedb56c9de?s=96&d=mm&r=g","caption":"Prensa"},"url":"https:\/\/alcaldiaalbertoadriani.com\/?author=2"}]}},"_links":{"self":[{"href":"https:\/\/alcaldiaalbertoadriani.com\/index.php?rest_route=\/wp\/v2\/posts\/11130","targetHints":{"allow":["GET"]}}],"collection":[{"href":"https:\/\/alcaldiaalbertoadriani.com\/index.php?rest_route=\/wp\/v2\/posts"}],"about":[{"href":"https:\/\/alcaldiaalbertoadriani.com\/index.php?rest_route=\/wp\/v2\/types\/post"}],"author":[{"embeddable":true,"href":"https:\/\/alcaldiaalbertoadriani.com\/index.php?rest_route=\/wp\/v2\/users\/2"}],"replies":[{"embeddable":true,"href":"https:\/\/alcaldiaalbertoadriani.com\/index.php?rest_route=%2Fwp%2Fv2%2Fcomments&post=11130"}],"version-history":[{"count":3,"href":"https:\/\/alcaldiaalbertoadriani.com\/index.php?rest_route=\/wp\/v2\/posts\/11130\/revisions"}],"predecessor-version":[{"id":11144,"href":"https:\/\/alcaldiaalbertoadriani.com\/index.php?rest_route=\/wp\/v2\/posts\/11130\/revisions\/11144"}],"wp:featuredmedia":[{"embeddable":true,"href":"https:\/\/alcaldiaalbertoadriani.com\/index.php?rest_route=\/wp\/v2\/media\/11131"}],"wp:attachment":[{"href":"https:\/\/alcaldiaalbertoadriani.com\/index.php?rest_route=%2Fwp%2Fv2%2Fmedia&parent=11130"}],"wp:term":[{"taxonomy":"category","embeddable":true,"href":"https:\/\/alcaldiaalbertoadriani.com\/index.php?rest_route=%2Fwp%2Fv2%2Fcategories&post=11130"},{"taxonomy":"post_tag","embeddable":true,"href":"https:\/\/alcaldiaalbertoadriani.com\/index.php?rest_route=%2Fwp%2Fv2%2Ftags&post=11130"}],"curies":[{"name":"wp","href":"https:\/\/api.w.org\/{rel}","templated":true}]}}