{"id":1112,"date":"2022-10-31T21:12:21","date_gmt":"2022-10-31T21:12:21","guid":{"rendered":"https:\/\/alcaldiaalbertoadriani.com\/?p=1112"},"modified":"2022-10-31T21:12:30","modified_gmt":"2022-10-31T21:12:30","slug":"inspeccion-afectados-lluvias","status":"publish","type":"post","link":"https:\/\/alcaldiaalbertoadriani.com\/?p=1112","title":{"rendered":"Alcalde vig\u00edense inspeccion\u00f3 los sectores afectados por lluvias"},"content":{"rendered":"\n<p>Desde tempranas horas del s\u00e1bado 29 de octubre, el alcalde <a href=\"https:\/\/www.instagram.com\/lisandrosegura02\/\" target=\"_blank\" rel=\"noreferrer noopener\">Lisandro Segura<\/a> inspeccion\u00f3 nuevamente los sectores <a href=\"https:\/\/alcaldiaalbertoadriani.com\/?p=1018\" target=\"_blank\" rel=\"noreferrer noopener\">afectados por las lluvias<\/a> en la parroquia H\u00e9ctor Amable Mora, entre ellos Quebrada Blanca, Ca\u00f1o Amarillo y Nueva C\u00e1diz. La inspecci\u00f3n la realiz\u00f3 con parte del equipo de la Gerencia de Ingenier\u00eda y Planeamiento Urbano Local y de su Tren ejecutivo.<\/p>\n\n\n\n<p>El recorrido se efectu\u00f3 tras el nuevo desbordamiento de Quebrada Blanca la cual colaps\u00f3 la carretera y afect\u00f3 fuertemente la calzada y el puente del sector.<\/p>\n\n\n\n<p>Asimismo, en el sector Ca\u00f1o Amarillo, el r\u00edo tambi\u00e9n se desbord\u00f3 afectando varias viviendas del lugar con lodo. Adem\u00e1s, la laguna de oxidaci\u00f3n donde finaliza el sistema de cloacas de la comunidad se encuentra colmatada, lo que pudiera producir un colapso y sumar otro problema en la zona.<\/p>\n\n\n\n<p>Por otra parte, en el sector Nueva C\u00e1diz, 85 familias tambi\u00e9n est\u00e1n afectadas debido a la crecida del afluente que da\u00f1\u00f3 totalmente la vialidad agr\u00edcola.<\/p>\n\n\n\n<!--more-->\n\n\n\n<h2 class=\"wp-block-heading\">Atenci\u00f3n epidemiol\u00f3gica a afectados<\/h2>\n\n\n\n<p>Ante este panorama, el alcalde hace un llamado a la unidad de Malariolog\u00eda para que atienda a las comunidades impactadas, pues seg\u00fan lo expresado por sus habitantes los casos de paludismo recrudecieron debido a las lluvias.<\/p>\n\n\n\n<h2 class=\"wp-block-heading\">Maquinarias de la alcald\u00eda trabajando<\/h2>\n\n\n\n<p>Como respuesta a estas afectaciones, el Gobierno municipal dispuso de una m\u00e1quina pesada tipo retro, para ejecutar trabajos de limpieza de alcantarillas, canales y drenajes en el sector Quebrada Blanca.<\/p>\n\n\n\n<p>De igual modo, en Ca\u00f1o Amarillo hay una m\u00e1quina pesada tipo jumbo trabajando en la canalizaci\u00f3n del ca\u00f1o. Resalt\u00f3 el burgomaestre que, por las dimensiones de la afectaci\u00f3n har\u00eda falta m\u00e1s maquinaria para avanzar en la canalizaci\u00f3n del mismo.<\/p>\n\n\n\n<h2 class=\"wp-block-heading\">Llamado al Gobierno nacional<\/h2>\n\n\n\n<p>Destac\u00f3 el Ejecutivo municipal que pese a que se hace un gran esfuerzo por brindar soluciones a las comunidades \u201clos gobiernos municipales no tenemos la capacidad econ\u00f3mica para atender estas contingencias, motivo por el cual, el llamado al Gobierno nacional para que disponga los recursos necesarios y as\u00ed poder atender las afectaciones en el municipio y estado\u201d detall\u00f3.<\/p>\n\n\n\n<h2 class=\"wp-block-heading\">Monitoreo permanente por las lluvias<\/h2>\n\n\n\n<p>Refiri\u00f3 el alcalde que se ha avanzado en la organizaci\u00f3n y puesta en funcionamiento de la Unidad de Gesti\u00f3n de Riesgo con personal calificado y veh\u00edculos que est\u00e1n en monitoreo permanente y desplegados en las zonas afectadas por las lluvias, \u201ctratando de dar respuestas en la medida de las posibilidades de nuestro municipio\u201d, precis\u00f3. Prensa Alcald\u00eda Alberto Adriani\/Claribel Zambrano CNP: 11.843\/Fotos: Emmanuel M\u00e9ndez\/Cortes\u00eda Yorman Altamiranda.<\/p>\n\n\n\n<figure class=\"wp-block-gallery has-nested-images columns-default is-cropped wp-block-gallery-1 is-layout-flex wp-block-gallery-is-layout-flex\">\n<figure class=\"wp-block-image size-large\"><img loading=\"lazy\" decoding=\"async\" width=\"1024\" height=\"461\" data-id=\"1113\" src=\"https:\/\/alcaldiaalbertoadriani.com\/wp-content\/uploads\/2022\/10\/photo_5114002385683983111_y-1024x461.jpg\" alt=\"\" class=\"wp-image-1113\" srcset=\"https:\/\/alcaldiaalbertoadriani.com\/wp-content\/uploads\/2022\/10\/photo_5114002385683983111_y-1024x461.jpg 1024w, https:\/\/alcaldiaalbertoadriani.com\/wp-content\/uploads\/2022\/10\/photo_5114002385683983111_y-980x441.jpg 980w, https:\/\/alcaldiaalbertoadriani.com\/wp-content\/uploads\/2022\/10\/photo_5114002385683983111_y-480x216.jpg 480w\" sizes=\"auto, (min-width: 0px) and (max-width: 480px) 480px, (min-width: 481px) and (max-width: 980px) 980px, (min-width: 981px) 1024px, 100vw\" \/><\/figure>\n\n\n\n<figure class=\"wp-block-image size-large\"><img loading=\"lazy\" decoding=\"async\" width=\"640\" height=\"352\" data-id=\"1114\" src=\"https:\/\/alcaldiaalbertoadriani.com\/wp-content\/uploads\/2022\/10\/WhatsApp-Video-2022-10-31-at-10.52.05-AM_Moment.jpg\" alt=\"\" class=\"wp-image-1114\" srcset=\"https:\/\/alcaldiaalbertoadriani.com\/wp-content\/uploads\/2022\/10\/WhatsApp-Video-2022-10-31-at-10.52.05-AM_Moment.jpg 640w, https:\/\/alcaldiaalbertoadriani.com\/wp-content\/uploads\/2022\/10\/WhatsApp-Video-2022-10-31-at-10.52.05-AM_Moment-480x264.jpg 480w\" sizes=\"auto, (min-width: 0px) and (max-width: 480px) 480px, (min-width: 481px) 640px, 100vw\" \/><\/figure>\n\n\n\n<figure class=\"wp-block-image size-large\"><img loading=\"lazy\" decoding=\"async\" width=\"1024\" height=\"460\" data-id=\"1115\" src=\"https:\/\/alcaldiaalbertoadriani.com\/wp-content\/uploads\/2022\/10\/photo_2022-10-31_16-47-44-1024x460.jpg\" alt=\"\" class=\"wp-image-1115\" srcset=\"https:\/\/alcaldiaalbertoadriani.com\/wp-content\/uploads\/2022\/10\/photo_2022-10-31_16-47-44-1024x460.jpg 1024w, https:\/\/alcaldiaalbertoadriani.com\/wp-content\/uploads\/2022\/10\/photo_2022-10-31_16-47-44-980x440.jpg 980w, https:\/\/alcaldiaalbertoadriani.com\/wp-content\/uploads\/2022\/10\/photo_2022-10-31_16-47-44-480x216.jpg 480w\" sizes=\"auto, (min-width: 0px) and (max-width: 480px) 480px, (min-width: 481px) and (max-width: 980px) 980px, (min-width: 981px) 1024px, 100vw\" \/><\/figure>\n\n\n\n<figure class=\"wp-block-image size-large\"><img loading=\"lazy\" decoding=\"async\" width=\"1024\" height=\"460\" data-id=\"1116\" src=\"https:\/\/alcaldiaalbertoadriani.com\/wp-content\/uploads\/2022\/10\/photo_2022-10-31_16-48-00-1024x460.jpg\" alt=\"\" class=\"wp-image-1116\" srcset=\"https:\/\/alcaldiaalbertoadriani.com\/wp-content\/uploads\/2022\/10\/photo_2022-10-31_16-48-00-1024x460.jpg 1024w, https:\/\/alcaldiaalbertoadriani.com\/wp-content\/uploads\/2022\/10\/photo_2022-10-31_16-48-00-980x440.jpg 980w, https:\/\/alcaldiaalbertoadriani.com\/wp-content\/uploads\/2022\/10\/photo_2022-10-31_16-48-00-480x216.jpg 480w\" sizes=\"auto, (min-width: 0px) and (max-width: 480px) 480px, (min-width: 481px) and (max-width: 980px) 980px, (min-width: 981px) 1024px, 100vw\" \/><\/figure>\n<\/figure>\n","protected":false},"excerpt":{"rendered":"<p>Desde tempranas horas del s\u00e1bado 29 de octubre, el alcalde Lisandro Segura inspeccion\u00f3 nuevamente los sectores afectados por las lluvias en la parroquia H\u00e9ctor Amable Mora, entre ellos Quebrada Blanca, [&hellip;]<\/p>\n","protected":false},"author":2,"featured_media":1117,"comment_status":"closed","ping_status":"closed","sticky":false,"template":"","format":"standard","meta":{"_et_pb_use_builder":"off","_et_pb_old_content":"","_et_gb_content_width":"","footnotes":""},"categories":[25,24],"tags":[31,11,12,15,30,29,28,266,264,265],"class_list":["post-1112","post","type-post","status-publish","format-standard","has-post-thumbnail","hentry","category-nuestro-municipio","category-recuperacion-de-espacios","tag-alcalde","tag-alcaldia","tag-alcaldiaalbertoadriani","tag-elvigia","tag-lisandrosegura","tag-municipioquenosmerecemos","tag-porelrenacer","tag-cano-amarillo","tag-inspecciono-afectados-lluvias","tag-vialidad-agricola"],"yoast_head":"<!-- This site is optimized with the Yoast SEO plugin v19.13 - https:\/\/yoast.com\/wordpress\/plugins\/seo\/ -->\n<title>Alcalde vig\u00edense inspeccion\u00f3 los sectores afectados por lluvias - Alcaldia Alberto Adriani<\/title>\n<meta name=\"robots\" content=\"index, follow, max-snippet:-1, max-image-preview:large, max-video-preview:-1\" \/>\n<link rel=\"canonical\" href=\"https:\/\/alcaldiaalbertoadriani.com\/?p=1112\" \/>\n<meta property=\"og:locale\" content=\"es_ES\" \/>\n<meta property=\"og:type\" content=\"article\" \/>\n<meta property=\"og:title\" content=\"Alcalde vig\u00edense inspeccion\u00f3 los sectores afectados por lluvias - Alcaldia Alberto Adriani\" \/>\n<meta property=\"og:description\" content=\"Desde tempranas horas del s\u00e1bado 29 de octubre, el alcalde Lisandro Segura inspeccion\u00f3 nuevamente los sectores afectados por las lluvias en la parroquia H\u00e9ctor Amable Mora, entre ellos Quebrada Blanca, [&hellip;]\" \/>\n<meta property=\"og:url\" content=\"https:\/\/alcaldiaalbertoadriani.com\/?p=1112\" \/>\n<meta property=\"og:site_name\" content=\"Alcaldia Alberto Adriani\" \/>\n<meta property=\"article:published_time\" content=\"2022-10-31T21:12:21+00:00\" \/>\n<meta property=\"article:modified_time\" content=\"2022-10-31T21:12:30+00:00\" \/>\n<meta property=\"og:image\" content=\"https:\/\/alcaldiaalbertoadriani.com\/wp-content\/uploads\/2022\/10\/photo_2022-10-31_16-49-24.jpg\" \/>\n\t<meta property=\"og:image:width\" content=\"1280\" \/>\n\t<meta property=\"og:image:height\" content=\"575\" \/>\n\t<meta property=\"og:image:type\" content=\"image\/jpeg\" \/>\n<meta name=\"author\" content=\"Prensa\" \/>\n<meta name=\"twitter:card\" content=\"summary_large_image\" \/>\n<meta name=\"twitter:label1\" content=\"Escrito por\" \/>\n\t<meta name=\"twitter:data1\" content=\"Prensa\" \/>\n\t<meta name=\"twitter:label2\" content=\"Tiempo de lectura\" \/>\n\t<meta name=\"twitter:data2\" content=\"2 minutos\" \/>\n<script type=\"application\/ld+json\" class=\"yoast-schema-graph\">{\"@context\":\"https:\/\/schema.org\",\"@graph\":[{\"@type\":\"WebPage\",\"@id\":\"https:\/\/alcaldiaalbertoadriani.com\/?p=1112\",\"url\":\"https:\/\/alcaldiaalbertoadriani.com\/?p=1112\",\"name\":\"Alcalde vig\u00edense inspeccion\u00f3 los sectores afectados por lluvias - Alcaldia Alberto Adriani\",\"isPartOf\":{\"@id\":\"https:\/\/alcaldiaalbertoadriani.com\/#website\"},\"datePublished\":\"2022-10-31T21:12:21+00:00\",\"dateModified\":\"2022-10-31T21:12:30+00:00\",\"author\":{\"@id\":\"https:\/\/alcaldiaalbertoadriani.com\/#\/schema\/person\/549b4483ff8999ac780deeea78795fc9\"},\"breadcrumb\":{\"@id\":\"https:\/\/alcaldiaalbertoadriani.com\/?p=1112#breadcrumb\"},\"inLanguage\":\"es\",\"potentialAction\":[{\"@type\":\"ReadAction\",\"target\":[\"https:\/\/alcaldiaalbertoadriani.com\/?p=1112\"]}]},{\"@type\":\"BreadcrumbList\",\"@id\":\"https:\/\/alcaldiaalbertoadriani.com\/?p=1112#breadcrumb\",\"itemListElement\":[{\"@type\":\"ListItem\",\"position\":1,\"name\":\"Portada\",\"item\":\"https:\/\/alcaldiaalbertoadriani.com\/\"},{\"@type\":\"ListItem\",\"position\":2,\"name\":\"Alcalde vig\u00edense inspeccion\u00f3 los sectores afectados por lluvias\"}]},{\"@type\":\"WebSite\",\"@id\":\"https:\/\/alcaldiaalbertoadriani.com\/#website\",\"url\":\"https:\/\/alcaldiaalbertoadriani.com\/\",\"name\":\"Alcaldia Alberto Adriani\",\"description\":\"\",\"potentialAction\":[{\"@type\":\"SearchAction\",\"target\":{\"@type\":\"EntryPoint\",\"urlTemplate\":\"https:\/\/alcaldiaalbertoadriani.com\/?s={search_term_string}\"},\"query-input\":\"required name=search_term_string\"}],\"inLanguage\":\"es\"},{\"@type\":\"Person\",\"@id\":\"https:\/\/alcaldiaalbertoadriani.com\/#\/schema\/person\/549b4483ff8999ac780deeea78795fc9\",\"name\":\"Prensa\",\"image\":{\"@type\":\"ImageObject\",\"inLanguage\":\"es\",\"@id\":\"https:\/\/alcaldiaalbertoadriani.com\/#\/schema\/person\/image\/\",\"url\":\"https:\/\/secure.gravatar.com\/avatar\/ea1cb567ea992a29627f4eee1c2eb185ec16decec6342d508fdf18dedb56c9de?s=96&d=mm&r=g\",\"contentUrl\":\"https:\/\/secure.gravatar.com\/avatar\/ea1cb567ea992a29627f4eee1c2eb185ec16decec6342d508fdf18dedb56c9de?s=96&d=mm&r=g\",\"caption\":\"Prensa\"},\"url\":\"https:\/\/alcaldiaalbertoadriani.com\/?author=2\"}]}<\/script>\n<!-- \/ Yoast SEO plugin. -->","yoast_head_json":{"title":"Alcalde vig\u00edense inspeccion\u00f3 los sectores afectados por lluvias - Alcaldia Alberto Adriani","robots":{"index":"index","follow":"follow","max-snippet":"max-snippet:-1","max-image-preview":"max-image-preview:large","max-video-preview":"max-video-preview:-1"},"canonical":"https:\/\/alcaldiaalbertoadriani.com\/?p=1112","og_locale":"es_ES","og_type":"article","og_title":"Alcalde vig\u00edense inspeccion\u00f3 los sectores afectados por lluvias - Alcaldia Alberto Adriani","og_description":"Desde tempranas horas del s\u00e1bado 29 de octubre, el alcalde Lisandro Segura inspeccion\u00f3 nuevamente los sectores afectados por las lluvias en la parroquia H\u00e9ctor Amable Mora, entre ellos Quebrada Blanca, [&hellip;]","og_url":"https:\/\/alcaldiaalbertoadriani.com\/?p=1112","og_site_name":"Alcaldia Alberto Adriani","article_published_time":"2022-10-31T21:12:21+00:00","article_modified_time":"2022-10-31T21:12:30+00:00","og_image":[{"width":1280,"height":575,"url":"https:\/\/alcaldiaalbertoadriani.com\/wp-content\/uploads\/2022\/10\/photo_2022-10-31_16-49-24.jpg","type":"image\/jpeg"}],"author":"Prensa","twitter_card":"summary_large_image","twitter_misc":{"Escrito por":"Prensa","Tiempo de lectura":"2 minutos"},"schema":{"@context":"https:\/\/schema.org","@graph":[{"@type":"WebPage","@id":"https:\/\/alcaldiaalbertoadriani.com\/?p=1112","url":"https:\/\/alcaldiaalbertoadriani.com\/?p=1112","name":"Alcalde vig\u00edense inspeccion\u00f3 los sectores afectados por lluvias - Alcaldia Alberto Adriani","isPartOf":{"@id":"https:\/\/alcaldiaalbertoadriani.com\/#website"},"datePublished":"2022-10-31T21:12:21+00:00","dateModified":"2022-10-31T21:12:30+00:00","author":{"@id":"https:\/\/alcaldiaalbertoadriani.com\/#\/schema\/person\/549b4483ff8999ac780deeea78795fc9"},"breadcrumb":{"@id":"https:\/\/alcaldiaalbertoadriani.com\/?p=1112#breadcrumb"},"inLanguage":"es","potentialAction":[{"@type":"ReadAction","target":["https:\/\/alcaldiaalbertoadriani.com\/?p=1112"]}]},{"@type":"BreadcrumbList","@id":"https:\/\/alcaldiaalbertoadriani.com\/?p=1112#breadcrumb","itemListElement":[{"@type":"ListItem","position":1,"name":"Portada","item":"https:\/\/alcaldiaalbertoadriani.com\/"},{"@type":"ListItem","position":2,"name":"Alcalde vig\u00edense inspeccion\u00f3 los sectores afectados por lluvias"}]},{"@type":"WebSite","@id":"https:\/\/alcaldiaalbertoadriani.com\/#website","url":"https:\/\/alcaldiaalbertoadriani.com\/","name":"Alcaldia Alberto Adriani","description":"","potentialAction":[{"@type":"SearchAction","target":{"@type":"EntryPoint","urlTemplate":"https:\/\/alcaldiaalbertoadriani.com\/?s={search_term_string}"},"query-input":"required name=search_term_string"}],"inLanguage":"es"},{"@type":"Person","@id":"https:\/\/alcaldiaalbertoadriani.com\/#\/schema\/person\/549b4483ff8999ac780deeea78795fc9","name":"Prensa","image":{"@type":"ImageObject","inLanguage":"es","@id":"https:\/\/alcaldiaalbertoadriani.com\/#\/schema\/person\/image\/","url":"https:\/\/secure.gravatar.com\/avatar\/ea1cb567ea992a29627f4eee1c2eb185ec16decec6342d508fdf18dedb56c9de?s=96&d=mm&r=g","contentUrl":"https:\/\/secure.gravatar.com\/avatar\/ea1cb567ea992a29627f4eee1c2eb185ec16decec6342d508fdf18dedb56c9de?s=96&d=mm&r=g","caption":"Prensa"},"url":"https:\/\/alcaldiaalbertoadriani.com\/?author=2"}]}},"_links":{"self":[{"href":"https:\/\/alcaldiaalbertoadriani.com\/index.php?rest_route=\/wp\/v2\/posts\/1112","targetHints":{"allow":["GET"]}}],"collection":[{"href":"https:\/\/alcaldiaalbertoadriani.com\/index.php?rest_route=\/wp\/v2\/posts"}],"about":[{"href":"https:\/\/alcaldiaalbertoadriani.com\/index.php?rest_route=\/wp\/v2\/types\/post"}],"author":[{"embeddable":true,"href":"https:\/\/alcaldiaalbertoadriani.com\/index.php?rest_route=\/wp\/v2\/users\/2"}],"replies":[{"embeddable":true,"href":"https:\/\/alcaldiaalbertoadriani.com\/index.php?rest_route=%2Fwp%2Fv2%2Fcomments&post=1112"}],"version-history":[{"count":1,"href":"https:\/\/alcaldiaalbertoadriani.com\/index.php?rest_route=\/wp\/v2\/posts\/1112\/revisions"}],"predecessor-version":[{"id":1118,"href":"https:\/\/alcaldiaalbertoadriani.com\/index.php?rest_route=\/wp\/v2\/posts\/1112\/revisions\/1118"}],"wp:featuredmedia":[{"embeddable":true,"href":"https:\/\/alcaldiaalbertoadriani.com\/index.php?rest_route=\/wp\/v2\/media\/1117"}],"wp:attachment":[{"href":"https:\/\/alcaldiaalbertoadriani.com\/index.php?rest_route=%2Fwp%2Fv2%2Fmedia&parent=1112"}],"wp:term":[{"taxonomy":"category","embeddable":true,"href":"https:\/\/alcaldiaalbertoadriani.com\/index.php?rest_route=%2Fwp%2Fv2%2Fcategories&post=1112"},{"taxonomy":"post_tag","embeddable":true,"href":"https:\/\/alcaldiaalbertoadriani.com\/index.php?rest_route=%2Fwp%2Fv2%2Ftags&post=1112"}],"curies":[{"name":"wp","href":"https:\/\/api.w.org\/{rel}","templated":true}]}}