{"id":11050,"date":"2025-05-05T19:18:39","date_gmt":"2025-05-05T19:18:39","guid":{"rendered":"https:\/\/alcaldiaalbertoadriani.com\/?p=11050"},"modified":"2025-05-05T19:18:45","modified_gmt":"2025-05-05T19:18:45","slug":"talento-e-inteligencia-deslumbro-en-la-presentacion-oficial","status":"publish","type":"post","link":"https:\/\/alcaldiaalbertoadriani.com\/?p=11050","title":{"rendered":"Talento e inteligencia deslumbr\u00f3 en la presentaci\u00f3n oficial de las candidatas de FeriVig\u00eda 2025"},"content":{"rendered":"\n<p><\/p>\n\n\n\n<p>Sin precedentes, en un ambiente lleno de brillo y\u00a0 alegr\u00eda, el talento y la inteligencia se hicieron sentir durante la presentaci\u00f3n oficial a la prensa y medios de comunicaci\u00f3n de las candidatas de las Ferias El Vig\u00eda 2025 &#8211;<a href=\"https:\/\/alcaldiaalbertoadriani.com\/?p=6328\" target=\"_blank\" rel=\"noreferrer noopener\">FeriVigia<\/a>-.<\/p>\n\n\n\n<p>El evento tuvo como escenario las instalaciones de Juniotel y reuni\u00f3 a autoridades locales,representantes de diversos sectores y p\u00fablico en general.<\/p>\n\n\n\n<!--more-->\n\n\n\n<p>Siete hermosas se\u00f1oritas, representantes de las parroquias del <a href=\"https:\/\/alcaldiaalbertoadriani.com\/?p=7515\" target=\"_blank\" rel=\"noreferrer noopener\">municipio Alberto Adriani<\/a>, engalanaron el escenario, cautivando a los presentes con su simpat\u00eda, seguridad, inteligencia y genuino talento.<\/p>\n\n\n\n<figure class=\"wp-block-gallery has-nested-images columns-default is-cropped wp-block-gallery-1 is-layout-flex wp-block-gallery-is-layout-flex\">\n<figure class=\"wp-block-image size-large\"><img loading=\"lazy\" decoding=\"async\" width=\"1024\" height=\"768\" data-id=\"11052\" src=\"https:\/\/alcaldiaalbertoadriani.com\/wp-content\/uploads\/2025\/05\/photo_4949632337998622942_y-1024x768.jpg\" alt=\"\" class=\"wp-image-11052\" srcset=\"https:\/\/alcaldiaalbertoadriani.com\/wp-content\/uploads\/2025\/05\/photo_4949632337998622942_y-1024x768.jpg 1024w, https:\/\/alcaldiaalbertoadriani.com\/wp-content\/uploads\/2025\/05\/photo_4949632337998622942_y-980x735.jpg 980w, https:\/\/alcaldiaalbertoadriani.com\/wp-content\/uploads\/2025\/05\/photo_4949632337998622942_y-480x360.jpg 480w\" sizes=\"auto, (min-width: 0px) and (max-width: 480px) 480px, (min-width: 481px) and (max-width: 980px) 980px, (min-width: 981px) 1024px, 100vw\" \/><\/figure>\n<\/figure>\n\n\n\n<p>Acto seguido, fueron impuestas las bandas a Eva Montiel Garc\u00eda, representante de la parroquia Rafael Pulido M\u00e9ndez; Cristina de los \u00c1ngeles Jim\u00e9nez por la parroquia R\u00f3mulo Betancourt; Naibelin Montesinos por la parroquia Jos\u00e9 Nucete Sardi; Danna C\u00e1ceres por la parroquia presidente Jos\u00e9 Antonio P\u00e1ez; Victoria Buccini por la parroquia H\u00e9ctor Amable Mora; Nailisbeth Atencio por la parroquia R\u00f3mulo Gallegos y Mar\u00eda Fernanda Pe\u00f1a representante de la parroquia Gabriel Pic\u00f3n Gonz\u00e1lez.<\/p>\n\n\n\n<p>Cada aspirante a la corona de FeriVigia tuvo la oportunidad de expresar sus aspiraciones y mostrar sus capacidades ante los periodistas y medios de comunicaci\u00f3n durante la ronda de preguntas.<\/p>\n\n\n\n<h2 class=\"wp-block-heading\"><strong>Belleza y glamur<\/strong><\/h2>\n\n\n\n<p>El alcalde <a href=\"https:\/\/www.instagram.com\/lisandrosegura02\/\" target=\"_blank\" rel=\"noreferrer noopener\">Lisandro Segura<\/a>, expres\u00f3 su satisfacci\u00f3n y destac\u00f3 la inteligencia, belleza y gran talento de las j\u00f3venes candidatas, quienes representan con orgullo el gentilicio vig\u00edense.<\/p>\n\n\n\n<figure class=\"wp-block-gallery has-nested-images columns-default is-cropped wp-block-gallery-2 is-layout-flex wp-block-gallery-is-layout-flex\">\n<figure class=\"wp-block-image size-large\"><img loading=\"lazy\" decoding=\"async\" width=\"1024\" height=\"768\" data-id=\"11053\" src=\"https:\/\/alcaldiaalbertoadriani.com\/wp-content\/uploads\/2025\/05\/photo_4949632337998622943_y-1024x768.jpg\" alt=\"\" class=\"wp-image-11053\" srcset=\"https:\/\/alcaldiaalbertoadriani.com\/wp-content\/uploads\/2025\/05\/photo_4949632337998622943_y-1024x768.jpg 1024w, https:\/\/alcaldiaalbertoadriani.com\/wp-content\/uploads\/2025\/05\/photo_4949632337998622943_y-980x735.jpg 980w, https:\/\/alcaldiaalbertoadriani.com\/wp-content\/uploads\/2025\/05\/photo_4949632337998622943_y-480x360.jpg 480w\" sizes=\"auto, (min-width: 0px) and (max-width: 480px) 480px, (min-width: 481px) and (max-width: 980px) 980px, (min-width: 981px) 1024px, 100vw\" \/><\/figure>\n<\/figure>\n\n\n\n<p>&#8220;Es de recordar que por m\u00e1s de ocho a\u00f1os, estas ferias no se realizaban en El Vig\u00eda. Hoy en d\u00eda, se consolidan como una oportunidad para que todos ganen, ya que permiten la dinamizaci\u00f3n de la econom\u00eda, el desarrollo del talento deportivo y cultural, y ahora tambi\u00e9n resaltan la belleza a trav\u00e9s de las se\u00f1oritas candidatas, quienes son reflejo de inteligencia y talento&#8221;, afirm\u00f3.<\/p>\n\n\n\n<figure class=\"wp-block-gallery has-nested-images columns-default is-cropped wp-block-gallery-3 is-layout-flex wp-block-gallery-is-layout-flex\"><\/figure>\n\n\n\n<h2 class=\"wp-block-heading\"><strong>Un evento de alta talla<\/strong><\/h2>\n\n\n\n<p>Por su parte, Jorge \u00c1lvarez, presidente de FeriVigia, agradeci\u00f3 al alcalde <a href=\"https:\/\/www.instagram.com\/lisandrosegura02\/\" target=\"_blank\" rel=\"noreferrer noopener\">Lisandro Segura<\/a> por su confianza al continuar en la nueva temporada de las Ferias 2025, en la que ya presentaron a j\u00f3venes talentosas.<\/p>\n\n\n\n<figure class=\"wp-block-gallery has-nested-images columns-default is-cropped wp-block-gallery-4 is-layout-flex wp-block-gallery-is-layout-flex\">\n<figure class=\"wp-block-image size-large\"><img loading=\"lazy\" decoding=\"async\" width=\"1024\" height=\"768\" data-id=\"11054\" src=\"https:\/\/alcaldiaalbertoadriani.com\/wp-content\/uploads\/2025\/05\/photo_4949632337998622944_y-1024x768.jpg\" alt=\"\" class=\"wp-image-11054\" srcset=\"https:\/\/alcaldiaalbertoadriani.com\/wp-content\/uploads\/2025\/05\/photo_4949632337998622944_y-1024x768.jpg 1024w, https:\/\/alcaldiaalbertoadriani.com\/wp-content\/uploads\/2025\/05\/photo_4949632337998622944_y-980x735.jpg 980w, https:\/\/alcaldiaalbertoadriani.com\/wp-content\/uploads\/2025\/05\/photo_4949632337998622944_y-480x360.jpg 480w\" sizes=\"auto, (min-width: 0px) and (max-width: 480px) 480px, (min-width: 481px) and (max-width: 980px) 980px, (min-width: 981px) 1024px, 100vw\" \/><\/figure>\n<\/figure>\n\n\n\n<p>Entretanto, Mariela D\u00e1vila, presidenta del Reinado, enfatiz\u00f3 el trabajo y la preparaci\u00f3n de aproximadamente un mes, as\u00ed como el gran potencial de cada una de las aspirantes a la corona de FeriVigia 2025.<\/p>\n\n\n\n<p>La velada estuvo amenizada por Dance Lover, la cautivadora voz de la cantante Ysabela D\u00e1vila y su grupo ac\u00fastico, mientras que la animaci\u00f3n estuvo a cargo de los din\u00e1micos Yessisbely Arellano y Diego Subero. <strong><em>Prensa Alcald\u00eda AlbertoAdriani\/Edgar Mendoza CNP 25.736\/Fotos: Danny Ru\u00edz y cortes\u00eda.<\/em><\/strong><\/p>\n\n\n\n<figure class=\"wp-block-gallery has-nested-images columns-default is-cropped wp-block-gallery-5 is-layout-flex wp-block-gallery-is-layout-flex\">\n<figure class=\"wp-block-image size-large\"><img loading=\"lazy\" decoding=\"async\" width=\"1024\" height=\"768\" data-id=\"11056\" src=\"https:\/\/alcaldiaalbertoadriani.com\/wp-content\/uploads\/2025\/05\/photo_4949632337998622945_y-1024x768.jpg\" alt=\"\" class=\"wp-image-11056\" srcset=\"https:\/\/alcaldiaalbertoadriani.com\/wp-content\/uploads\/2025\/05\/photo_4949632337998622945_y-1024x768.jpg 1024w, https:\/\/alcaldiaalbertoadriani.com\/wp-content\/uploads\/2025\/05\/photo_4949632337998622945_y-980x735.jpg 980w, https:\/\/alcaldiaalbertoadriani.com\/wp-content\/uploads\/2025\/05\/photo_4949632337998622945_y-480x360.jpg 480w\" sizes=\"auto, (min-width: 0px) and (max-width: 480px) 480px, (min-width: 481px) and (max-width: 980px) 980px, (min-width: 981px) 1024px, 100vw\" \/><\/figure>\n\n\n\n<figure class=\"wp-block-image size-large\"><img loading=\"lazy\" decoding=\"async\" width=\"768\" height=\"1024\" data-id=\"11055\" src=\"https:\/\/alcaldiaalbertoadriani.com\/wp-content\/uploads\/2025\/05\/photo_4949632337998622946_y-768x1024.jpg\" alt=\"\" class=\"wp-image-11055\" srcset=\"https:\/\/alcaldiaalbertoadriani.com\/wp-content\/uploads\/2025\/05\/photo_4949632337998622946_y-768x1024.jpg 768w, https:\/\/alcaldiaalbertoadriani.com\/wp-content\/uploads\/2025\/05\/photo_4949632337998622946_y-480x640.jpg 480w\" sizes=\"auto, (min-width: 0px) and (max-width: 480px) 480px, (min-width: 481px) 768px, 100vw\" \/><\/figure>\n\n\n\n<figure class=\"wp-block-image size-large\"><img loading=\"lazy\" decoding=\"async\" width=\"1024\" height=\"768\" data-id=\"11064\" src=\"https:\/\/alcaldiaalbertoadriani.com\/wp-content\/uploads\/2025\/05\/photo_4949632337998622947_y-1024x768.jpg\" alt=\"\" class=\"wp-image-11064\" srcset=\"https:\/\/alcaldiaalbertoadriani.com\/wp-content\/uploads\/2025\/05\/photo_4949632337998622947_y-1024x768.jpg 1024w, https:\/\/alcaldiaalbertoadriani.com\/wp-content\/uploads\/2025\/05\/photo_4949632337998622947_y-980x735.jpg 980w, https:\/\/alcaldiaalbertoadriani.com\/wp-content\/uploads\/2025\/05\/photo_4949632337998622947_y-480x360.jpg 480w\" sizes=\"auto, (min-width: 0px) and (max-width: 480px) 480px, (min-width: 481px) and (max-width: 980px) 980px, (min-width: 981px) 1024px, 100vw\" \/><\/figure>\n\n\n\n<figure class=\"wp-block-image size-large\"><img loading=\"lazy\" decoding=\"async\" width=\"1024\" height=\"768\" data-id=\"11066\" src=\"https:\/\/alcaldiaalbertoadriani.com\/wp-content\/uploads\/2025\/05\/photo_4949632337998622948_y-1024x768.jpg\" alt=\"\" class=\"wp-image-11066\" srcset=\"https:\/\/alcaldiaalbertoadriani.com\/wp-content\/uploads\/2025\/05\/photo_4949632337998622948_y-1024x768.jpg 1024w, https:\/\/alcaldiaalbertoadriani.com\/wp-content\/uploads\/2025\/05\/photo_4949632337998622948_y-980x735.jpg 980w, https:\/\/alcaldiaalbertoadriani.com\/wp-content\/uploads\/2025\/05\/photo_4949632337998622948_y-480x360.jpg 480w\" sizes=\"auto, (min-width: 0px) and (max-width: 480px) 480px, (min-width: 481px) and (max-width: 980px) 980px, (min-width: 981px) 1024px, 100vw\" \/><\/figure>\n\n\n\n<figure class=\"wp-block-image size-large\"><img loading=\"lazy\" decoding=\"async\" width=\"1024\" height=\"768\" data-id=\"11068\" src=\"https:\/\/alcaldiaalbertoadriani.com\/wp-content\/uploads\/2025\/05\/photo_4949632337998622949_y-1024x768.jpg\" alt=\"\" class=\"wp-image-11068\" srcset=\"https:\/\/alcaldiaalbertoadriani.com\/wp-content\/uploads\/2025\/05\/photo_4949632337998622949_y-1024x768.jpg 1024w, https:\/\/alcaldiaalbertoadriani.com\/wp-content\/uploads\/2025\/05\/photo_4949632337998622949_y-980x735.jpg 980w, https:\/\/alcaldiaalbertoadriani.com\/wp-content\/uploads\/2025\/05\/photo_4949632337998622949_y-480x360.jpg 480w\" sizes=\"auto, (min-width: 0px) and (max-width: 480px) 480px, (min-width: 481px) and (max-width: 980px) 980px, (min-width: 981px) 1024px, 100vw\" \/><\/figure>\n\n\n\n<figure class=\"wp-block-image size-large\"><img loading=\"lazy\" decoding=\"async\" width=\"1024\" height=\"768\" data-id=\"11067\" src=\"https:\/\/alcaldiaalbertoadriani.com\/wp-content\/uploads\/2025\/05\/photo_4949632337998622950_y-1-1024x768.jpg\" alt=\"\" class=\"wp-image-11067\" srcset=\"https:\/\/alcaldiaalbertoadriani.com\/wp-content\/uploads\/2025\/05\/photo_4949632337998622950_y-1-1024x768.jpg 1024w, https:\/\/alcaldiaalbertoadriani.com\/wp-content\/uploads\/2025\/05\/photo_4949632337998622950_y-1-980x735.jpg 980w, https:\/\/alcaldiaalbertoadriani.com\/wp-content\/uploads\/2025\/05\/photo_4949632337998622950_y-1-480x360.jpg 480w\" sizes=\"auto, (min-width: 0px) and (max-width: 480px) 480px, (min-width: 481px) and (max-width: 980px) 980px, (min-width: 981px) 1024px, 100vw\" \/><\/figure>\n\n\n\n<figure class=\"wp-block-image size-large\"><img loading=\"lazy\" decoding=\"async\" width=\"1024\" height=\"768\" data-id=\"11059\" src=\"https:\/\/alcaldiaalbertoadriani.com\/wp-content\/uploads\/2025\/05\/photo_4949632337998622950_y-1024x768.jpg\" alt=\"\" class=\"wp-image-11059\" srcset=\"https:\/\/alcaldiaalbertoadriani.com\/wp-content\/uploads\/2025\/05\/photo_4949632337998622950_y-1024x768.jpg 1024w, https:\/\/alcaldiaalbertoadriani.com\/wp-content\/uploads\/2025\/05\/photo_4949632337998622950_y-980x735.jpg 980w, https:\/\/alcaldiaalbertoadriani.com\/wp-content\/uploads\/2025\/05\/photo_4949632337998622950_y-480x360.jpg 480w\" sizes=\"auto, (min-width: 0px) and (max-width: 480px) 480px, (min-width: 481px) and (max-width: 980px) 980px, (min-width: 981px) 1024px, 100vw\" \/><\/figure>\n\n\n\n<figure class=\"wp-block-image size-large\"><img loading=\"lazy\" decoding=\"async\" width=\"1024\" height=\"768\" data-id=\"11069\" src=\"https:\/\/alcaldiaalbertoadriani.com\/wp-content\/uploads\/2025\/05\/photo_4949632337998622951_y-1024x768.jpg\" alt=\"\" class=\"wp-image-11069\" srcset=\"https:\/\/alcaldiaalbertoadriani.com\/wp-content\/uploads\/2025\/05\/photo_4949632337998622951_y-1024x768.jpg 1024w, https:\/\/alcaldiaalbertoadriani.com\/wp-content\/uploads\/2025\/05\/photo_4949632337998622951_y-980x735.jpg 980w, https:\/\/alcaldiaalbertoadriani.com\/wp-content\/uploads\/2025\/05\/photo_4949632337998622951_y-480x360.jpg 480w\" sizes=\"auto, (min-width: 0px) and (max-width: 480px) 480px, (min-width: 481px) and (max-width: 980px) 980px, (min-width: 981px) 1024px, 100vw\" \/><\/figure>\n\n\n\n<figure class=\"wp-block-image size-large\"><img loading=\"lazy\" decoding=\"async\" width=\"1024\" height=\"768\" data-id=\"11060\" src=\"https:\/\/alcaldiaalbertoadriani.com\/wp-content\/uploads\/2025\/05\/photo_4949632337998622953_y-1024x768.jpg\" alt=\"\" class=\"wp-image-11060\" srcset=\"https:\/\/alcaldiaalbertoadriani.com\/wp-content\/uploads\/2025\/05\/photo_4949632337998622953_y-1024x768.jpg 1024w, https:\/\/alcaldiaalbertoadriani.com\/wp-content\/uploads\/2025\/05\/photo_4949632337998622953_y-980x735.jpg 980w, https:\/\/alcaldiaalbertoadriani.com\/wp-content\/uploads\/2025\/05\/photo_4949632337998622953_y-480x360.jpg 480w\" sizes=\"auto, (min-width: 0px) and (max-width: 480px) 480px, (min-width: 481px) and (max-width: 980px) 980px, (min-width: 981px) 1024px, 100vw\" \/><\/figure>\n\n\n\n<figure class=\"wp-block-image size-large\"><img loading=\"lazy\" decoding=\"async\" width=\"1024\" height=\"768\" data-id=\"11063\" src=\"https:\/\/alcaldiaalbertoadriani.com\/wp-content\/uploads\/2025\/05\/photo_4949632337998622955_y-1024x768.jpg\" alt=\"\" class=\"wp-image-11063\" srcset=\"https:\/\/alcaldiaalbertoadriani.com\/wp-content\/uploads\/2025\/05\/photo_4949632337998622955_y-1024x768.jpg 1024w, https:\/\/alcaldiaalbertoadriani.com\/wp-content\/uploads\/2025\/05\/photo_4949632337998622955_y-980x735.jpg 980w, https:\/\/alcaldiaalbertoadriani.com\/wp-content\/uploads\/2025\/05\/photo_4949632337998622955_y-480x360.jpg 480w\" sizes=\"auto, (min-width: 0px) and (max-width: 480px) 480px, (min-width: 481px) and (max-width: 980px) 980px, (min-width: 981px) 1024px, 100vw\" \/><\/figure>\n\n\n\n<figure class=\"wp-block-image size-large\"><img loading=\"lazy\" decoding=\"async\" width=\"1024\" height=\"768\" data-id=\"11058\" src=\"https:\/\/alcaldiaalbertoadriani.com\/wp-content\/uploads\/2025\/05\/photo_4949632337998622957_y-1024x768.jpg\" alt=\"\" class=\"wp-image-11058\" srcset=\"https:\/\/alcaldiaalbertoadriani.com\/wp-content\/uploads\/2025\/05\/photo_4949632337998622957_y-1024x768.jpg 1024w, https:\/\/alcaldiaalbertoadriani.com\/wp-content\/uploads\/2025\/05\/photo_4949632337998622957_y-980x735.jpg 980w, https:\/\/alcaldiaalbertoadriani.com\/wp-content\/uploads\/2025\/05\/photo_4949632337998622957_y-480x360.jpg 480w\" sizes=\"auto, (min-width: 0px) and (max-width: 480px) 480px, (min-width: 481px) and (max-width: 980px) 980px, (min-width: 981px) 1024px, 100vw\" \/><\/figure>\n\n\n\n<figure class=\"wp-block-image size-large\"><img loading=\"lazy\" decoding=\"async\" width=\"1024\" height=\"768\" data-id=\"11062\" src=\"https:\/\/alcaldiaalbertoadriani.com\/wp-content\/uploads\/2025\/05\/photo_4949632337998622961_y-1024x768.jpg\" alt=\"\" class=\"wp-image-11062\" srcset=\"https:\/\/alcaldiaalbertoadriani.com\/wp-content\/uploads\/2025\/05\/photo_4949632337998622961_y-1024x768.jpg 1024w, https:\/\/alcaldiaalbertoadriani.com\/wp-content\/uploads\/2025\/05\/photo_4949632337998622961_y-980x735.jpg 980w, https:\/\/alcaldiaalbertoadriani.com\/wp-content\/uploads\/2025\/05\/photo_4949632337998622961_y-480x360.jpg 480w\" sizes=\"auto, (min-width: 0px) and (max-width: 480px) 480px, (min-width: 481px) and (max-width: 980px) 980px, (min-width: 981px) 1024px, 100vw\" \/><\/figure>\n\n\n\n<figure class=\"wp-block-image size-large\"><img loading=\"lazy\" decoding=\"async\" width=\"1024\" height=\"768\" data-id=\"11061\" src=\"https:\/\/alcaldiaalbertoadriani.com\/wp-content\/uploads\/2025\/05\/photo_4949632337998622963_y-1024x768.jpg\" alt=\"\" class=\"wp-image-11061\" srcset=\"https:\/\/alcaldiaalbertoadriani.com\/wp-content\/uploads\/2025\/05\/photo_4949632337998622963_y-1024x768.jpg 1024w, https:\/\/alcaldiaalbertoadriani.com\/wp-content\/uploads\/2025\/05\/photo_4949632337998622963_y-980x735.jpg 980w, https:\/\/alcaldiaalbertoadriani.com\/wp-content\/uploads\/2025\/05\/photo_4949632337998622963_y-480x360.jpg 480w\" sizes=\"auto, (min-width: 0px) and (max-width: 480px) 480px, (min-width: 481px) and (max-width: 980px) 980px, (min-width: 981px) 1024px, 100vw\" \/><\/figure>\n\n\n\n<figure class=\"wp-block-image size-large\"><img loading=\"lazy\" decoding=\"async\" width=\"1024\" height=\"768\" data-id=\"11065\" src=\"https:\/\/alcaldiaalbertoadriani.com\/wp-content\/uploads\/2025\/05\/photo_4949632337998622964_y-1024x768.jpg\" alt=\"\" class=\"wp-image-11065\" srcset=\"https:\/\/alcaldiaalbertoadriani.com\/wp-content\/uploads\/2025\/05\/photo_4949632337998622964_y-1024x768.jpg 1024w, https:\/\/alcaldiaalbertoadriani.com\/wp-content\/uploads\/2025\/05\/photo_4949632337998622964_y-980x735.jpg 980w, https:\/\/alcaldiaalbertoadriani.com\/wp-content\/uploads\/2025\/05\/photo_4949632337998622964_y-480x360.jpg 480w\" sizes=\"auto, (min-width: 0px) and (max-width: 480px) 480px, (min-width: 481px) and (max-width: 980px) 980px, (min-width: 981px) 1024px, 100vw\" \/><\/figure>\n\n\n\n<figure class=\"wp-block-image size-large\"><img loading=\"lazy\" decoding=\"async\" width=\"1024\" height=\"768\" data-id=\"11071\" src=\"https:\/\/alcaldiaalbertoadriani.com\/wp-content\/uploads\/2025\/05\/photo_4949632337998622965_y-1024x768.jpg\" alt=\"\" class=\"wp-image-11071\" srcset=\"https:\/\/alcaldiaalbertoadriani.com\/wp-content\/uploads\/2025\/05\/photo_4949632337998622965_y-1024x768.jpg 1024w, https:\/\/alcaldiaalbertoadriani.com\/wp-content\/uploads\/2025\/05\/photo_4949632337998622965_y-980x735.jpg 980w, https:\/\/alcaldiaalbertoadriani.com\/wp-content\/uploads\/2025\/05\/photo_4949632337998622965_y-480x360.jpg 480w\" sizes=\"auto, (min-width: 0px) and (max-width: 480px) 480px, (min-width: 481px) and (max-width: 980px) 980px, (min-width: 981px) 1024px, 100vw\" \/><\/figure>\n\n\n\n<figure class=\"wp-block-image size-large\"><img loading=\"lazy\" decoding=\"async\" width=\"1024\" height=\"768\" data-id=\"11057\" src=\"https:\/\/alcaldiaalbertoadriani.com\/wp-content\/uploads\/2025\/05\/photo_4949632337998622966_y-1024x768.jpg\" alt=\"\" class=\"wp-image-11057\" srcset=\"https:\/\/alcaldiaalbertoadriani.com\/wp-content\/uploads\/2025\/05\/photo_4949632337998622966_y-1024x768.jpg 1024w, https:\/\/alcaldiaalbertoadriani.com\/wp-content\/uploads\/2025\/05\/photo_4949632337998622966_y-980x735.jpg 980w, https:\/\/alcaldiaalbertoadriani.com\/wp-content\/uploads\/2025\/05\/photo_4949632337998622966_y-480x360.jpg 480w\" sizes=\"auto, (min-width: 0px) and (max-width: 480px) 480px, (min-width: 481px) and (max-width: 980px) 980px, (min-width: 981px) 1024px, 100vw\" \/><\/figure>\n\n\n\n<figure class=\"wp-block-image size-large\"><img loading=\"lazy\" decoding=\"async\" width=\"768\" height=\"1024\" data-id=\"11070\" src=\"https:\/\/alcaldiaalbertoadriani.com\/wp-content\/uploads\/2025\/05\/photo_4949632337998622968_y-768x1024.jpg\" alt=\"\" class=\"wp-image-11070\" srcset=\"https:\/\/alcaldiaalbertoadriani.com\/wp-content\/uploads\/2025\/05\/photo_4949632337998622968_y-768x1024.jpg 768w, https:\/\/alcaldiaalbertoadriani.com\/wp-content\/uploads\/2025\/05\/photo_4949632337998622968_y-480x640.jpg 480w\" sizes=\"auto, (min-width: 0px) and (max-width: 480px) 480px, (min-width: 481px) 768px, 100vw\" \/><\/figure>\n<\/figure>\n","protected":false},"excerpt":{"rendered":"<p>Sin precedentes, en un ambiente lleno de brillo y\u00a0 alegr\u00eda, el talento y la inteligencia se hicieron sentir durante la presentaci\u00f3n oficial a la prensa y medios de comunicaci\u00f3n de [&hellip;]<\/p>\n","protected":false},"author":2,"featured_media":11051,"comment_status":"open","ping_status":"closed","sticky":false,"template":"","format":"standard","meta":{"_et_pb_use_builder":"off","_et_pb_old_content":"","_et_gb_content_width":"","footnotes":""},"categories":[341,382,25],"tags":[31,12,15,761,30,29,28,1053],"class_list":["post-11050","post","type-post","status-publish","format-standard","has-post-thumbnail","hentry","category-alcaldia-alberto-adriani","category-ferivigia","category-nuestro-municipio","tag-alcalde","tag-alcaldiaalbertoadriani","tag-elvigia","tag-encrucijadadeprogreso","tag-lisandrosegura","tag-municipioquenosmerecemos","tag-porelrenacer","tag-talento-e-inteligencia-deslumbro-en-la-presentacion-oficial"],"yoast_head":"<!-- This site is optimized with the Yoast SEO plugin v19.13 - https:\/\/yoast.com\/wordpress\/plugins\/seo\/ -->\n<title>Talento e inteligencia deslumbr\u00f3 en la presentaci\u00f3n oficial<\/title>\n<meta name=\"description\" content=\"Talento e inteligencia deslumbr\u00f3 en la presentaci\u00f3n oficial de las candidatas de FeriVig\u00eda 2025 sin precedentes, en un ambiente lleno de brill\" \/>\n<meta name=\"robots\" content=\"index, follow, max-snippet:-1, max-image-preview:large, max-video-preview:-1\" \/>\n<link rel=\"canonical\" href=\"https:\/\/alcaldiaalbertoadriani.com\/?p=11050\" \/>\n<meta property=\"og:locale\" content=\"es_ES\" \/>\n<meta property=\"og:type\" content=\"article\" \/>\n<meta property=\"og:title\" content=\"Talento e inteligencia deslumbr\u00f3 en la presentaci\u00f3n oficial\" \/>\n<meta property=\"og:description\" content=\"Talento e inteligencia deslumbr\u00f3 en la presentaci\u00f3n oficial de las candidatas de FeriVig\u00eda 2025 sin precedentes, en un ambiente lleno de brill\" \/>\n<meta property=\"og:url\" content=\"https:\/\/alcaldiaalbertoadriani.com\/?p=11050\" \/>\n<meta property=\"og:site_name\" content=\"Alcaldia Alberto Adriani\" \/>\n<meta property=\"article:published_time\" content=\"2025-05-05T19:18:39+00:00\" \/>\n<meta property=\"article:modified_time\" content=\"2025-05-05T19:18:45+00:00\" \/>\n<meta property=\"og:image\" content=\"https:\/\/alcaldiaalbertoadriani.com\/wp-content\/uploads\/2025\/05\/photo_4949632337998622941_y.jpg\" \/>\n\t<meta property=\"og:image:width\" content=\"1280\" \/>\n\t<meta property=\"og:image:height\" content=\"960\" \/>\n\t<meta property=\"og:image:type\" content=\"image\/jpeg\" \/>\n<meta name=\"author\" content=\"Prensa\" \/>\n<meta name=\"twitter:card\" content=\"summary_large_image\" \/>\n<meta name=\"twitter:label1\" content=\"Escrito por\" \/>\n\t<meta name=\"twitter:data1\" content=\"Prensa\" \/>\n\t<meta name=\"twitter:label2\" content=\"Tiempo de lectura\" \/>\n\t<meta name=\"twitter:data2\" content=\"6 minutos\" \/>\n<script type=\"application\/ld+json\" class=\"yoast-schema-graph\">{\"@context\":\"https:\/\/schema.org\",\"@graph\":[{\"@type\":\"WebPage\",\"@id\":\"https:\/\/alcaldiaalbertoadriani.com\/?p=11050\",\"url\":\"https:\/\/alcaldiaalbertoadriani.com\/?p=11050\",\"name\":\"Talento e inteligencia deslumbr\u00f3 en la presentaci\u00f3n oficial\",\"isPartOf\":{\"@id\":\"https:\/\/alcaldiaalbertoadriani.com\/#website\"},\"datePublished\":\"2025-05-05T19:18:39+00:00\",\"dateModified\":\"2025-05-05T19:18:45+00:00\",\"author\":{\"@id\":\"https:\/\/alcaldiaalbertoadriani.com\/#\/schema\/person\/549b4483ff8999ac780deeea78795fc9\"},\"description\":\"Talento e inteligencia deslumbr\u00f3 en la presentaci\u00f3n oficial de las candidatas de FeriVig\u00eda 2025 sin precedentes, en un ambiente lleno de brill\",\"breadcrumb\":{\"@id\":\"https:\/\/alcaldiaalbertoadriani.com\/?p=11050#breadcrumb\"},\"inLanguage\":\"es\",\"potentialAction\":[{\"@type\":\"ReadAction\",\"target\":[\"https:\/\/alcaldiaalbertoadriani.com\/?p=11050\"]}]},{\"@type\":\"BreadcrumbList\",\"@id\":\"https:\/\/alcaldiaalbertoadriani.com\/?p=11050#breadcrumb\",\"itemListElement\":[{\"@type\":\"ListItem\",\"position\":1,\"name\":\"Portada\",\"item\":\"https:\/\/alcaldiaalbertoadriani.com\/\"},{\"@type\":\"ListItem\",\"position\":2,\"name\":\"Talento e inteligencia deslumbr\u00f3 en la presentaci\u00f3n oficial de las candidatas de FeriVig\u00eda 2025\"}]},{\"@type\":\"WebSite\",\"@id\":\"https:\/\/alcaldiaalbertoadriani.com\/#website\",\"url\":\"https:\/\/alcaldiaalbertoadriani.com\/\",\"name\":\"Alcaldia Alberto Adriani\",\"description\":\"\",\"potentialAction\":[{\"@type\":\"SearchAction\",\"target\":{\"@type\":\"EntryPoint\",\"urlTemplate\":\"https:\/\/alcaldiaalbertoadriani.com\/?s={search_term_string}\"},\"query-input\":\"required name=search_term_string\"}],\"inLanguage\":\"es\"},{\"@type\":\"Person\",\"@id\":\"https:\/\/alcaldiaalbertoadriani.com\/#\/schema\/person\/549b4483ff8999ac780deeea78795fc9\",\"name\":\"Prensa\",\"image\":{\"@type\":\"ImageObject\",\"inLanguage\":\"es\",\"@id\":\"https:\/\/alcaldiaalbertoadriani.com\/#\/schema\/person\/image\/\",\"url\":\"https:\/\/secure.gravatar.com\/avatar\/ea1cb567ea992a29627f4eee1c2eb185ec16decec6342d508fdf18dedb56c9de?s=96&d=mm&r=g\",\"contentUrl\":\"https:\/\/secure.gravatar.com\/avatar\/ea1cb567ea992a29627f4eee1c2eb185ec16decec6342d508fdf18dedb56c9de?s=96&d=mm&r=g\",\"caption\":\"Prensa\"},\"url\":\"https:\/\/alcaldiaalbertoadriani.com\/?author=2\"}]}<\/script>\n<!-- \/ Yoast SEO plugin. -->","yoast_head_json":{"title":"Talento e inteligencia deslumbr\u00f3 en la presentaci\u00f3n oficial","description":"Talento e inteligencia deslumbr\u00f3 en la presentaci\u00f3n oficial de las candidatas de FeriVig\u00eda 2025 sin precedentes, en un ambiente lleno de brill","robots":{"index":"index","follow":"follow","max-snippet":"max-snippet:-1","max-image-preview":"max-image-preview:large","max-video-preview":"max-video-preview:-1"},"canonical":"https:\/\/alcaldiaalbertoadriani.com\/?p=11050","og_locale":"es_ES","og_type":"article","og_title":"Talento e inteligencia deslumbr\u00f3 en la presentaci\u00f3n oficial","og_description":"Talento e inteligencia deslumbr\u00f3 en la presentaci\u00f3n oficial de las candidatas de FeriVig\u00eda 2025 sin precedentes, en un ambiente lleno de brill","og_url":"https:\/\/alcaldiaalbertoadriani.com\/?p=11050","og_site_name":"Alcaldia Alberto Adriani","article_published_time":"2025-05-05T19:18:39+00:00","article_modified_time":"2025-05-05T19:18:45+00:00","og_image":[{"width":1280,"height":960,"url":"https:\/\/alcaldiaalbertoadriani.com\/wp-content\/uploads\/2025\/05\/photo_4949632337998622941_y.jpg","type":"image\/jpeg"}],"author":"Prensa","twitter_card":"summary_large_image","twitter_misc":{"Escrito por":"Prensa","Tiempo de lectura":"6 minutos"},"schema":{"@context":"https:\/\/schema.org","@graph":[{"@type":"WebPage","@id":"https:\/\/alcaldiaalbertoadriani.com\/?p=11050","url":"https:\/\/alcaldiaalbertoadriani.com\/?p=11050","name":"Talento e inteligencia deslumbr\u00f3 en la presentaci\u00f3n oficial","isPartOf":{"@id":"https:\/\/alcaldiaalbertoadriani.com\/#website"},"datePublished":"2025-05-05T19:18:39+00:00","dateModified":"2025-05-05T19:18:45+00:00","author":{"@id":"https:\/\/alcaldiaalbertoadriani.com\/#\/schema\/person\/549b4483ff8999ac780deeea78795fc9"},"description":"Talento e inteligencia deslumbr\u00f3 en la presentaci\u00f3n oficial de las candidatas de FeriVig\u00eda 2025 sin precedentes, en un ambiente lleno de brill","breadcrumb":{"@id":"https:\/\/alcaldiaalbertoadriani.com\/?p=11050#breadcrumb"},"inLanguage":"es","potentialAction":[{"@type":"ReadAction","target":["https:\/\/alcaldiaalbertoadriani.com\/?p=11050"]}]},{"@type":"BreadcrumbList","@id":"https:\/\/alcaldiaalbertoadriani.com\/?p=11050#breadcrumb","itemListElement":[{"@type":"ListItem","position":1,"name":"Portada","item":"https:\/\/alcaldiaalbertoadriani.com\/"},{"@type":"ListItem","position":2,"name":"Talento e inteligencia deslumbr\u00f3 en la presentaci\u00f3n oficial de las candidatas de FeriVig\u00eda 2025"}]},{"@type":"WebSite","@id":"https:\/\/alcaldiaalbertoadriani.com\/#website","url":"https:\/\/alcaldiaalbertoadriani.com\/","name":"Alcaldia Alberto Adriani","description":"","potentialAction":[{"@type":"SearchAction","target":{"@type":"EntryPoint","urlTemplate":"https:\/\/alcaldiaalbertoadriani.com\/?s={search_term_string}"},"query-input":"required name=search_term_string"}],"inLanguage":"es"},{"@type":"Person","@id":"https:\/\/alcaldiaalbertoadriani.com\/#\/schema\/person\/549b4483ff8999ac780deeea78795fc9","name":"Prensa","image":{"@type":"ImageObject","inLanguage":"es","@id":"https:\/\/alcaldiaalbertoadriani.com\/#\/schema\/person\/image\/","url":"https:\/\/secure.gravatar.com\/avatar\/ea1cb567ea992a29627f4eee1c2eb185ec16decec6342d508fdf18dedb56c9de?s=96&d=mm&r=g","contentUrl":"https:\/\/secure.gravatar.com\/avatar\/ea1cb567ea992a29627f4eee1c2eb185ec16decec6342d508fdf18dedb56c9de?s=96&d=mm&r=g","caption":"Prensa"},"url":"https:\/\/alcaldiaalbertoadriani.com\/?author=2"}]}},"_links":{"self":[{"href":"https:\/\/alcaldiaalbertoadriani.com\/index.php?rest_route=\/wp\/v2\/posts\/11050","targetHints":{"allow":["GET"]}}],"collection":[{"href":"https:\/\/alcaldiaalbertoadriani.com\/index.php?rest_route=\/wp\/v2\/posts"}],"about":[{"href":"https:\/\/alcaldiaalbertoadriani.com\/index.php?rest_route=\/wp\/v2\/types\/post"}],"author":[{"embeddable":true,"href":"https:\/\/alcaldiaalbertoadriani.com\/index.php?rest_route=\/wp\/v2\/users\/2"}],"replies":[{"embeddable":true,"href":"https:\/\/alcaldiaalbertoadriani.com\/index.php?rest_route=%2Fwp%2Fv2%2Fcomments&post=11050"}],"version-history":[{"count":1,"href":"https:\/\/alcaldiaalbertoadriani.com\/index.php?rest_route=\/wp\/v2\/posts\/11050\/revisions"}],"predecessor-version":[{"id":11072,"href":"https:\/\/alcaldiaalbertoadriani.com\/index.php?rest_route=\/wp\/v2\/posts\/11050\/revisions\/11072"}],"wp:featuredmedia":[{"embeddable":true,"href":"https:\/\/alcaldiaalbertoadriani.com\/index.php?rest_route=\/wp\/v2\/media\/11051"}],"wp:attachment":[{"href":"https:\/\/alcaldiaalbertoadriani.com\/index.php?rest_route=%2Fwp%2Fv2%2Fmedia&parent=11050"}],"wp:term":[{"taxonomy":"category","embeddable":true,"href":"https:\/\/alcaldiaalbertoadriani.com\/index.php?rest_route=%2Fwp%2Fv2%2Fcategories&post=11050"},{"taxonomy":"post_tag","embeddable":true,"href":"https:\/\/alcaldiaalbertoadriani.com\/index.php?rest_route=%2Fwp%2Fv2%2Ftags&post=11050"}],"curies":[{"name":"wp","href":"https:\/\/api.w.org\/{rel}","templated":true}]}}