{"id":1102,"date":"2022-10-29T19:26:14","date_gmt":"2022-10-29T19:26:14","guid":{"rendered":"https:\/\/alcaldiaalbertoadriani.com\/?p=1102"},"modified":"2022-10-29T19:26:16","modified_gmt":"2022-10-29T19:26:16","slug":"presupuesto-ordenanza-inversion-2023","status":"publish","type":"post","link":"https:\/\/alcaldiaalbertoadriani.com\/?p=1102","title":{"rendered":"Alcalde Lisandro Segura present\u00f3 proyecto de Ordenanza de Presupuesto 2023"},"content":{"rendered":"\n<p>La ordenanza del presupuesto presentada contempla el plan de inversi\u00f3n de obras aprobado por el Consejo Local de Planificaci\u00f3n P\u00fablica (Clpp)Este viernes 28 de octubre el alcalde<a href=\"https:\/\/www.instagram.com\/lisandrosegura02\/\" target=\"_blank\" rel=\"noreferrer noopener\"> Lisandro Segura<\/a> present\u00f3 al <a href=\"https:\/\/www.instagram.com\/camaramunicipalalbertoadriani\/\" target=\"_blank\" rel=\"noreferrer noopener\">Concejo Municipal<\/a>, en manos de su presidente Eligia J\u00e1ctiva, el <a href=\"https:\/\/alcaldiaalbertoadriani.com\/?p=655\">proyecto de Ordenanza <\/a>del Presupuesto de Ingresos y Gastos del Ejercicio Econ\u00f3mico 2023 para su debida revisi\u00f3n, an\u00e1lisis y discusi\u00f3n por parte del \u00f3rgano legislativo.<\/p>\n\n\n\n<p>Tambi\u00e9n entreg\u00f3 el Plan Operativo Anual (POA) del pr\u00f3ximo a\u00f1o. El acto se realiz\u00f3 en las instalaciones del cuerpo edilicio.<\/p>\n\n\n\n<p>El alcalde detall\u00f3 que la presentaci\u00f3n de la ordenanza de presupuesto lo est\u00e1 haciendo antes del primero de noviembre, \u201ccumpliendo as\u00ed con los lapsos establecidos en la ley&#8221;. Adem\u00e1s, entreg\u00f3 el Plan Operativo Anual del a\u00f1o 2023 de todas las gerencias de planta de la alcald\u00eda.<\/p>\n\n\n\n<!--more-->\n\n\n\n<h2 class=\"wp-block-heading\">Gasto de inversi\u00f3n del municipio<\/h2>\n\n\n\n<p>La ordenanza del presupuesto presentada contempla el plan de inversi\u00f3n de obras aprobado por el Consejo Local de Planificaci\u00f3n P\u00fablica (Clpp) de Alberto Adriani, y \u201cest\u00e1 direccionado en 5 ejes centrales como es: vialidad rural y urbana; alumbrado p\u00fablico; mejoramiento del sistema de salud a trav\u00e9s de la red de ambulancias y del programa de atenci\u00f3n primaria; educaci\u00f3n y con mayor \u00e9nfasis aguas municipales\u201d, subray\u00f3 el alcalde.<\/p>\n\n\n\n<p>Aunado a ello, se suma al gasto de inversi\u00f3n la adquisici\u00f3n de maquinaria y veh\u00edculos; alquiler de maquinaria as\u00ed como fletes, para poder atender con mayor veracidad las emergencias o diferentes \u00e1reas del municipio. Asimismo, se invertir\u00e1 en cultura, deporte, vivienda y otros beneficios sociales.<\/p>\n\n\n\n<p>En este sentido, Genry G\u00f3mez, gerente de Administraci\u00f3n municipal, se\u00f1al\u00f3 que lo mencionado anteriormente \u201crepresenta un porcentaje superior al 50 % del presupuesto total del municipio como lo establece la ley\u201d.<\/p>\n\n\n\n<h2 class=\"wp-block-heading\">Revisi\u00f3n y an\u00e1lisis de la ordenanza<\/h2>\n\n\n\n<p>Por su parte, Eligia J\u00e1ctiva expres\u00f3 que el proyecto de ordenanza de presupuesto y el POA entregado por el Ejecutivo municipal, lo presentar\u00e1 en la sesi\u00f3n ordinaria a realizarse el pr\u00f3ximo martes.<\/p>\n\n\n\n<p>&#8220;El mismo ser\u00e1 analizado, estudiado y luego se har\u00e1 el informe correspondiente tal y como lo establece la ley del Poder P\u00fablico Municipal y tendremos hasta el 15 de diciembre para su aprobaci\u00f3n&#8221;, indic\u00f3. Prensa Alcald\u00eda Alberto Adriani\/Claribel Zambrano\/ CNP: 11.843\/ Foto: Romny Ram\u00edrez.<\/p>\n\n\n\n<figure class=\"wp-block-gallery has-nested-images columns-default is-cropped wp-block-gallery-1 is-layout-flex wp-block-gallery-is-layout-flex\">\n<figure class=\"wp-block-image size-large\"><img loading=\"lazy\" decoding=\"async\" width=\"1024\" height=\"576\" data-id=\"1104\" src=\"https:\/\/alcaldiaalbertoadriani.com\/wp-content\/uploads\/2022\/10\/IMG_20221028_150441-1024x576.jpg\" alt=\"\" class=\"wp-image-1104\" srcset=\"https:\/\/alcaldiaalbertoadriani.com\/wp-content\/uploads\/2022\/10\/IMG_20221028_150441-980x552.jpg 980w, https:\/\/alcaldiaalbertoadriani.com\/wp-content\/uploads\/2022\/10\/IMG_20221028_150441-480x270.jpg 480w\" sizes=\"auto, (min-width: 0px) and (max-width: 480px) 480px, (min-width: 481px) and (max-width: 980px) 980px, (min-width: 981px) 1024px, 100vw\" \/><\/figure>\n\n\n\n<figure class=\"wp-block-image size-large\"><img loading=\"lazy\" decoding=\"async\" width=\"1024\" height=\"576\" data-id=\"1103\" src=\"https:\/\/alcaldiaalbertoadriani.com\/wp-content\/uploads\/2022\/10\/IMG_20221028_150551-1024x576.jpg\" alt=\"\" class=\"wp-image-1103\" srcset=\"https:\/\/alcaldiaalbertoadriani.com\/wp-content\/uploads\/2022\/10\/IMG_20221028_150551-980x552.jpg 980w, https:\/\/alcaldiaalbertoadriani.com\/wp-content\/uploads\/2022\/10\/IMG_20221028_150551-480x270.jpg 480w\" sizes=\"auto, (min-width: 0px) and (max-width: 480px) 480px, (min-width: 481px) and (max-width: 980px) 980px, (min-width: 981px) 1024px, 100vw\" \/><\/figure>\n<\/figure>\n","protected":false},"excerpt":{"rendered":"<p>La ordenanza del presupuesto presentada contempla el plan de inversi\u00f3n de obras aprobado por el Consejo Local de Planificaci\u00f3n P\u00fablica (Clpp)Este viernes 28 de octubre el alcalde Lisandro Segura present\u00f3 [&hellip;]<\/p>\n","protected":false},"author":2,"featured_media":1105,"comment_status":"closed","ping_status":"closed","sticky":false,"template":"","format":"standard","meta":{"_et_pb_use_builder":"off","_et_pb_old_content":"","_et_gb_content_width":"","footnotes":""},"categories":[1],"tags":[],"class_list":["post-1102","post","type-post","status-publish","format-standard","has-post-thumbnail","hentry","category-uncategorized"],"yoast_head":"<!-- This site is optimized with the Yoast SEO plugin v19.13 - https:\/\/yoast.com\/wordpress\/plugins\/seo\/ -->\n<title>Alcalde Lisandro Segura present\u00f3 proyecto de Ordenanza de Presupuesto 2023 - Alcaldia Alberto Adriani<\/title>\n<meta name=\"description\" content=\"El alcalde Lisandro Segura present\u00f3 al Concejo Municipal, el proyecto de Ordenanza del Presupuesto de Ingresos y Gastos de inversi\u00f3n 2023.\" \/>\n<meta name=\"robots\" content=\"index, follow, max-snippet:-1, max-image-preview:large, max-video-preview:-1\" \/>\n<link rel=\"canonical\" href=\"https:\/\/alcaldiaalbertoadriani.com\/?p=1102\" \/>\n<meta property=\"og:locale\" content=\"es_ES\" \/>\n<meta property=\"og:type\" content=\"article\" \/>\n<meta property=\"og:title\" content=\"Alcalde Lisandro Segura present\u00f3 proyecto de Ordenanza de Presupuesto 2023 - Alcaldia Alberto Adriani\" \/>\n<meta property=\"og:description\" content=\"El alcalde Lisandro Segura present\u00f3 al Concejo Municipal, el proyecto de Ordenanza del Presupuesto de Ingresos y Gastos de inversi\u00f3n 2023.\" \/>\n<meta property=\"og:url\" content=\"https:\/\/alcaldiaalbertoadriani.com\/?p=1102\" \/>\n<meta property=\"og:site_name\" content=\"Alcaldia Alberto Adriani\" \/>\n<meta property=\"article:published_time\" content=\"2022-10-29T19:26:14+00:00\" \/>\n<meta property=\"article:modified_time\" content=\"2022-10-29T19:26:16+00:00\" \/>\n<meta property=\"og:image\" content=\"https:\/\/alcaldiaalbertoadriani.com\/wp-content\/uploads\/2022\/10\/IMG_20221028_150628-scaled.jpg\" \/>\n\t<meta property=\"og:image:width\" content=\"2560\" \/>\n\t<meta property=\"og:image:height\" content=\"1925\" \/>\n\t<meta property=\"og:image:type\" content=\"image\/jpeg\" \/>\n<meta name=\"author\" content=\"Prensa\" \/>\n<meta name=\"twitter:card\" content=\"summary_large_image\" \/>\n<meta name=\"twitter:label1\" content=\"Escrito por\" \/>\n\t<meta name=\"twitter:data1\" content=\"Prensa\" \/>\n\t<meta name=\"twitter:label2\" content=\"Tiempo de lectura\" \/>\n\t<meta name=\"twitter:data2\" content=\"3 minutos\" \/>\n<script type=\"application\/ld+json\" class=\"yoast-schema-graph\">{\"@context\":\"https:\/\/schema.org\",\"@graph\":[{\"@type\":\"WebPage\",\"@id\":\"https:\/\/alcaldiaalbertoadriani.com\/?p=1102\",\"url\":\"https:\/\/alcaldiaalbertoadriani.com\/?p=1102\",\"name\":\"Alcalde Lisandro Segura present\u00f3 proyecto de Ordenanza de Presupuesto 2023 - Alcaldia Alberto Adriani\",\"isPartOf\":{\"@id\":\"https:\/\/alcaldiaalbertoadriani.com\/#website\"},\"datePublished\":\"2022-10-29T19:26:14+00:00\",\"dateModified\":\"2022-10-29T19:26:16+00:00\",\"author\":{\"@id\":\"https:\/\/alcaldiaalbertoadriani.com\/#\/schema\/person\/549b4483ff8999ac780deeea78795fc9\"},\"description\":\"El alcalde Lisandro Segura present\u00f3 al Concejo Municipal, el proyecto de Ordenanza del Presupuesto de Ingresos y Gastos de inversi\u00f3n 2023.\",\"breadcrumb\":{\"@id\":\"https:\/\/alcaldiaalbertoadriani.com\/?p=1102#breadcrumb\"},\"inLanguage\":\"es\",\"potentialAction\":[{\"@type\":\"ReadAction\",\"target\":[\"https:\/\/alcaldiaalbertoadriani.com\/?p=1102\"]}]},{\"@type\":\"BreadcrumbList\",\"@id\":\"https:\/\/alcaldiaalbertoadriani.com\/?p=1102#breadcrumb\",\"itemListElement\":[{\"@type\":\"ListItem\",\"position\":1,\"name\":\"Portada\",\"item\":\"https:\/\/alcaldiaalbertoadriani.com\/\"},{\"@type\":\"ListItem\",\"position\":2,\"name\":\"Alcalde Lisandro Segura present\u00f3 proyecto de Ordenanza de Presupuesto 2023\"}]},{\"@type\":\"WebSite\",\"@id\":\"https:\/\/alcaldiaalbertoadriani.com\/#website\",\"url\":\"https:\/\/alcaldiaalbertoadriani.com\/\",\"name\":\"Alcaldia Alberto Adriani\",\"description\":\"\",\"potentialAction\":[{\"@type\":\"SearchAction\",\"target\":{\"@type\":\"EntryPoint\",\"urlTemplate\":\"https:\/\/alcaldiaalbertoadriani.com\/?s={search_term_string}\"},\"query-input\":\"required name=search_term_string\"}],\"inLanguage\":\"es\"},{\"@type\":\"Person\",\"@id\":\"https:\/\/alcaldiaalbertoadriani.com\/#\/schema\/person\/549b4483ff8999ac780deeea78795fc9\",\"name\":\"Prensa\",\"image\":{\"@type\":\"ImageObject\",\"inLanguage\":\"es\",\"@id\":\"https:\/\/alcaldiaalbertoadriani.com\/#\/schema\/person\/image\/\",\"url\":\"https:\/\/secure.gravatar.com\/avatar\/ea1cb567ea992a29627f4eee1c2eb185ec16decec6342d508fdf18dedb56c9de?s=96&d=mm&r=g\",\"contentUrl\":\"https:\/\/secure.gravatar.com\/avatar\/ea1cb567ea992a29627f4eee1c2eb185ec16decec6342d508fdf18dedb56c9de?s=96&d=mm&r=g\",\"caption\":\"Prensa\"},\"url\":\"https:\/\/alcaldiaalbertoadriani.com\/?author=2\"}]}<\/script>\n<!-- \/ Yoast SEO plugin. -->","yoast_head_json":{"title":"Alcalde Lisandro Segura present\u00f3 proyecto de Ordenanza de Presupuesto 2023 - Alcaldia Alberto Adriani","description":"El alcalde Lisandro Segura present\u00f3 al Concejo Municipal, el proyecto de Ordenanza del Presupuesto de Ingresos y Gastos de inversi\u00f3n 2023.","robots":{"index":"index","follow":"follow","max-snippet":"max-snippet:-1","max-image-preview":"max-image-preview:large","max-video-preview":"max-video-preview:-1"},"canonical":"https:\/\/alcaldiaalbertoadriani.com\/?p=1102","og_locale":"es_ES","og_type":"article","og_title":"Alcalde Lisandro Segura present\u00f3 proyecto de Ordenanza de Presupuesto 2023 - Alcaldia Alberto Adriani","og_description":"El alcalde Lisandro Segura present\u00f3 al Concejo Municipal, el proyecto de Ordenanza del Presupuesto de Ingresos y Gastos de inversi\u00f3n 2023.","og_url":"https:\/\/alcaldiaalbertoadriani.com\/?p=1102","og_site_name":"Alcaldia Alberto Adriani","article_published_time":"2022-10-29T19:26:14+00:00","article_modified_time":"2022-10-29T19:26:16+00:00","og_image":[{"width":2560,"height":1925,"url":"https:\/\/alcaldiaalbertoadriani.com\/wp-content\/uploads\/2022\/10\/IMG_20221028_150628-scaled.jpg","type":"image\/jpeg"}],"author":"Prensa","twitter_card":"summary_large_image","twitter_misc":{"Escrito por":"Prensa","Tiempo de lectura":"3 minutos"},"schema":{"@context":"https:\/\/schema.org","@graph":[{"@type":"WebPage","@id":"https:\/\/alcaldiaalbertoadriani.com\/?p=1102","url":"https:\/\/alcaldiaalbertoadriani.com\/?p=1102","name":"Alcalde Lisandro Segura present\u00f3 proyecto de Ordenanza de Presupuesto 2023 - Alcaldia Alberto Adriani","isPartOf":{"@id":"https:\/\/alcaldiaalbertoadriani.com\/#website"},"datePublished":"2022-10-29T19:26:14+00:00","dateModified":"2022-10-29T19:26:16+00:00","author":{"@id":"https:\/\/alcaldiaalbertoadriani.com\/#\/schema\/person\/549b4483ff8999ac780deeea78795fc9"},"description":"El alcalde Lisandro Segura present\u00f3 al Concejo Municipal, el proyecto de Ordenanza del Presupuesto de Ingresos y Gastos de inversi\u00f3n 2023.","breadcrumb":{"@id":"https:\/\/alcaldiaalbertoadriani.com\/?p=1102#breadcrumb"},"inLanguage":"es","potentialAction":[{"@type":"ReadAction","target":["https:\/\/alcaldiaalbertoadriani.com\/?p=1102"]}]},{"@type":"BreadcrumbList","@id":"https:\/\/alcaldiaalbertoadriani.com\/?p=1102#breadcrumb","itemListElement":[{"@type":"ListItem","position":1,"name":"Portada","item":"https:\/\/alcaldiaalbertoadriani.com\/"},{"@type":"ListItem","position":2,"name":"Alcalde Lisandro Segura present\u00f3 proyecto de Ordenanza de Presupuesto 2023"}]},{"@type":"WebSite","@id":"https:\/\/alcaldiaalbertoadriani.com\/#website","url":"https:\/\/alcaldiaalbertoadriani.com\/","name":"Alcaldia Alberto Adriani","description":"","potentialAction":[{"@type":"SearchAction","target":{"@type":"EntryPoint","urlTemplate":"https:\/\/alcaldiaalbertoadriani.com\/?s={search_term_string}"},"query-input":"required name=search_term_string"}],"inLanguage":"es"},{"@type":"Person","@id":"https:\/\/alcaldiaalbertoadriani.com\/#\/schema\/person\/549b4483ff8999ac780deeea78795fc9","name":"Prensa","image":{"@type":"ImageObject","inLanguage":"es","@id":"https:\/\/alcaldiaalbertoadriani.com\/#\/schema\/person\/image\/","url":"https:\/\/secure.gravatar.com\/avatar\/ea1cb567ea992a29627f4eee1c2eb185ec16decec6342d508fdf18dedb56c9de?s=96&d=mm&r=g","contentUrl":"https:\/\/secure.gravatar.com\/avatar\/ea1cb567ea992a29627f4eee1c2eb185ec16decec6342d508fdf18dedb56c9de?s=96&d=mm&r=g","caption":"Prensa"},"url":"https:\/\/alcaldiaalbertoadriani.com\/?author=2"}]}},"_links":{"self":[{"href":"https:\/\/alcaldiaalbertoadriani.com\/index.php?rest_route=\/wp\/v2\/posts\/1102","targetHints":{"allow":["GET"]}}],"collection":[{"href":"https:\/\/alcaldiaalbertoadriani.com\/index.php?rest_route=\/wp\/v2\/posts"}],"about":[{"href":"https:\/\/alcaldiaalbertoadriani.com\/index.php?rest_route=\/wp\/v2\/types\/post"}],"author":[{"embeddable":true,"href":"https:\/\/alcaldiaalbertoadriani.com\/index.php?rest_route=\/wp\/v2\/users\/2"}],"replies":[{"embeddable":true,"href":"https:\/\/alcaldiaalbertoadriani.com\/index.php?rest_route=%2Fwp%2Fv2%2Fcomments&post=1102"}],"version-history":[{"count":1,"href":"https:\/\/alcaldiaalbertoadriani.com\/index.php?rest_route=\/wp\/v2\/posts\/1102\/revisions"}],"predecessor-version":[{"id":1106,"href":"https:\/\/alcaldiaalbertoadriani.com\/index.php?rest_route=\/wp\/v2\/posts\/1102\/revisions\/1106"}],"wp:featuredmedia":[{"embeddable":true,"href":"https:\/\/alcaldiaalbertoadriani.com\/index.php?rest_route=\/wp\/v2\/media\/1105"}],"wp:attachment":[{"href":"https:\/\/alcaldiaalbertoadriani.com\/index.php?rest_route=%2Fwp%2Fv2%2Fmedia&parent=1102"}],"wp:term":[{"taxonomy":"category","embeddable":true,"href":"https:\/\/alcaldiaalbertoadriani.com\/index.php?rest_route=%2Fwp%2Fv2%2Fcategories&post=1102"},{"taxonomy":"post_tag","embeddable":true,"href":"https:\/\/alcaldiaalbertoadriani.com\/index.php?rest_route=%2Fwp%2Fv2%2Ftags&post=1102"}],"curies":[{"name":"wp","href":"https:\/\/api.w.org\/{rel}","templated":true}]}}