{"id":10895,"date":"2025-04-23T19:58:16","date_gmt":"2025-04-23T19:58:16","guid":{"rendered":"https:\/\/alcaldiaalbertoadriani.com\/?p=10895"},"modified":"2025-04-23T19:58:20","modified_gmt":"2025-04-23T19:58:20","slug":"ugradmaa-de-alberto-adriani-brindo-atencion-primaria","status":"publish","type":"post","link":"https:\/\/alcaldiaalbertoadriani.com\/?p=10895","title":{"rendered":"Ugradmaa de Alberto Adriani brind\u00f3 atenci\u00f3n primaria en Semana Santa"},"content":{"rendered":"\n<p><\/p>\n\n\n\n<p>Funcionarios de la Unidad de Gesti\u00f3n de Riesgo y Administraci\u00f3n de Desastres &#8211;<a href=\"https:\/\/alcaldiaalbertoadriani.com\/?p=10698\" target=\"_blank\" rel=\"noreferrer noopener\">Ugradmaa<\/a>-, adscrita a la Alcald\u00eda Alberto Adriani, brindaron atenci\u00f3n primaria durante la Semana Santa, acompa\u00f1ando las diversas actividades promovidas por la Iglesia Cat\u00f3lica.<\/p>\n\n\n\n<figure class=\"wp-block-gallery has-nested-images columns-default is-cropped wp-block-gallery-1 is-layout-flex wp-block-gallery-is-layout-flex\">\n<figure class=\"wp-block-image size-large\"><img loading=\"lazy\" decoding=\"async\" width=\"1024\" height=\"576\" data-id=\"10903\" src=\"https:\/\/alcaldiaalbertoadriani.com\/wp-content\/uploads\/2025\/04\/photo_4920364141626109962_y-1-1024x576.jpg\" alt=\"\" class=\"wp-image-10903\" srcset=\"https:\/\/alcaldiaalbertoadriani.com\/wp-content\/uploads\/2025\/04\/photo_4920364141626109962_y-1-1024x576.jpg 1024w, https:\/\/alcaldiaalbertoadriani.com\/wp-content\/uploads\/2025\/04\/photo_4920364141626109962_y-1-980x551.jpg 980w, https:\/\/alcaldiaalbertoadriani.com\/wp-content\/uploads\/2025\/04\/photo_4920364141626109962_y-1-480x270.jpg 480w\" sizes=\"auto, (min-width: 0px) and (max-width: 480px) 480px, (min-width: 481px) and (max-width: 980px) 980px, (min-width: 981px) 1024px, 100vw\" \/><\/figure>\n<\/figure>\n\n\n\n<!--more-->\n\n\n\n<p>As\u00ed lo inform\u00f3 John Torres, jefe de la Ugradmaa, al se\u00f1alar que por orientaciones del alcalde <a href=\"https:\/\/www.instagram.com\/lisandrosegura02\/\" target=\"_blank\" rel=\"noreferrer noopener\">Lisandro Segura<\/a>, resguardaron la integridad f\u00edsica de la feligres\u00eda, as\u00ed como de los participantes y comit\u00e9 organizador de las diversas actividades religiosas, tanto de la Catedral del Perpetuo Socorro como de la <a href=\"https:\/\/alcaldiaalbertoadriani.com\/?p=10869\" target=\"_blank\" rel=\"noreferrer noopener\">parroquia eclesi\u00e1stica San Jos\u00e9 de La Blanca<\/a>.<\/p>\n\n\n\n<figure class=\"wp-block-gallery has-nested-images columns-default is-cropped wp-block-gallery-2 is-layout-flex wp-block-gallery-is-layout-flex\">\n<figure class=\"wp-block-image size-large\"><img loading=\"lazy\" decoding=\"async\" width=\"768\" height=\"1024\" data-id=\"10897\" src=\"https:\/\/alcaldiaalbertoadriani.com\/wp-content\/uploads\/2025\/04\/photo_4920364141626109965_y-768x1024.jpg\" alt=\"\" class=\"wp-image-10897\" srcset=\"https:\/\/alcaldiaalbertoadriani.com\/wp-content\/uploads\/2025\/04\/photo_4920364141626109965_y-768x1024.jpg 768w, https:\/\/alcaldiaalbertoadriani.com\/wp-content\/uploads\/2025\/04\/photo_4920364141626109965_y-480x640.jpg 480w\" sizes=\"auto, (min-width: 0px) and (max-width: 480px) 480px, (min-width: 481px) 768px, 100vw\" \/><\/figure>\n<\/figure>\n\n\n\n<p>El funcionario mencion\u00f3 entre las actividades, el Viacrucis Viviente, la procesi\u00f3n del Nazareno y la procesi\u00f3n del Santo Sepulcro, las mismas transcurrieron con normalidad y sin incidentes.<\/p>\n\n\n\n<p>\u201cDurante la jornada de trabajo contamos con el apoyo de la gerencia de Seguridad Ciudadana, Polic\u00eda Nacional Bolivariana-PNB-, Protecci\u00f3n Civil y la Brigada de Rescate Pulido M\u00e9ndez, en estos eventos religiosos\u201d, indic\u00f3.<\/p>\n\n\n\n<p>De esta manera, el Gobierno del alcalde <a href=\"https:\/\/www.instagram.com\/lisandrosegura02\/\" target=\"_blank\" rel=\"noreferrer noopener\">Lisandro Segura<\/a>, cumple con el compromiso mediante el apoyo hacia las actividades que enaltecen la Fe Cristiana en Alberto Adriani. <strong><em>Prensa Alcald\u00eda Alberto Adriani\/Edgar Mendoza CNP 25.736\/Fotos cortes\u00eda: Ugradmaa.<\/em><\/strong><\/p>\n\n\n\n<figure class=\"wp-block-gallery has-nested-images columns-default is-cropped wp-block-gallery-3 is-layout-flex wp-block-gallery-is-layout-flex\">\n<figure class=\"wp-block-image size-large\"><img loading=\"lazy\" decoding=\"async\" width=\"1024\" height=\"768\" data-id=\"10902\" src=\"https:\/\/alcaldiaalbertoadriani.com\/wp-content\/uploads\/2025\/04\/photo_4920364141626109963_y-1024x768.jpg\" alt=\"\" class=\"wp-image-10902\" srcset=\"https:\/\/alcaldiaalbertoadriani.com\/wp-content\/uploads\/2025\/04\/photo_4920364141626109963_y-1024x768.jpg 1024w, https:\/\/alcaldiaalbertoadriani.com\/wp-content\/uploads\/2025\/04\/photo_4920364141626109963_y-980x735.jpg 980w, https:\/\/alcaldiaalbertoadriani.com\/wp-content\/uploads\/2025\/04\/photo_4920364141626109963_y-480x360.jpg 480w\" sizes=\"auto, (min-width: 0px) and (max-width: 480px) 480px, (min-width: 481px) and (max-width: 980px) 980px, (min-width: 981px) 1024px, 100vw\" \/><\/figure>\n\n\n\n<figure class=\"wp-block-image size-large\"><img loading=\"lazy\" decoding=\"async\" width=\"771\" height=\"1024\" data-id=\"10900\" src=\"https:\/\/alcaldiaalbertoadriani.com\/wp-content\/uploads\/2025\/04\/photo_4920364141626109964_y-771x1024.jpg\" alt=\"\" class=\"wp-image-10900\" srcset=\"https:\/\/alcaldiaalbertoadriani.com\/wp-content\/uploads\/2025\/04\/photo_4920364141626109964_y-771x1024.jpg 771w, https:\/\/alcaldiaalbertoadriani.com\/wp-content\/uploads\/2025\/04\/photo_4920364141626109964_y-480x638.jpg 480w\" sizes=\"auto, (min-width: 0px) and (max-width: 480px) 480px, (min-width: 481px) 771px, 100vw\" \/><\/figure>\n\n\n\n<figure class=\"wp-block-image size-large\"><img loading=\"lazy\" decoding=\"async\" width=\"1024\" height=\"576\" data-id=\"10899\" src=\"https:\/\/alcaldiaalbertoadriani.com\/wp-content\/uploads\/2025\/04\/photo_4920364141626109966_y-1024x576.jpg\" alt=\"\" class=\"wp-image-10899\" srcset=\"https:\/\/alcaldiaalbertoadriani.com\/wp-content\/uploads\/2025\/04\/photo_4920364141626109966_y-1024x576.jpg 1024w, https:\/\/alcaldiaalbertoadriani.com\/wp-content\/uploads\/2025\/04\/photo_4920364141626109966_y-980x551.jpg 980w, https:\/\/alcaldiaalbertoadriani.com\/wp-content\/uploads\/2025\/04\/photo_4920364141626109966_y-480x270.jpg 480w\" sizes=\"auto, (min-width: 0px) and (max-width: 480px) 480px, (min-width: 481px) and (max-width: 980px) 980px, (min-width: 981px) 1024px, 100vw\" \/><\/figure>\n\n\n\n<figure class=\"wp-block-image size-large\"><img loading=\"lazy\" decoding=\"async\" width=\"1024\" height=\"771\" data-id=\"10901\" src=\"https:\/\/alcaldiaalbertoadriani.com\/wp-content\/uploads\/2025\/04\/photo_4920364141626109967_y-1024x771.jpg\" alt=\"\" class=\"wp-image-10901\" srcset=\"https:\/\/alcaldiaalbertoadriani.com\/wp-content\/uploads\/2025\/04\/photo_4920364141626109967_y-1024x771.jpg 1024w, https:\/\/alcaldiaalbertoadriani.com\/wp-content\/uploads\/2025\/04\/photo_4920364141626109967_y-980x738.jpg 980w, https:\/\/alcaldiaalbertoadriani.com\/wp-content\/uploads\/2025\/04\/photo_4920364141626109967_y-480x361.jpg 480w\" sizes=\"auto, (min-width: 0px) and (max-width: 480px) 480px, (min-width: 481px) and (max-width: 980px) 980px, (min-width: 981px) 1024px, 100vw\" \/><\/figure>\n<\/figure>\n","protected":false},"excerpt":{"rendered":"<p>Funcionarios de la Unidad de Gesti\u00f3n de Riesgo y Administraci\u00f3n de Desastres &#8211;Ugradmaa-, adscrita a la Alcald\u00eda Alberto Adriani, brindaron atenci\u00f3n primaria durante la Semana Santa, acompa\u00f1ando las diversas actividades [&hellip;]<\/p>\n","protected":false},"author":2,"featured_media":10896,"comment_status":"open","ping_status":"closed","sticky":false,"template":"","format":"standard","meta":{"_et_pb_use_builder":"off","_et_pb_old_content":"","_et_gb_content_width":"","footnotes":""},"categories":[341,311],"tags":[31,11,12,15,761,30,29,28],"class_list":["post-10895","post","type-post","status-publish","format-standard","has-post-thumbnail","hentry","category-alcaldia-alberto-adriani","category-ugradmaa","tag-alcalde","tag-alcaldia","tag-alcaldiaalbertoadriani","tag-elvigia","tag-encrucijadadeprogreso","tag-lisandrosegura","tag-municipioquenosmerecemos","tag-porelrenacer"],"yoast_head":"<!-- This site is optimized with the Yoast SEO plugin v19.13 - https:\/\/yoast.com\/wordpress\/plugins\/seo\/ -->\n<title>Ugradmaa de Alberto Adriani brind\u00f3 atenci\u00f3n primaria<\/title>\n<meta name=\"description\" content=\"Ugradmaa de Alberto Adriani brind\u00f3 atenci\u00f3n primaria en Semana Santa acompa\u00f1ando las diversas actividades promovidas por la Iglesia Cat\u00f3lica.\" \/>\n<meta name=\"robots\" content=\"index, follow, max-snippet:-1, max-image-preview:large, max-video-preview:-1\" \/>\n<link rel=\"canonical\" href=\"https:\/\/alcaldiaalbertoadriani.com\/?p=10895\" \/>\n<meta property=\"og:locale\" content=\"es_ES\" \/>\n<meta property=\"og:type\" content=\"article\" \/>\n<meta property=\"og:title\" content=\"Ugradmaa de Alberto Adriani brind\u00f3 atenci\u00f3n primaria\" \/>\n<meta property=\"og:description\" content=\"Ugradmaa de Alberto Adriani brind\u00f3 atenci\u00f3n primaria en Semana Santa acompa\u00f1ando las diversas actividades promovidas por la Iglesia Cat\u00f3lica.\" \/>\n<meta property=\"og:url\" content=\"https:\/\/alcaldiaalbertoadriani.com\/?p=10895\" \/>\n<meta property=\"og:site_name\" content=\"Alcaldia Alberto Adriani\" \/>\n<meta property=\"article:published_time\" content=\"2025-04-23T19:58:16+00:00\" \/>\n<meta property=\"article:modified_time\" content=\"2025-04-23T19:58:20+00:00\" \/>\n<meta property=\"og:image\" content=\"https:\/\/alcaldiaalbertoadriani.com\/wp-content\/uploads\/2025\/04\/photo_4920364141626109961_y.jpg\" \/>\n\t<meta property=\"og:image:width\" content=\"1080\" \/>\n\t<meta property=\"og:image:height\" content=\"813\" \/>\n\t<meta property=\"og:image:type\" content=\"image\/jpeg\" \/>\n<meta name=\"author\" content=\"Prensa\" \/>\n<meta name=\"twitter:card\" content=\"summary_large_image\" \/>\n<meta name=\"twitter:label1\" content=\"Escrito por\" \/>\n\t<meta name=\"twitter:data1\" content=\"Prensa\" \/>\n\t<meta name=\"twitter:label2\" content=\"Tiempo de lectura\" \/>\n\t<meta name=\"twitter:data2\" content=\"3 minutos\" \/>\n<script type=\"application\/ld+json\" class=\"yoast-schema-graph\">{\"@context\":\"https:\/\/schema.org\",\"@graph\":[{\"@type\":\"WebPage\",\"@id\":\"https:\/\/alcaldiaalbertoadriani.com\/?p=10895\",\"url\":\"https:\/\/alcaldiaalbertoadriani.com\/?p=10895\",\"name\":\"Ugradmaa de Alberto Adriani brind\u00f3 atenci\u00f3n primaria\",\"isPartOf\":{\"@id\":\"https:\/\/alcaldiaalbertoadriani.com\/#website\"},\"datePublished\":\"2025-04-23T19:58:16+00:00\",\"dateModified\":\"2025-04-23T19:58:20+00:00\",\"author\":{\"@id\":\"https:\/\/alcaldiaalbertoadriani.com\/#\/schema\/person\/549b4483ff8999ac780deeea78795fc9\"},\"description\":\"Ugradmaa de Alberto Adriani brind\u00f3 atenci\u00f3n primaria en Semana Santa acompa\u00f1ando las diversas actividades promovidas por la Iglesia Cat\u00f3lica.\",\"breadcrumb\":{\"@id\":\"https:\/\/alcaldiaalbertoadriani.com\/?p=10895#breadcrumb\"},\"inLanguage\":\"es\",\"potentialAction\":[{\"@type\":\"ReadAction\",\"target\":[\"https:\/\/alcaldiaalbertoadriani.com\/?p=10895\"]}]},{\"@type\":\"BreadcrumbList\",\"@id\":\"https:\/\/alcaldiaalbertoadriani.com\/?p=10895#breadcrumb\",\"itemListElement\":[{\"@type\":\"ListItem\",\"position\":1,\"name\":\"Portada\",\"item\":\"https:\/\/alcaldiaalbertoadriani.com\/\"},{\"@type\":\"ListItem\",\"position\":2,\"name\":\"Ugradmaa de Alberto Adriani brind\u00f3 atenci\u00f3n primaria en Semana Santa\"}]},{\"@type\":\"WebSite\",\"@id\":\"https:\/\/alcaldiaalbertoadriani.com\/#website\",\"url\":\"https:\/\/alcaldiaalbertoadriani.com\/\",\"name\":\"Alcaldia Alberto Adriani\",\"description\":\"\",\"potentialAction\":[{\"@type\":\"SearchAction\",\"target\":{\"@type\":\"EntryPoint\",\"urlTemplate\":\"https:\/\/alcaldiaalbertoadriani.com\/?s={search_term_string}\"},\"query-input\":\"required name=search_term_string\"}],\"inLanguage\":\"es\"},{\"@type\":\"Person\",\"@id\":\"https:\/\/alcaldiaalbertoadriani.com\/#\/schema\/person\/549b4483ff8999ac780deeea78795fc9\",\"name\":\"Prensa\",\"image\":{\"@type\":\"ImageObject\",\"inLanguage\":\"es\",\"@id\":\"https:\/\/alcaldiaalbertoadriani.com\/#\/schema\/person\/image\/\",\"url\":\"https:\/\/secure.gravatar.com\/avatar\/ea1cb567ea992a29627f4eee1c2eb185ec16decec6342d508fdf18dedb56c9de?s=96&d=mm&r=g\",\"contentUrl\":\"https:\/\/secure.gravatar.com\/avatar\/ea1cb567ea992a29627f4eee1c2eb185ec16decec6342d508fdf18dedb56c9de?s=96&d=mm&r=g\",\"caption\":\"Prensa\"},\"url\":\"https:\/\/alcaldiaalbertoadriani.com\/?author=2\"}]}<\/script>\n<!-- \/ Yoast SEO plugin. -->","yoast_head_json":{"title":"Ugradmaa de Alberto Adriani brind\u00f3 atenci\u00f3n primaria","description":"Ugradmaa de Alberto Adriani brind\u00f3 atenci\u00f3n primaria en Semana Santa acompa\u00f1ando las diversas actividades promovidas por la Iglesia Cat\u00f3lica.","robots":{"index":"index","follow":"follow","max-snippet":"max-snippet:-1","max-image-preview":"max-image-preview:large","max-video-preview":"max-video-preview:-1"},"canonical":"https:\/\/alcaldiaalbertoadriani.com\/?p=10895","og_locale":"es_ES","og_type":"article","og_title":"Ugradmaa de Alberto Adriani brind\u00f3 atenci\u00f3n primaria","og_description":"Ugradmaa de Alberto Adriani brind\u00f3 atenci\u00f3n primaria en Semana Santa acompa\u00f1ando las diversas actividades promovidas por la Iglesia Cat\u00f3lica.","og_url":"https:\/\/alcaldiaalbertoadriani.com\/?p=10895","og_site_name":"Alcaldia Alberto Adriani","article_published_time":"2025-04-23T19:58:16+00:00","article_modified_time":"2025-04-23T19:58:20+00:00","og_image":[{"width":1080,"height":813,"url":"https:\/\/alcaldiaalbertoadriani.com\/wp-content\/uploads\/2025\/04\/photo_4920364141626109961_y.jpg","type":"image\/jpeg"}],"author":"Prensa","twitter_card":"summary_large_image","twitter_misc":{"Escrito por":"Prensa","Tiempo de lectura":"3 minutos"},"schema":{"@context":"https:\/\/schema.org","@graph":[{"@type":"WebPage","@id":"https:\/\/alcaldiaalbertoadriani.com\/?p=10895","url":"https:\/\/alcaldiaalbertoadriani.com\/?p=10895","name":"Ugradmaa de Alberto Adriani brind\u00f3 atenci\u00f3n primaria","isPartOf":{"@id":"https:\/\/alcaldiaalbertoadriani.com\/#website"},"datePublished":"2025-04-23T19:58:16+00:00","dateModified":"2025-04-23T19:58:20+00:00","author":{"@id":"https:\/\/alcaldiaalbertoadriani.com\/#\/schema\/person\/549b4483ff8999ac780deeea78795fc9"},"description":"Ugradmaa de Alberto Adriani brind\u00f3 atenci\u00f3n primaria en Semana Santa acompa\u00f1ando las diversas actividades promovidas por la Iglesia Cat\u00f3lica.","breadcrumb":{"@id":"https:\/\/alcaldiaalbertoadriani.com\/?p=10895#breadcrumb"},"inLanguage":"es","potentialAction":[{"@type":"ReadAction","target":["https:\/\/alcaldiaalbertoadriani.com\/?p=10895"]}]},{"@type":"BreadcrumbList","@id":"https:\/\/alcaldiaalbertoadriani.com\/?p=10895#breadcrumb","itemListElement":[{"@type":"ListItem","position":1,"name":"Portada","item":"https:\/\/alcaldiaalbertoadriani.com\/"},{"@type":"ListItem","position":2,"name":"Ugradmaa de Alberto Adriani brind\u00f3 atenci\u00f3n primaria en Semana Santa"}]},{"@type":"WebSite","@id":"https:\/\/alcaldiaalbertoadriani.com\/#website","url":"https:\/\/alcaldiaalbertoadriani.com\/","name":"Alcaldia Alberto Adriani","description":"","potentialAction":[{"@type":"SearchAction","target":{"@type":"EntryPoint","urlTemplate":"https:\/\/alcaldiaalbertoadriani.com\/?s={search_term_string}"},"query-input":"required name=search_term_string"}],"inLanguage":"es"},{"@type":"Person","@id":"https:\/\/alcaldiaalbertoadriani.com\/#\/schema\/person\/549b4483ff8999ac780deeea78795fc9","name":"Prensa","image":{"@type":"ImageObject","inLanguage":"es","@id":"https:\/\/alcaldiaalbertoadriani.com\/#\/schema\/person\/image\/","url":"https:\/\/secure.gravatar.com\/avatar\/ea1cb567ea992a29627f4eee1c2eb185ec16decec6342d508fdf18dedb56c9de?s=96&d=mm&r=g","contentUrl":"https:\/\/secure.gravatar.com\/avatar\/ea1cb567ea992a29627f4eee1c2eb185ec16decec6342d508fdf18dedb56c9de?s=96&d=mm&r=g","caption":"Prensa"},"url":"https:\/\/alcaldiaalbertoadriani.com\/?author=2"}]}},"_links":{"self":[{"href":"https:\/\/alcaldiaalbertoadriani.com\/index.php?rest_route=\/wp\/v2\/posts\/10895","targetHints":{"allow":["GET"]}}],"collection":[{"href":"https:\/\/alcaldiaalbertoadriani.com\/index.php?rest_route=\/wp\/v2\/posts"}],"about":[{"href":"https:\/\/alcaldiaalbertoadriani.com\/index.php?rest_route=\/wp\/v2\/types\/post"}],"author":[{"embeddable":true,"href":"https:\/\/alcaldiaalbertoadriani.com\/index.php?rest_route=\/wp\/v2\/users\/2"}],"replies":[{"embeddable":true,"href":"https:\/\/alcaldiaalbertoadriani.com\/index.php?rest_route=%2Fwp%2Fv2%2Fcomments&post=10895"}],"version-history":[{"count":1,"href":"https:\/\/alcaldiaalbertoadriani.com\/index.php?rest_route=\/wp\/v2\/posts\/10895\/revisions"}],"predecessor-version":[{"id":10904,"href":"https:\/\/alcaldiaalbertoadriani.com\/index.php?rest_route=\/wp\/v2\/posts\/10895\/revisions\/10904"}],"wp:featuredmedia":[{"embeddable":true,"href":"https:\/\/alcaldiaalbertoadriani.com\/index.php?rest_route=\/wp\/v2\/media\/10896"}],"wp:attachment":[{"href":"https:\/\/alcaldiaalbertoadriani.com\/index.php?rest_route=%2Fwp%2Fv2%2Fmedia&parent=10895"}],"wp:term":[{"taxonomy":"category","embeddable":true,"href":"https:\/\/alcaldiaalbertoadriani.com\/index.php?rest_route=%2Fwp%2Fv2%2Fcategories&post=10895"},{"taxonomy":"post_tag","embeddable":true,"href":"https:\/\/alcaldiaalbertoadriani.com\/index.php?rest_route=%2Fwp%2Fv2%2Ftags&post=10895"}],"curies":[{"name":"wp","href":"https:\/\/api.w.org\/{rel}","templated":true}]}}