{"id":1064,"date":"2022-10-28T02:11:57","date_gmt":"2022-10-28T02:11:57","guid":{"rendered":"https:\/\/alcaldiaalbertoadriani.com\/?p=1064"},"modified":"2022-10-28T05:42:30","modified_gmt":"2022-10-28T05:42:30","slug":"clebm-agua-el-vigi","status":"publish","type":"post","link":"https:\/\/alcaldiaalbertoadriani.com\/?p=1064","title":{"rendered":"Clebm conoci\u00f3 situaci\u00f3n cr\u00edtica del agua en El Vig\u00eda"},"content":{"rendered":"\n<p>Los legisladores del Consejo Legislativo del estado M\u00e9rida (Clebm) visitaron El Vig\u00eda para conocer la situaci\u00f3n <a href=\"https:\/\/alcaldiaalbertoadriani.com\/?p=1018\" target=\"_blank\" rel=\"noreferrer noopener\">cr\u00edtica del agua potable<\/a> en esta ciudad. Ello en atenci\u00f3n a una invitaci\u00f3n formal hecha por la Alcald\u00eda y el <a href=\"https:\/\/www.instagram.com\/camaramunicipalalbertoadriani\/\" target=\"_blank\" rel=\"noreferrer noopener\">Concejo Municipal de Alberto Adriani<\/a> a trav\u00e9s del legislador Manuel Mora Izarra. De esta manera saber de primera mano la crisis del servicio y sensibilizarse de la gravedad de la misma, con el prop\u00f3sito de juntos buscar las soluciones a esta problem\u00e1tica.<\/p>\n\n\n\n<p>El alcalde<a href=\"https:\/\/twitter.com\/lisandrosegura\" target=\"_blank\" rel=\"noreferrer noopener\"> Lisandro Segura<\/a> agradeci\u00f3 la presencia del presidente del Clebm Pedro \u00c1lvarez, la vicepresidente Delia Vera, los legisladores Manuel Mora Izarra, Liliana Guerrero, Franco Di Girolamo&nbsp;y Carlos Dur\u00e1n.<\/p>\n\n\n\n<p>En este sentido, se hizo una reuni\u00f3n previa en las instalaciones del Concejo Municipal. All\u00ed, se inform\u00f3 en t\u00e9rminos generales sobre la problem\u00e1tica para colocar en contexto a los legisladores.<\/p>\n\n\n\n<h2 class=\"wp-block-heading\">Recorrido con legisladores del Clebm<\/h2>\n\n\n\n<p>Luego, los legisladores con el alcalde realizaron el recorrido por las zonas afectadas que urgen atenci\u00f3n, en compa\u00f1\u00eda tambi\u00e9n de los concejales, consejeros del Consejo Local de Planificaci\u00f3n P\u00fablica y ciudadanos de distintos sectores de la sociedad civil del municipio.<\/p>\n\n\n\n<p>* El primer punto del recorrido fue la comunidad del sector Las Adjuntas de la parroquia H\u00e9ctor Amable Mora, all\u00ed la crecida del r\u00edo arras\u00f3 con el terrapl\u00e9n que soporta la tuber\u00eda que viene del dique toma El Cacique, principal alimentador de agua de la planta potabilizadora de Mucujepe.<\/p>\n\n\n\n<p>* El segundo punto fue a la altura del r\u00edo Chama y desde el puente se pudo evidenciar los trabajos que se vienen realizando para reparar la tuber\u00eda matriz que surte de agua a El Vig\u00eda. El alcalde comparti\u00f3 criterios con el titular de la hidrol\u00f3gica y legisladores del Clebm. Reafirm\u00f3 el apoyo del gobierno municipal con una m\u00e1quina tipo jumbo la cual trabaja desde el primer momento que se present\u00f3 la contingencia.<\/p>\n\n\n\n<p>* El tercer punto de la visita fue en los pozos profundos ubicados en Los pozones para que el presidente del Clebm y los legisladores pudieran evidenciar las condiciones en que se encuentran y la posibilidad de su recuperaci\u00f3n a futuro.<\/p>\n\n\n\n<h2 class=\"wp-block-heading\">Resultados de la visita<\/h2>\n\n\n\n<p>La visita de los legisladores al municipio permiti\u00f3 reafirmar la necesidad de hacer las mesas de trabajo por parte de la hidrol\u00f3gica Aguas de M\u00e9rida con las distintas instancias de gobierno (local, regional y nacional), as\u00ed como la incorporaci\u00f3n del Colegio de Ingenieros y los gremios de la sociedad organizada del municipio, para definir aspectos t\u00e9cnicos con relaci\u00f3n al servicio del agua, primero para resolver la contingencia y luego para construir soluciones a mediano y largo plazo como por ejemplo los pozos profundos.<\/p>\n\n\n\n<p>A tal efecto, fue oportuna la visita de los legisladores del Clebm y de la alcald\u00eda en el sitio de las afectaciones, pues permiti\u00f3 que el presidente de Aguas de M\u00e9rida asumiera el compromiso de llevar una m\u00e1quina tipo jumbo para recuperar el terrapl\u00e9n en el sector Las Adjuntas.<\/p>\n\n\n\n<p>Por parte de la alcald\u00eda, ya hay una m\u00e1quina tipo jumbo trabajando en la recuperaci\u00f3n de la vialidad agr\u00edcola en el sector antes mencionado.<\/p>\n\n\n\n<h2 class=\"wp-block-heading\">Disponibilidad presupuestaria para servicio de agua<\/h2>\n\n\n\n<p>El burgomaestre resalt\u00f3 la necesidad de un acuerdo entre los tres niveles de gobierno para darle soluci\u00f3n a la situaci\u00f3n cr\u00edtica del agua potable en El Vig\u00eda, pues la inversi\u00f3n es mil millonaria.<\/p>\n\n\n\n<p>Sin embargo, pese que el agua no es una competencia directa del gobierno municipal, est\u00e1 disponiendo para el pr\u00f3ximo a\u00f1o del 11% del total de los ingresos del municipio para dicha \u00e1rea. <strong>Prensa Alcald\u00eda Alberto Adriani\/Claribel Zambrano CNP: 11.843\/Fotos: Yorman Parra.<\/strong><\/p>\n\n\n\n<figure class=\"wp-block-gallery has-nested-images columns-default is-cropped wp-block-gallery-1 is-layout-flex wp-block-gallery-is-layout-flex\">\n<figure class=\"wp-block-image size-large\"><img loading=\"lazy\" decoding=\"async\" width=\"1024\" height=\"460\" data-id=\"1066\" src=\"https:\/\/alcaldiaalbertoadriani.com\/wp-content\/uploads\/2022\/10\/photo_2022-10-27_22-01-39-1024x460.jpg\" alt=\"\" class=\"wp-image-1066\" srcset=\"https:\/\/alcaldiaalbertoadriani.com\/wp-content\/uploads\/2022\/10\/photo_2022-10-27_22-01-39-1024x460.jpg 1024w, https:\/\/alcaldiaalbertoadriani.com\/wp-content\/uploads\/2022\/10\/photo_2022-10-27_22-01-39-980x440.jpg 980w, https:\/\/alcaldiaalbertoadriani.com\/wp-content\/uploads\/2022\/10\/photo_2022-10-27_22-01-39-480x216.jpg 480w\" sizes=\"auto, (min-width: 0px) and (max-width: 480px) 480px, (min-width: 481px) and (max-width: 980px) 980px, (min-width: 981px) 1024px, 100vw\" \/><\/figure>\n\n\n\n<figure class=\"wp-block-image size-large\"><img loading=\"lazy\" decoding=\"async\" width=\"1024\" height=\"766\" data-id=\"1069\" src=\"https:\/\/alcaldiaalbertoadriani.com\/wp-content\/uploads\/2022\/10\/photo_2022-10-27_22-01-40-2-1024x766.jpg\" alt=\"\" class=\"wp-image-1069\" srcset=\"https:\/\/alcaldiaalbertoadriani.com\/wp-content\/uploads\/2022\/10\/photo_2022-10-27_22-01-40-2-1024x766.jpg 1024w, https:\/\/alcaldiaalbertoadriani.com\/wp-content\/uploads\/2022\/10\/photo_2022-10-27_22-01-40-2-980x733.jpg 980w, https:\/\/alcaldiaalbertoadriani.com\/wp-content\/uploads\/2022\/10\/photo_2022-10-27_22-01-40-2-480x359.jpg 480w\" sizes=\"auto, (min-width: 0px) and (max-width: 480px) 480px, (min-width: 481px) and (max-width: 980px) 980px, (min-width: 981px) 1024px, 100vw\" \/><\/figure>\n\n\n\n<figure class=\"wp-block-image size-large\"><img loading=\"lazy\" decoding=\"async\" width=\"1024\" height=\"766\" data-id=\"1067\" src=\"https:\/\/alcaldiaalbertoadriani.com\/wp-content\/uploads\/2022\/10\/photo_2022-10-27_22-01-40-1024x766.jpg\" alt=\"\" class=\"wp-image-1067\" srcset=\"https:\/\/alcaldiaalbertoadriani.com\/wp-content\/uploads\/2022\/10\/photo_2022-10-27_22-01-40-1024x766.jpg 1024w, https:\/\/alcaldiaalbertoadriani.com\/wp-content\/uploads\/2022\/10\/photo_2022-10-27_22-01-40-980x733.jpg 980w, https:\/\/alcaldiaalbertoadriani.com\/wp-content\/uploads\/2022\/10\/photo_2022-10-27_22-01-40-480x359.jpg 480w\" sizes=\"auto, (min-width: 0px) and (max-width: 480px) 480px, (min-width: 481px) and (max-width: 980px) 980px, (min-width: 981px) 1024px, 100vw\" \/><\/figure>\n\n\n\n<figure class=\"wp-block-image size-large\"><img loading=\"lazy\" decoding=\"async\" width=\"1024\" height=\"766\" data-id=\"1071\" src=\"https:\/\/alcaldiaalbertoadriani.com\/wp-content\/uploads\/2022\/10\/photo_2022-10-27_22-01-41-1024x766.jpg\" alt=\"\" class=\"wp-image-1071\" srcset=\"https:\/\/alcaldiaalbertoadriani.com\/wp-content\/uploads\/2022\/10\/photo_2022-10-27_22-01-41-1024x766.jpg 1024w, https:\/\/alcaldiaalbertoadriani.com\/wp-content\/uploads\/2022\/10\/photo_2022-10-27_22-01-41-980x733.jpg 980w, https:\/\/alcaldiaalbertoadriani.com\/wp-content\/uploads\/2022\/10\/photo_2022-10-27_22-01-41-480x359.jpg 480w\" sizes=\"auto, (min-width: 0px) and (max-width: 480px) 480px, (min-width: 481px) and (max-width: 980px) 980px, (min-width: 981px) 1024px, 100vw\" \/><\/figure>\n\n\n\n<figure class=\"wp-block-image size-large\"><img loading=\"lazy\" decoding=\"async\" width=\"1024\" height=\"1024\" data-id=\"1073\" src=\"https:\/\/alcaldiaalbertoadriani.com\/wp-content\/uploads\/2022\/10\/photo_2022-10-27_22-01-42-2-1024x1024.jpg\" alt=\"\" class=\"wp-image-1073\" srcset=\"https:\/\/alcaldiaalbertoadriani.com\/wp-content\/uploads\/2022\/10\/photo_2022-10-27_22-01-42-2-1024x1024.jpg 1024w, https:\/\/alcaldiaalbertoadriani.com\/wp-content\/uploads\/2022\/10\/photo_2022-10-27_22-01-42-2-980x980.jpg 980w, https:\/\/alcaldiaalbertoadriani.com\/wp-content\/uploads\/2022\/10\/photo_2022-10-27_22-01-42-2-480x480.jpg 480w\" sizes=\"auto, (min-width: 0px) and (max-width: 480px) 480px, (min-width: 481px) and (max-width: 980px) 980px, (min-width: 981px) 1024px, 100vw\" \/><\/figure>\n\n\n\n<figure class=\"wp-block-image size-large\"><img loading=\"lazy\" decoding=\"async\" width=\"1024\" height=\"766\" data-id=\"1068\" src=\"https:\/\/alcaldiaalbertoadriani.com\/wp-content\/uploads\/2022\/10\/photo_2022-10-27_22-01-42-1024x766.jpg\" alt=\"\" class=\"wp-image-1068\" srcset=\"https:\/\/alcaldiaalbertoadriani.com\/wp-content\/uploads\/2022\/10\/photo_2022-10-27_22-01-42-1024x766.jpg 1024w, https:\/\/alcaldiaalbertoadriani.com\/wp-content\/uploads\/2022\/10\/photo_2022-10-27_22-01-42-980x733.jpg 980w, https:\/\/alcaldiaalbertoadriani.com\/wp-content\/uploads\/2022\/10\/photo_2022-10-27_22-01-42-480x359.jpg 480w\" sizes=\"auto, (min-width: 0px) and (max-width: 480px) 480px, (min-width: 481px) and (max-width: 980px) 980px, (min-width: 981px) 1024px, 100vw\" \/><\/figure>\n\n\n\n<figure class=\"wp-block-image size-large\"><img loading=\"lazy\" decoding=\"async\" width=\"1024\" height=\"1024\" data-id=\"1075\" src=\"https:\/\/alcaldiaalbertoadriani.com\/wp-content\/uploads\/2022\/10\/photo_2022-10-27_22-01-43-2-1024x1024.jpg\" alt=\"\" class=\"wp-image-1075\" srcset=\"https:\/\/alcaldiaalbertoadriani.com\/wp-content\/uploads\/2022\/10\/photo_2022-10-27_22-01-43-2-1024x1024.jpg 1024w, https:\/\/alcaldiaalbertoadriani.com\/wp-content\/uploads\/2022\/10\/photo_2022-10-27_22-01-43-2-980x980.jpg 980w, https:\/\/alcaldiaalbertoadriani.com\/wp-content\/uploads\/2022\/10\/photo_2022-10-27_22-01-43-2-480x480.jpg 480w\" sizes=\"auto, (min-width: 0px) and (max-width: 480px) 480px, (min-width: 481px) and (max-width: 980px) 980px, (min-width: 981px) 1024px, 100vw\" \/><\/figure>\n\n\n\n<figure class=\"wp-block-image size-large\"><img loading=\"lazy\" decoding=\"async\" width=\"1024\" height=\"1024\" data-id=\"1074\" src=\"https:\/\/alcaldiaalbertoadriani.com\/wp-content\/uploads\/2022\/10\/photo_2022-10-27_22-01-43-1024x1024.jpg\" alt=\"\" class=\"wp-image-1074\" srcset=\"https:\/\/alcaldiaalbertoadriani.com\/wp-content\/uploads\/2022\/10\/photo_2022-10-27_22-01-43-1024x1024.jpg 1024w, https:\/\/alcaldiaalbertoadriani.com\/wp-content\/uploads\/2022\/10\/photo_2022-10-27_22-01-43-980x980.jpg 980w, https:\/\/alcaldiaalbertoadriani.com\/wp-content\/uploads\/2022\/10\/photo_2022-10-27_22-01-43-480x480.jpg 480w\" sizes=\"auto, (min-width: 0px) and (max-width: 480px) 480px, (min-width: 481px) and (max-width: 980px) 980px, (min-width: 981px) 1024px, 100vw\" \/><\/figure>\n\n\n\n<figure class=\"wp-block-image size-large\"><img loading=\"lazy\" decoding=\"async\" width=\"1024\" height=\"1024\" data-id=\"1070\" src=\"https:\/\/alcaldiaalbertoadriani.com\/wp-content\/uploads\/2022\/10\/photo_2022-10-27_22-01-45-1024x1024.jpg\" alt=\"\" class=\"wp-image-1070\" srcset=\"https:\/\/alcaldiaalbertoadriani.com\/wp-content\/uploads\/2022\/10\/photo_2022-10-27_22-01-45-1024x1024.jpg 1024w, https:\/\/alcaldiaalbertoadriani.com\/wp-content\/uploads\/2022\/10\/photo_2022-10-27_22-01-45-980x980.jpg 980w, https:\/\/alcaldiaalbertoadriani.com\/wp-content\/uploads\/2022\/10\/photo_2022-10-27_22-01-45-480x480.jpg 480w\" sizes=\"auto, (min-width: 0px) and (max-width: 480px) 480px, (min-width: 481px) and (max-width: 980px) 980px, (min-width: 981px) 1024px, 100vw\" \/><\/figure>\n<\/figure>\n\n\n\n<figure class=\"wp-block-embed is-type-video is-provider-youtube wp-block-embed-youtube wp-embed-aspect-16-9 wp-has-aspect-ratio\"><div class=\"wp-block-embed__wrapper\">\n<iframe loading=\"lazy\" title=\"Municipalidad dio a conocer situaci\u00f3n cr\u00edtica del agua potable a legisladores del Clebm\" width=\"1080\" height=\"608\" src=\"https:\/\/www.youtube.com\/embed\/68FJrUjw0Sg?feature=oembed\"  allow=\"accelerometer; autoplay; clipboard-write; encrypted-media; gyroscope; picture-in-picture\" allowfullscreen><\/iframe>\n<\/div><\/figure>\n","protected":false},"excerpt":{"rendered":"<p>Los legisladores del Consejo Legislativo del estado M\u00e9rida (Clebm) visitaron El Vig\u00eda para conocer la situaci\u00f3n cr\u00edtica del agua potable en esta ciudad. Ello en atenci\u00f3n a una invitaci\u00f3n formal [&hellip;]<\/p>\n","protected":false},"author":2,"featured_media":1072,"comment_status":"closed","ping_status":"closed","sticky":false,"template":"","format":"standard","meta":{"_et_pb_use_builder":"off","_et_pb_old_content":"","_et_gb_content_width":"","footnotes":""},"categories":[25],"tags":[31,11,12,15,30,29,28,236,238,237],"class_list":["post-1064","post","type-post","status-publish","format-standard","has-post-thumbnail","hentry","category-nuestro-municipio","tag-alcalde","tag-alcaldia","tag-alcaldiaalbertoadriani","tag-elvigia","tag-lisandrosegura","tag-municipioquenosmerecemos","tag-porelrenacer","tag-clebm-agua-el-vigia","tag-problema-agua","tag-recorrido"],"yoast_head":"<!-- This site is optimized with the Yoast SEO plugin v19.13 - https:\/\/yoast.com\/wordpress\/plugins\/seo\/ -->\n<title>Clebm conoci\u00f3 situaci\u00f3n cr\u00edtica del agua en El Vig\u00eda - Alcaldia Alberto Adriani<\/title>\n<meta name=\"description\" content=\"Los legisladores del Clebm visitaron El Vig\u00eda para conocer la situaci\u00f3n cr\u00edtica del agua potable en esta ciudad.\" \/>\n<meta name=\"robots\" content=\"index, follow, max-snippet:-1, max-image-preview:large, max-video-preview:-1\" \/>\n<link rel=\"canonical\" href=\"https:\/\/alcaldiaalbertoadriani.com\/?p=1064\" \/>\n<meta property=\"og:locale\" content=\"es_ES\" \/>\n<meta property=\"og:type\" content=\"article\" \/>\n<meta property=\"og:title\" content=\"Clebm conoci\u00f3 situaci\u00f3n cr\u00edtica del agua en El Vig\u00eda - Alcaldia Alberto Adriani\" \/>\n<meta property=\"og:description\" content=\"Los legisladores del Clebm visitaron El Vig\u00eda para conocer la situaci\u00f3n cr\u00edtica del agua potable en esta ciudad.\" \/>\n<meta property=\"og:url\" content=\"https:\/\/alcaldiaalbertoadriani.com\/?p=1064\" \/>\n<meta property=\"og:site_name\" content=\"Alcaldia Alberto Adriani\" \/>\n<meta property=\"article:published_time\" content=\"2022-10-28T02:11:57+00:00\" \/>\n<meta property=\"article:modified_time\" content=\"2022-10-28T05:42:30+00:00\" \/>\n<meta property=\"og:image\" content=\"https:\/\/alcaldiaalbertoadriani.com\/wp-content\/uploads\/2022\/10\/photo_2022-10-27_22-01-44.jpg\" \/>\n\t<meta property=\"og:image:width\" content=\"1280\" \/>\n\t<meta property=\"og:image:height\" content=\"1280\" \/>\n\t<meta property=\"og:image:type\" content=\"image\/jpeg\" \/>\n<meta name=\"author\" content=\"Prensa\" \/>\n<meta name=\"twitter:card\" content=\"summary_large_image\" \/>\n<meta name=\"twitter:label1\" content=\"Escrito por\" \/>\n\t<meta name=\"twitter:data1\" content=\"Prensa\" \/>\n\t<meta name=\"twitter:label2\" content=\"Tiempo de lectura\" \/>\n\t<meta name=\"twitter:data2\" content=\"5 minutos\" \/>\n<script type=\"application\/ld+json\" class=\"yoast-schema-graph\">{\"@context\":\"https:\/\/schema.org\",\"@graph\":[{\"@type\":\"WebPage\",\"@id\":\"https:\/\/alcaldiaalbertoadriani.com\/?p=1064\",\"url\":\"https:\/\/alcaldiaalbertoadriani.com\/?p=1064\",\"name\":\"Clebm conoci\u00f3 situaci\u00f3n cr\u00edtica del agua en El Vig\u00eda - Alcaldia Alberto Adriani\",\"isPartOf\":{\"@id\":\"https:\/\/alcaldiaalbertoadriani.com\/#website\"},\"datePublished\":\"2022-10-28T02:11:57+00:00\",\"dateModified\":\"2022-10-28T05:42:30+00:00\",\"author\":{\"@id\":\"https:\/\/alcaldiaalbertoadriani.com\/#\/schema\/person\/549b4483ff8999ac780deeea78795fc9\"},\"description\":\"Los legisladores del Clebm visitaron El Vig\u00eda para conocer la situaci\u00f3n cr\u00edtica del agua potable en esta ciudad.\",\"breadcrumb\":{\"@id\":\"https:\/\/alcaldiaalbertoadriani.com\/?p=1064#breadcrumb\"},\"inLanguage\":\"es\",\"potentialAction\":[{\"@type\":\"ReadAction\",\"target\":[\"https:\/\/alcaldiaalbertoadriani.com\/?p=1064\"]}]},{\"@type\":\"BreadcrumbList\",\"@id\":\"https:\/\/alcaldiaalbertoadriani.com\/?p=1064#breadcrumb\",\"itemListElement\":[{\"@type\":\"ListItem\",\"position\":1,\"name\":\"Portada\",\"item\":\"https:\/\/alcaldiaalbertoadriani.com\/\"},{\"@type\":\"ListItem\",\"position\":2,\"name\":\"Clebm conoci\u00f3 situaci\u00f3n cr\u00edtica del agua en El Vig\u00eda\"}]},{\"@type\":\"WebSite\",\"@id\":\"https:\/\/alcaldiaalbertoadriani.com\/#website\",\"url\":\"https:\/\/alcaldiaalbertoadriani.com\/\",\"name\":\"Alcaldia Alberto Adriani\",\"description\":\"\",\"potentialAction\":[{\"@type\":\"SearchAction\",\"target\":{\"@type\":\"EntryPoint\",\"urlTemplate\":\"https:\/\/alcaldiaalbertoadriani.com\/?s={search_term_string}\"},\"query-input\":\"required name=search_term_string\"}],\"inLanguage\":\"es\"},{\"@type\":\"Person\",\"@id\":\"https:\/\/alcaldiaalbertoadriani.com\/#\/schema\/person\/549b4483ff8999ac780deeea78795fc9\",\"name\":\"Prensa\",\"image\":{\"@type\":\"ImageObject\",\"inLanguage\":\"es\",\"@id\":\"https:\/\/alcaldiaalbertoadriani.com\/#\/schema\/person\/image\/\",\"url\":\"https:\/\/secure.gravatar.com\/avatar\/ea1cb567ea992a29627f4eee1c2eb185ec16decec6342d508fdf18dedb56c9de?s=96&d=mm&r=g\",\"contentUrl\":\"https:\/\/secure.gravatar.com\/avatar\/ea1cb567ea992a29627f4eee1c2eb185ec16decec6342d508fdf18dedb56c9de?s=96&d=mm&r=g\",\"caption\":\"Prensa\"},\"url\":\"https:\/\/alcaldiaalbertoadriani.com\/?author=2\"}]}<\/script>\n<!-- \/ Yoast SEO plugin. -->","yoast_head_json":{"title":"Clebm conoci\u00f3 situaci\u00f3n cr\u00edtica del agua en El Vig\u00eda - Alcaldia Alberto Adriani","description":"Los legisladores del Clebm visitaron El Vig\u00eda para conocer la situaci\u00f3n cr\u00edtica del agua potable en esta ciudad.","robots":{"index":"index","follow":"follow","max-snippet":"max-snippet:-1","max-image-preview":"max-image-preview:large","max-video-preview":"max-video-preview:-1"},"canonical":"https:\/\/alcaldiaalbertoadriani.com\/?p=1064","og_locale":"es_ES","og_type":"article","og_title":"Clebm conoci\u00f3 situaci\u00f3n cr\u00edtica del agua en El Vig\u00eda - Alcaldia Alberto Adriani","og_description":"Los legisladores del Clebm visitaron El Vig\u00eda para conocer la situaci\u00f3n cr\u00edtica del agua potable en esta ciudad.","og_url":"https:\/\/alcaldiaalbertoadriani.com\/?p=1064","og_site_name":"Alcaldia Alberto Adriani","article_published_time":"2022-10-28T02:11:57+00:00","article_modified_time":"2022-10-28T05:42:30+00:00","og_image":[{"width":1280,"height":1280,"url":"https:\/\/alcaldiaalbertoadriani.com\/wp-content\/uploads\/2022\/10\/photo_2022-10-27_22-01-44.jpg","type":"image\/jpeg"}],"author":"Prensa","twitter_card":"summary_large_image","twitter_misc":{"Escrito por":"Prensa","Tiempo de lectura":"5 minutos"},"schema":{"@context":"https:\/\/schema.org","@graph":[{"@type":"WebPage","@id":"https:\/\/alcaldiaalbertoadriani.com\/?p=1064","url":"https:\/\/alcaldiaalbertoadriani.com\/?p=1064","name":"Clebm conoci\u00f3 situaci\u00f3n cr\u00edtica del agua en El Vig\u00eda - Alcaldia Alberto Adriani","isPartOf":{"@id":"https:\/\/alcaldiaalbertoadriani.com\/#website"},"datePublished":"2022-10-28T02:11:57+00:00","dateModified":"2022-10-28T05:42:30+00:00","author":{"@id":"https:\/\/alcaldiaalbertoadriani.com\/#\/schema\/person\/549b4483ff8999ac780deeea78795fc9"},"description":"Los legisladores del Clebm visitaron El Vig\u00eda para conocer la situaci\u00f3n cr\u00edtica del agua potable en esta ciudad.","breadcrumb":{"@id":"https:\/\/alcaldiaalbertoadriani.com\/?p=1064#breadcrumb"},"inLanguage":"es","potentialAction":[{"@type":"ReadAction","target":["https:\/\/alcaldiaalbertoadriani.com\/?p=1064"]}]},{"@type":"BreadcrumbList","@id":"https:\/\/alcaldiaalbertoadriani.com\/?p=1064#breadcrumb","itemListElement":[{"@type":"ListItem","position":1,"name":"Portada","item":"https:\/\/alcaldiaalbertoadriani.com\/"},{"@type":"ListItem","position":2,"name":"Clebm conoci\u00f3 situaci\u00f3n cr\u00edtica del agua en El Vig\u00eda"}]},{"@type":"WebSite","@id":"https:\/\/alcaldiaalbertoadriani.com\/#website","url":"https:\/\/alcaldiaalbertoadriani.com\/","name":"Alcaldia Alberto Adriani","description":"","potentialAction":[{"@type":"SearchAction","target":{"@type":"EntryPoint","urlTemplate":"https:\/\/alcaldiaalbertoadriani.com\/?s={search_term_string}"},"query-input":"required name=search_term_string"}],"inLanguage":"es"},{"@type":"Person","@id":"https:\/\/alcaldiaalbertoadriani.com\/#\/schema\/person\/549b4483ff8999ac780deeea78795fc9","name":"Prensa","image":{"@type":"ImageObject","inLanguage":"es","@id":"https:\/\/alcaldiaalbertoadriani.com\/#\/schema\/person\/image\/","url":"https:\/\/secure.gravatar.com\/avatar\/ea1cb567ea992a29627f4eee1c2eb185ec16decec6342d508fdf18dedb56c9de?s=96&d=mm&r=g","contentUrl":"https:\/\/secure.gravatar.com\/avatar\/ea1cb567ea992a29627f4eee1c2eb185ec16decec6342d508fdf18dedb56c9de?s=96&d=mm&r=g","caption":"Prensa"},"url":"https:\/\/alcaldiaalbertoadriani.com\/?author=2"}]}},"_links":{"self":[{"href":"https:\/\/alcaldiaalbertoadriani.com\/index.php?rest_route=\/wp\/v2\/posts\/1064","targetHints":{"allow":["GET"]}}],"collection":[{"href":"https:\/\/alcaldiaalbertoadriani.com\/index.php?rest_route=\/wp\/v2\/posts"}],"about":[{"href":"https:\/\/alcaldiaalbertoadriani.com\/index.php?rest_route=\/wp\/v2\/types\/post"}],"author":[{"embeddable":true,"href":"https:\/\/alcaldiaalbertoadriani.com\/index.php?rest_route=\/wp\/v2\/users\/2"}],"replies":[{"embeddable":true,"href":"https:\/\/alcaldiaalbertoadriani.com\/index.php?rest_route=%2Fwp%2Fv2%2Fcomments&post=1064"}],"version-history":[{"count":4,"href":"https:\/\/alcaldiaalbertoadriani.com\/index.php?rest_route=\/wp\/v2\/posts\/1064\/revisions"}],"predecessor-version":[{"id":1093,"href":"https:\/\/alcaldiaalbertoadriani.com\/index.php?rest_route=\/wp\/v2\/posts\/1064\/revisions\/1093"}],"wp:featuredmedia":[{"embeddable":true,"href":"https:\/\/alcaldiaalbertoadriani.com\/index.php?rest_route=\/wp\/v2\/media\/1072"}],"wp:attachment":[{"href":"https:\/\/alcaldiaalbertoadriani.com\/index.php?rest_route=%2Fwp%2Fv2%2Fmedia&parent=1064"}],"wp:term":[{"taxonomy":"category","embeddable":true,"href":"https:\/\/alcaldiaalbertoadriani.com\/index.php?rest_route=%2Fwp%2Fv2%2Fcategories&post=1064"},{"taxonomy":"post_tag","embeddable":true,"href":"https:\/\/alcaldiaalbertoadriani.com\/index.php?rest_route=%2Fwp%2Fv2%2Ftags&post=1064"}],"curies":[{"name":"wp","href":"https:\/\/api.w.org\/{rel}","templated":true}]}}