{"id":10291,"date":"2025-03-07T16:13:12","date_gmt":"2025-03-07T16:13:12","guid":{"rendered":"https:\/\/alcaldiaalbertoadriani.com\/?p=10291"},"modified":"2025-03-07T16:13:24","modified_gmt":"2025-03-07T16:13:24","slug":"con-colorido-y-alegria-el-vigia-celebro-gran-desfile-de-carnaval","status":"publish","type":"post","link":"https:\/\/alcaldiaalbertoadriani.com\/?p=10291","title":{"rendered":"Con colorido y alegr\u00eda El Vig\u00eda celebr\u00f3 gran Desfile de Carnaval 2025"},"content":{"rendered":"\n<p><\/p>\n\n\n\n<p>El Gobierno del alcalde <a href=\"https:\/\/www.instagram.com\/lisandrosegura02\/\" target=\"_blank\" rel=\"noreferrer noopener\">Lisandro Segura<\/a> a trav\u00e9s del <a href=\"https:\/\/alcaldiaalbertoadriani.com\/?p=7196\" target=\"_blank\" rel=\"noreferrer noopener\">Instituto Aut\u00f3nomo Municipal de la Cultura<\/a>, realiz\u00f3 exitosamente el <a href=\"https:\/\/alcaldiaalbertoadriani.com\/?p=10225\" target=\"_blank\" rel=\"noreferrer noopener\">Desfile de Carnaval El Vig\u00eda 2025<\/a>.<\/p>\n\n\n\n<p>El evento estuvo acompa\u00f1ado por el alcalde <a href=\"https:\/\/www.instagram.com\/lisandrosegura02\/\" target=\"_blank\" rel=\"noreferrer noopener\">Lisandro Segura<\/a> junto con Yudith Parra, primera Dama del municipio Alberto Adriani y el Tren ejecutivo.<\/p>\n\n\n\n<p>El alcalde expres\u00f3 su satisfacci\u00f3n por el nutrido desfile, adem\u00e1s, por ofrecer actividades que permiten la recreaci\u00f3n y el sano esparcimiento de los vig\u00edenses.<\/p>\n\n\n\n<figure class=\"wp-block-gallery has-nested-images columns-default is-cropped wp-block-gallery-1 is-layout-flex wp-block-gallery-is-layout-flex\">\n<figure class=\"wp-block-image size-large\"><img loading=\"lazy\" decoding=\"async\" width=\"1024\" height=\"768\" data-id=\"10293\" src=\"https:\/\/alcaldiaalbertoadriani.com\/wp-content\/uploads\/2025\/03\/photo_5062131606088692172_y-1024x768.jpg\" alt=\"\" class=\"wp-image-10293\" srcset=\"https:\/\/alcaldiaalbertoadriani.com\/wp-content\/uploads\/2025\/03\/photo_5062131606088692172_y-1024x768.jpg 1024w, https:\/\/alcaldiaalbertoadriani.com\/wp-content\/uploads\/2025\/03\/photo_5062131606088692172_y-980x735.jpg 980w, https:\/\/alcaldiaalbertoadriani.com\/wp-content\/uploads\/2025\/03\/photo_5062131606088692172_y-480x360.jpg 480w\" sizes=\"auto, (min-width: 0px) and (max-width: 480px) 480px, (min-width: 481px) and (max-width: 980px) 980px, (min-width: 981px) 1024px, 100vw\" \/><\/figure>\n<\/figure>\n\n\n\n<p>El punto de concentraci\u00f3n e inicio del recorrido tuvo lugar en el enlace vial &#8220;Omaira Candela de Quintero&#8221;, pasando por la sede de la Alcald\u00eda en la avenida Bol\u00edvar. Luego hacia la calle 3, avenida 16, y seguidamente por la avenida 15 para finalizar en el Palacio de Justicia donde se ubic\u00f3 la tarima<\/p>\n\n\n\n<figure class=\"wp-block-gallery has-nested-images columns-default is-cropped wp-block-gallery-2 is-layout-flex wp-block-gallery-is-layout-flex\">\n<figure class=\"wp-block-image size-large\"><img loading=\"lazy\" decoding=\"async\" width=\"1024\" height=\"768\" data-id=\"10294\" src=\"https:\/\/alcaldiaalbertoadriani.com\/wp-content\/uploads\/2025\/03\/photo_5062131606088692171_y-1024x768.jpg\" alt=\"\" class=\"wp-image-10294\" srcset=\"https:\/\/alcaldiaalbertoadriani.com\/wp-content\/uploads\/2025\/03\/photo_5062131606088692171_y-1024x768.jpg 1024w, https:\/\/alcaldiaalbertoadriani.com\/wp-content\/uploads\/2025\/03\/photo_5062131606088692171_y-980x735.jpg 980w, https:\/\/alcaldiaalbertoadriani.com\/wp-content\/uploads\/2025\/03\/photo_5062131606088692171_y-480x360.jpg 480w\" sizes=\"auto, (min-width: 0px) and (max-width: 480px) 480px, (min-width: 481px) and (max-width: 980px) 980px, (min-width: 981px) 1024px, 100vw\" \/><\/figure>\n<\/figure>\n\n\n\n<h2 class=\"wp-block-heading\"><strong>Presentaciones<\/strong><\/h2>\n\n\n\n<p>Keibert Rojas, presidente del <a href=\"https:\/\/alcaldiaalbertoadriani.com\/?p=6506\" target=\"_blank\" rel=\"noreferrer noopener\">Iamcaa<\/a>,\u00a0 dijo que &#8220;un total de ocho bandas shows de la localidad participaron en el colorido desfile, adem\u00e1s de carrozas, comparsas y disfraces, llenando de alegr\u00eda a los vigienses a pesar de la situaci\u00f3n del pa\u00eds&#8221;.<\/p>\n\n\n\n<p>Un jurado calificador evalu\u00f3 las distintas presentaciones,&nbsp; por lo cual, el mejor disfraz infantil lo obtuvieron &#8220;Maravillas de El Vig\u00eda&#8221;, &#8220;Flor de Cayena&#8221; y \u201cGal\u00e1ctico&#8221;.<\/p>\n\n\n\n<figure class=\"wp-block-gallery has-nested-images columns-default is-cropped wp-block-gallery-3 is-layout-flex wp-block-gallery-is-layout-flex\">\n<figure class=\"wp-block-image size-large\"><img loading=\"lazy\" decoding=\"async\" width=\"1024\" height=\"768\" data-id=\"10302\" src=\"https:\/\/alcaldiaalbertoadriani.com\/wp-content\/uploads\/2025\/03\/photo_5053579780741508979_y-1024x768.jpg\" alt=\"\" class=\"wp-image-10302\" srcset=\"https:\/\/alcaldiaalbertoadriani.com\/wp-content\/uploads\/2025\/03\/photo_5053579780741508979_y-1024x768.jpg 1024w, https:\/\/alcaldiaalbertoadriani.com\/wp-content\/uploads\/2025\/03\/photo_5053579780741508979_y-980x735.jpg 980w, https:\/\/alcaldiaalbertoadriani.com\/wp-content\/uploads\/2025\/03\/photo_5053579780741508979_y-480x360.jpg 480w\" sizes=\"auto, (min-width: 0px) and (max-width: 480px) 480px, (min-width: 481px) and (max-width: 980px) 980px, (min-width: 981px) 1024px, 100vw\" \/><\/figure>\n<\/figure>\n\n\n\n<p>En cuanto al mejor disfraz adulto, ganaron &#8220;Mamasantos&#8221;, &#8220;Rey de la Selva&#8221; y &#8220;Samba y Carnaval\u201d.<\/p>\n\n\n\n<figure class=\"wp-block-gallery has-nested-images columns-default is-cropped wp-block-gallery-4 is-layout-flex wp-block-gallery-is-layout-flex\">\n<figure class=\"wp-block-image size-large\"><img loading=\"lazy\" decoding=\"async\" width=\"1024\" height=\"768\" data-id=\"10303\" src=\"https:\/\/alcaldiaalbertoadriani.com\/wp-content\/uploads\/2025\/03\/photo_5053579780741508983_y-1024x768.jpg\" alt=\"\" class=\"wp-image-10303\" srcset=\"https:\/\/alcaldiaalbertoadriani.com\/wp-content\/uploads\/2025\/03\/photo_5053579780741508983_y-1024x768.jpg 1024w, https:\/\/alcaldiaalbertoadriani.com\/wp-content\/uploads\/2025\/03\/photo_5053579780741508983_y-980x735.jpg 980w, https:\/\/alcaldiaalbertoadriani.com\/wp-content\/uploads\/2025\/03\/photo_5053579780741508983_y-480x360.jpg 480w\" sizes=\"auto, (min-width: 0px) and (max-width: 480px) 480px, (min-width: 481px) and (max-width: 980px) 980px, (min-width: 981px) 1024px, 100vw\" \/><\/figure>\n<\/figure>\n\n\n\n<p>Asimismo, las mejores carrozas fueron &#8220;India Caribay&#8221;, &#8220;Plaza Real&#8221; y el \u201cCastillo de la Princesa&#8221;. En comparsas destacaron &#8220;Avatar&#8221;, &#8220;Inteligencia Artificial&#8221; y &#8220;Chidance&#8221;.<\/p>\n\n\n\n<figure class=\"wp-block-gallery has-nested-images columns-default is-cropped wp-block-gallery-5 is-layout-flex wp-block-gallery-is-layout-flex\"><\/figure>\n\n\n\n<p>Para cerrar con broche de oro la actividad, diversas agrupaciones musicales y el talento local se presentaron cautivando al p\u00fablico.<\/p>\n\n\n\n<p>Importante destacar el trabajo desempe\u00f1ado por parte de los funcionarios de la Unidad de Gesti\u00f3n de Riesgo y Administraci\u00f3n de Desastres \u2013<a href=\"https:\/\/alcaldiaalbertoadriani.com\/?p=9640\" target=\"_blank\" rel=\"noreferrer noopener\">Ugradmaa<\/a>&#8211; del Ayuntamiento y los distintos organismos de seguridad local y regional que se encargaron de la seguridad e integridad f\u00edsica de los asistentes. <strong><em>Prensa Alcald\u00eda Alberto Adriani\/EdgarMendoza CNP 25.7367Fotos: Prensa AAA.<\/em><\/strong><\/p>\n\n\n\n<figure class=\"wp-block-gallery has-nested-images columns-default is-cropped wp-block-gallery-6 is-layout-flex wp-block-gallery-is-layout-flex\">\n<figure class=\"wp-block-image size-large\"><img loading=\"lazy\" decoding=\"async\" width=\"1024\" height=\"768\" data-id=\"10297\" src=\"https:\/\/alcaldiaalbertoadriani.com\/wp-content\/uploads\/2025\/03\/photo_5062131606088692165_y-1024x768.jpg\" alt=\"\" class=\"wp-image-10297\" srcset=\"https:\/\/alcaldiaalbertoadriani.com\/wp-content\/uploads\/2025\/03\/photo_5062131606088692165_y-1024x768.jpg 1024w, https:\/\/alcaldiaalbertoadriani.com\/wp-content\/uploads\/2025\/03\/photo_5062131606088692165_y-980x735.jpg 980w, https:\/\/alcaldiaalbertoadriani.com\/wp-content\/uploads\/2025\/03\/photo_5062131606088692165_y-480x360.jpg 480w\" sizes=\"auto, (min-width: 0px) and (max-width: 480px) 480px, (min-width: 481px) and (max-width: 980px) 980px, (min-width: 981px) 1024px, 100vw\" \/><\/figure>\n\n\n\n<figure class=\"wp-block-image size-large\"><img loading=\"lazy\" decoding=\"async\" width=\"1024\" height=\"768\" data-id=\"10299\" src=\"https:\/\/alcaldiaalbertoadriani.com\/wp-content\/uploads\/2025\/03\/photo_5062131606088692167_y-1024x768.jpg\" alt=\"\" class=\"wp-image-10299\" srcset=\"https:\/\/alcaldiaalbertoadriani.com\/wp-content\/uploads\/2025\/03\/photo_5062131606088692167_y-1024x768.jpg 1024w, https:\/\/alcaldiaalbertoadriani.com\/wp-content\/uploads\/2025\/03\/photo_5062131606088692167_y-980x735.jpg 980w, https:\/\/alcaldiaalbertoadriani.com\/wp-content\/uploads\/2025\/03\/photo_5062131606088692167_y-480x360.jpg 480w\" sizes=\"auto, (min-width: 0px) and (max-width: 480px) 480px, (min-width: 481px) and (max-width: 980px) 980px, (min-width: 981px) 1024px, 100vw\" \/><\/figure>\n\n\n\n<figure class=\"wp-block-image size-large\"><img loading=\"lazy\" decoding=\"async\" width=\"1024\" height=\"768\" data-id=\"10296\" src=\"https:\/\/alcaldiaalbertoadriani.com\/wp-content\/uploads\/2025\/03\/photo_5062131606088692173_y-1024x768.jpg\" alt=\"\" class=\"wp-image-10296\" srcset=\"https:\/\/alcaldiaalbertoadriani.com\/wp-content\/uploads\/2025\/03\/photo_5062131606088692173_y-1024x768.jpg 1024w, https:\/\/alcaldiaalbertoadriani.com\/wp-content\/uploads\/2025\/03\/photo_5062131606088692173_y-980x735.jpg 980w, https:\/\/alcaldiaalbertoadriani.com\/wp-content\/uploads\/2025\/03\/photo_5062131606088692173_y-480x360.jpg 480w\" sizes=\"auto, (min-width: 0px) and (max-width: 480px) 480px, (min-width: 481px) and (max-width: 980px) 980px, (min-width: 981px) 1024px, 100vw\" \/><\/figure>\n\n\n\n<figure class=\"wp-block-image size-large\"><img loading=\"lazy\" decoding=\"async\" width=\"1024\" height=\"768\" data-id=\"10298\" src=\"https:\/\/alcaldiaalbertoadriani.com\/wp-content\/uploads\/2025\/03\/photo_5062131606088692174_y-1024x768.jpg\" alt=\"\" class=\"wp-image-10298\" srcset=\"https:\/\/alcaldiaalbertoadriani.com\/wp-content\/uploads\/2025\/03\/photo_5062131606088692174_y-1024x768.jpg 1024w, https:\/\/alcaldiaalbertoadriani.com\/wp-content\/uploads\/2025\/03\/photo_5062131606088692174_y-980x735.jpg 980w, https:\/\/alcaldiaalbertoadriani.com\/wp-content\/uploads\/2025\/03\/photo_5062131606088692174_y-480x360.jpg 480w\" sizes=\"auto, (min-width: 0px) and (max-width: 480px) 480px, (min-width: 481px) and (max-width: 980px) 980px, (min-width: 981px) 1024px, 100vw\" \/><\/figure>\n\n\n\n<figure class=\"wp-block-image size-large\"><img loading=\"lazy\" decoding=\"async\" width=\"800\" height=\"600\" data-id=\"10295\" src=\"https:\/\/alcaldiaalbertoadriani.com\/wp-content\/uploads\/2025\/03\/photo_5062131606088692175_x.jpg\" alt=\"\" class=\"wp-image-10295\" srcset=\"https:\/\/alcaldiaalbertoadriani.com\/wp-content\/uploads\/2025\/03\/photo_5062131606088692175_x.jpg 800w, https:\/\/alcaldiaalbertoadriani.com\/wp-content\/uploads\/2025\/03\/photo_5062131606088692175_x-480x360.jpg 480w\" sizes=\"auto, (min-width: 0px) and (max-width: 480px) 480px, (min-width: 481px) 800px, 100vw\" \/><\/figure>\n\n\n\n<figure class=\"wp-block-image size-large\"><img loading=\"lazy\" decoding=\"async\" width=\"1024\" height=\"768\" data-id=\"10301\" src=\"https:\/\/alcaldiaalbertoadriani.com\/wp-content\/uploads\/2025\/03\/photo_5062131606088692176_y-1024x768.jpg\" alt=\"\" class=\"wp-image-10301\" srcset=\"https:\/\/alcaldiaalbertoadriani.com\/wp-content\/uploads\/2025\/03\/photo_5062131606088692176_y-1024x768.jpg 1024w, https:\/\/alcaldiaalbertoadriani.com\/wp-content\/uploads\/2025\/03\/photo_5062131606088692176_y-980x735.jpg 980w, https:\/\/alcaldiaalbertoadriani.com\/wp-content\/uploads\/2025\/03\/photo_5062131606088692176_y-480x360.jpg 480w\" sizes=\"auto, (min-width: 0px) and (max-width: 480px) 480px, (min-width: 481px) and (max-width: 980px) 980px, (min-width: 981px) 1024px, 100vw\" \/><\/figure>\n\n\n\n<figure class=\"wp-block-image size-large\"><img loading=\"lazy\" decoding=\"async\" width=\"1024\" height=\"768\" data-id=\"10300\" src=\"https:\/\/alcaldiaalbertoadriani.com\/wp-content\/uploads\/2025\/03\/photo_5062131606088692177_y-1024x768.jpg\" alt=\"\" class=\"wp-image-10300\" srcset=\"https:\/\/alcaldiaalbertoadriani.com\/wp-content\/uploads\/2025\/03\/photo_5062131606088692177_y-1024x768.jpg 1024w, https:\/\/alcaldiaalbertoadriani.com\/wp-content\/uploads\/2025\/03\/photo_5062131606088692177_y-980x735.jpg 980w, https:\/\/alcaldiaalbertoadriani.com\/wp-content\/uploads\/2025\/03\/photo_5062131606088692177_y-480x360.jpg 480w\" sizes=\"auto, (min-width: 0px) and (max-width: 480px) 480px, (min-width: 481px) and (max-width: 980px) 980px, (min-width: 981px) 1024px, 100vw\" \/><\/figure>\n<\/figure>\n\n\n\n<figure class=\"wp-block-gallery has-nested-images columns-default is-cropped wp-block-gallery-7 is-layout-flex wp-block-gallery-is-layout-flex\">\n<figure class=\"wp-block-image\"><img decoding=\"async\" src=\"blob:https:\/\/alcaldiaalbertoadriani.com\/ab5ac6b8-6c7e-4e5c-a75a-5c80dbb8ecf2\" alt=\"\"\/><\/figure>\n\n\n\n<figure class=\"wp-block-image\"><img decoding=\"async\" src=\"blob:https:\/\/alcaldiaalbertoadriani.com\/fb1b7368-f398-4bb6-b33c-7269ff99997a\" alt=\"\"\/><\/figure>\n\n\n\n<figure class=\"wp-block-image\"><img decoding=\"async\" src=\"blob:https:\/\/alcaldiaalbertoadriani.com\/4da11a49-911f-47d1-9c0e-38aa458a886e\" alt=\"\"\/><\/figure>\n\n\n\n<figure class=\"wp-block-image\"><img decoding=\"async\" src=\"blob:https:\/\/alcaldiaalbertoadriani.com\/10c140b5-4db5-4ecf-a551-b4527e93b024\" alt=\"\"\/><\/figure>\n<\/figure>\n","protected":false},"excerpt":{"rendered":"<p>El Gobierno del alcalde Lisandro Segura a trav\u00e9s del Instituto Aut\u00f3nomo Municipal de la Cultura, realiz\u00f3 exitosamente el Desfile de Carnaval El Vig\u00eda 2025. El evento estuvo acompa\u00f1ado por el [&hellip;]<\/p>\n","protected":false},"author":2,"featured_media":10292,"comment_status":"open","ping_status":"closed","sticky":false,"template":"","format":"standard","meta":{"_et_pb_use_builder":"off","_et_pb_old_content":"","_et_gb_content_width":"","footnotes":""},"categories":[341,78,77,25],"tags":[31,11,12,15,761,30,29,28,1021],"class_list":["post-10291","post","type-post","status-publish","format-standard","has-post-thumbnail","hentry","category-alcaldia-alberto-adriani","category-cultura","category-iamcaa","category-nuestro-municipio","tag-alcalde","tag-alcaldia","tag-alcaldiaalbertoadriani","tag-elvigia","tag-encrucijadadeprogreso","tag-lisandrosegura","tag-municipioquenosmerecemos","tag-porelrenacer","tag-con-colorido-y-alegria-el-vigia-celebro-gran-desfile-de-carnaval"],"yoast_head":"<!-- This site is optimized with the Yoast SEO plugin v19.13 - https:\/\/yoast.com\/wordpress\/plugins\/seo\/ -->\n<title>Con colorido y alegr\u00eda El Vig\u00eda celebr\u00f3 gran Desfile de Carnaval<\/title>\n<meta name=\"description\" content=\"Con colorido y alegr\u00eda El Vig\u00eda celebr\u00f3 gran Desfile de Carnaval 2025, el evento estuvo acompa\u00f1ado por el alcalde Lisandro Segura\" \/>\n<meta name=\"robots\" content=\"index, follow, max-snippet:-1, max-image-preview:large, max-video-preview:-1\" \/>\n<link rel=\"canonical\" href=\"https:\/\/alcaldiaalbertoadriani.com\/?p=10291\" \/>\n<meta property=\"og:locale\" content=\"es_ES\" \/>\n<meta property=\"og:type\" content=\"article\" \/>\n<meta property=\"og:title\" content=\"Con colorido y alegr\u00eda El Vig\u00eda celebr\u00f3 gran Desfile de Carnaval\" \/>\n<meta property=\"og:description\" content=\"Con colorido y alegr\u00eda El Vig\u00eda celebr\u00f3 gran Desfile de Carnaval 2025, el evento estuvo acompa\u00f1ado por el alcalde Lisandro Segura\" \/>\n<meta property=\"og:url\" content=\"https:\/\/alcaldiaalbertoadriani.com\/?p=10291\" \/>\n<meta property=\"og:site_name\" content=\"Alcaldia Alberto Adriani\" \/>\n<meta property=\"article:published_time\" content=\"2025-03-07T16:13:12+00:00\" \/>\n<meta property=\"article:modified_time\" content=\"2025-03-07T16:13:24+00:00\" \/>\n<meta property=\"og:image\" content=\"https:\/\/alcaldiaalbertoadriani.com\/wp-content\/uploads\/2025\/03\/photo_5062131606088692169_y.jpg\" \/>\n\t<meta property=\"og:image:width\" content=\"1280\" \/>\n\t<meta property=\"og:image:height\" content=\"960\" \/>\n\t<meta property=\"og:image:type\" content=\"image\/jpeg\" \/>\n<meta name=\"author\" content=\"Prensa\" \/>\n<meta name=\"twitter:card\" content=\"summary_large_image\" \/>\n<meta name=\"twitter:label1\" content=\"Escrito por\" \/>\n\t<meta name=\"twitter:data1\" content=\"Prensa\" \/>\n\t<meta name=\"twitter:label2\" content=\"Tiempo de lectura\" \/>\n\t<meta name=\"twitter:data2\" content=\"5 minutos\" \/>\n<script type=\"application\/ld+json\" class=\"yoast-schema-graph\">{\"@context\":\"https:\/\/schema.org\",\"@graph\":[{\"@type\":\"WebPage\",\"@id\":\"https:\/\/alcaldiaalbertoadriani.com\/?p=10291\",\"url\":\"https:\/\/alcaldiaalbertoadriani.com\/?p=10291\",\"name\":\"Con colorido y alegr\u00eda El Vig\u00eda celebr\u00f3 gran Desfile de Carnaval\",\"isPartOf\":{\"@id\":\"https:\/\/alcaldiaalbertoadriani.com\/#website\"},\"datePublished\":\"2025-03-07T16:13:12+00:00\",\"dateModified\":\"2025-03-07T16:13:24+00:00\",\"author\":{\"@id\":\"https:\/\/alcaldiaalbertoadriani.com\/#\/schema\/person\/549b4483ff8999ac780deeea78795fc9\"},\"description\":\"Con colorido y alegr\u00eda El Vig\u00eda celebr\u00f3 gran Desfile de Carnaval 2025, el evento estuvo acompa\u00f1ado por el alcalde Lisandro Segura\",\"breadcrumb\":{\"@id\":\"https:\/\/alcaldiaalbertoadriani.com\/?p=10291#breadcrumb\"},\"inLanguage\":\"es\",\"potentialAction\":[{\"@type\":\"ReadAction\",\"target\":[\"https:\/\/alcaldiaalbertoadriani.com\/?p=10291\"]}]},{\"@type\":\"BreadcrumbList\",\"@id\":\"https:\/\/alcaldiaalbertoadriani.com\/?p=10291#breadcrumb\",\"itemListElement\":[{\"@type\":\"ListItem\",\"position\":1,\"name\":\"Portada\",\"item\":\"https:\/\/alcaldiaalbertoadriani.com\/\"},{\"@type\":\"ListItem\",\"position\":2,\"name\":\"Con colorido y alegr\u00eda El Vig\u00eda celebr\u00f3 gran Desfile de Carnaval 2025\"}]},{\"@type\":\"WebSite\",\"@id\":\"https:\/\/alcaldiaalbertoadriani.com\/#website\",\"url\":\"https:\/\/alcaldiaalbertoadriani.com\/\",\"name\":\"Alcaldia Alberto Adriani\",\"description\":\"\",\"potentialAction\":[{\"@type\":\"SearchAction\",\"target\":{\"@type\":\"EntryPoint\",\"urlTemplate\":\"https:\/\/alcaldiaalbertoadriani.com\/?s={search_term_string}\"},\"query-input\":\"required name=search_term_string\"}],\"inLanguage\":\"es\"},{\"@type\":\"Person\",\"@id\":\"https:\/\/alcaldiaalbertoadriani.com\/#\/schema\/person\/549b4483ff8999ac780deeea78795fc9\",\"name\":\"Prensa\",\"image\":{\"@type\":\"ImageObject\",\"inLanguage\":\"es\",\"@id\":\"https:\/\/alcaldiaalbertoadriani.com\/#\/schema\/person\/image\/\",\"url\":\"https:\/\/secure.gravatar.com\/avatar\/ea1cb567ea992a29627f4eee1c2eb185ec16decec6342d508fdf18dedb56c9de?s=96&d=mm&r=g\",\"contentUrl\":\"https:\/\/secure.gravatar.com\/avatar\/ea1cb567ea992a29627f4eee1c2eb185ec16decec6342d508fdf18dedb56c9de?s=96&d=mm&r=g\",\"caption\":\"Prensa\"},\"url\":\"https:\/\/alcaldiaalbertoadriani.com\/?author=2\"}]}<\/script>\n<!-- \/ Yoast SEO plugin. -->","yoast_head_json":{"title":"Con colorido y alegr\u00eda El Vig\u00eda celebr\u00f3 gran Desfile de Carnaval","description":"Con colorido y alegr\u00eda El Vig\u00eda celebr\u00f3 gran Desfile de Carnaval 2025, el evento estuvo acompa\u00f1ado por el alcalde Lisandro Segura","robots":{"index":"index","follow":"follow","max-snippet":"max-snippet:-1","max-image-preview":"max-image-preview:large","max-video-preview":"max-video-preview:-1"},"canonical":"https:\/\/alcaldiaalbertoadriani.com\/?p=10291","og_locale":"es_ES","og_type":"article","og_title":"Con colorido y alegr\u00eda El Vig\u00eda celebr\u00f3 gran Desfile de Carnaval","og_description":"Con colorido y alegr\u00eda El Vig\u00eda celebr\u00f3 gran Desfile de Carnaval 2025, el evento estuvo acompa\u00f1ado por el alcalde Lisandro Segura","og_url":"https:\/\/alcaldiaalbertoadriani.com\/?p=10291","og_site_name":"Alcaldia Alberto Adriani","article_published_time":"2025-03-07T16:13:12+00:00","article_modified_time":"2025-03-07T16:13:24+00:00","og_image":[{"width":1280,"height":960,"url":"https:\/\/alcaldiaalbertoadriani.com\/wp-content\/uploads\/2025\/03\/photo_5062131606088692169_y.jpg","type":"image\/jpeg"}],"author":"Prensa","twitter_card":"summary_large_image","twitter_misc":{"Escrito por":"Prensa","Tiempo de lectura":"5 minutos"},"schema":{"@context":"https:\/\/schema.org","@graph":[{"@type":"WebPage","@id":"https:\/\/alcaldiaalbertoadriani.com\/?p=10291","url":"https:\/\/alcaldiaalbertoadriani.com\/?p=10291","name":"Con colorido y alegr\u00eda El Vig\u00eda celebr\u00f3 gran Desfile de Carnaval","isPartOf":{"@id":"https:\/\/alcaldiaalbertoadriani.com\/#website"},"datePublished":"2025-03-07T16:13:12+00:00","dateModified":"2025-03-07T16:13:24+00:00","author":{"@id":"https:\/\/alcaldiaalbertoadriani.com\/#\/schema\/person\/549b4483ff8999ac780deeea78795fc9"},"description":"Con colorido y alegr\u00eda El Vig\u00eda celebr\u00f3 gran Desfile de Carnaval 2025, el evento estuvo acompa\u00f1ado por el alcalde Lisandro Segura","breadcrumb":{"@id":"https:\/\/alcaldiaalbertoadriani.com\/?p=10291#breadcrumb"},"inLanguage":"es","potentialAction":[{"@type":"ReadAction","target":["https:\/\/alcaldiaalbertoadriani.com\/?p=10291"]}]},{"@type":"BreadcrumbList","@id":"https:\/\/alcaldiaalbertoadriani.com\/?p=10291#breadcrumb","itemListElement":[{"@type":"ListItem","position":1,"name":"Portada","item":"https:\/\/alcaldiaalbertoadriani.com\/"},{"@type":"ListItem","position":2,"name":"Con colorido y alegr\u00eda El Vig\u00eda celebr\u00f3 gran Desfile de Carnaval 2025"}]},{"@type":"WebSite","@id":"https:\/\/alcaldiaalbertoadriani.com\/#website","url":"https:\/\/alcaldiaalbertoadriani.com\/","name":"Alcaldia Alberto Adriani","description":"","potentialAction":[{"@type":"SearchAction","target":{"@type":"EntryPoint","urlTemplate":"https:\/\/alcaldiaalbertoadriani.com\/?s={search_term_string}"},"query-input":"required name=search_term_string"}],"inLanguage":"es"},{"@type":"Person","@id":"https:\/\/alcaldiaalbertoadriani.com\/#\/schema\/person\/549b4483ff8999ac780deeea78795fc9","name":"Prensa","image":{"@type":"ImageObject","inLanguage":"es","@id":"https:\/\/alcaldiaalbertoadriani.com\/#\/schema\/person\/image\/","url":"https:\/\/secure.gravatar.com\/avatar\/ea1cb567ea992a29627f4eee1c2eb185ec16decec6342d508fdf18dedb56c9de?s=96&d=mm&r=g","contentUrl":"https:\/\/secure.gravatar.com\/avatar\/ea1cb567ea992a29627f4eee1c2eb185ec16decec6342d508fdf18dedb56c9de?s=96&d=mm&r=g","caption":"Prensa"},"url":"https:\/\/alcaldiaalbertoadriani.com\/?author=2"}]}},"_links":{"self":[{"href":"https:\/\/alcaldiaalbertoadriani.com\/index.php?rest_route=\/wp\/v2\/posts\/10291","targetHints":{"allow":["GET"]}}],"collection":[{"href":"https:\/\/alcaldiaalbertoadriani.com\/index.php?rest_route=\/wp\/v2\/posts"}],"about":[{"href":"https:\/\/alcaldiaalbertoadriani.com\/index.php?rest_route=\/wp\/v2\/types\/post"}],"author":[{"embeddable":true,"href":"https:\/\/alcaldiaalbertoadriani.com\/index.php?rest_route=\/wp\/v2\/users\/2"}],"replies":[{"embeddable":true,"href":"https:\/\/alcaldiaalbertoadriani.com\/index.php?rest_route=%2Fwp%2Fv2%2Fcomments&post=10291"}],"version-history":[{"count":1,"href":"https:\/\/alcaldiaalbertoadriani.com\/index.php?rest_route=\/wp\/v2\/posts\/10291\/revisions"}],"predecessor-version":[{"id":10308,"href":"https:\/\/alcaldiaalbertoadriani.com\/index.php?rest_route=\/wp\/v2\/posts\/10291\/revisions\/10308"}],"wp:featuredmedia":[{"embeddable":true,"href":"https:\/\/alcaldiaalbertoadriani.com\/index.php?rest_route=\/wp\/v2\/media\/10292"}],"wp:attachment":[{"href":"https:\/\/alcaldiaalbertoadriani.com\/index.php?rest_route=%2Fwp%2Fv2%2Fmedia&parent=10291"}],"wp:term":[{"taxonomy":"category","embeddable":true,"href":"https:\/\/alcaldiaalbertoadriani.com\/index.php?rest_route=%2Fwp%2Fv2%2Fcategories&post=10291"},{"taxonomy":"post_tag","embeddable":true,"href":"https:\/\/alcaldiaalbertoadriani.com\/index.php?rest_route=%2Fwp%2Fv2%2Ftags&post=10291"}],"curies":[{"name":"wp","href":"https:\/\/api.w.org\/{rel}","templated":true}]}}